{"id":71551,"date":"2025-10-27T21:49:09","date_gmt":"2025-10-27T21:49:09","guid":{"rendered":"https:\/\/www.europesays.com\/pl\/71551\/"},"modified":"2025-10-27T21:49:09","modified_gmt":"2025-10-27T21:49:09","slug":"polacy-zapytani-o-ocene-rzadu-maja-lepsze-zdanie-niz-przed-miesiacem-sondaz","status":"publish","type":"post","link":"https:\/\/www.europesays.com\/pl\/71551\/","title":{"rendered":"Polacy zapytani o ocen\u0119 rz\u0105du. Maj\u0105 lepsze zdanie ni\u017c przed miesi\u0105cem [SONDA\u017b]"},"content":{"rendered":"<ul class=\"UnorderedList_container__nmfSl\">\n<li class=\"UnorderedList_listElement__Py7xi\" data-id=\"ai-summary-link\">Du\u017co czytania, a ma\u0142o czasu? Sprawd\u017a\u00a0skr\u00f3t\u00a0artyku\u0142u<\/li>\n<\/ul>\n<p class=\"Paragraph_desktopParagraph__U31Gm\">Z badania CBOS wynika, \u017ce w pa\u017adzierniku opinie na temat rz\u0105dz\u0105cego gabinetu wygl\u0105daj\u0105 nieco korzystniej ni\u017c we wrze\u015bniu. Rz\u0105d popiera 31 proc. badanych (wzrost o 2 pkt proc.), a 45 proc. go nie popiera (spadek o 1 pkt proc.). Jedna pi\u0105ta ankietowanych deklaruje wobec rz\u0105du oboj\u0119tno\u015b\u0107 (20 proc., bez zmian). Obecny poziom poparcia dla rz\u0105du nie odbiega od \u015bredniej notowanej w ostatnim p\u00f3\u0142roczu.<\/p>\n<p class=\"Paragraph_desktopParagraph__U31Gm\">W stosunku do wrze\u015bnia poprawi\u0142y si\u0119 <a href=\"https:\/\/wiadomosci.onet.pl\/kraj\/donald-tusk-ma-powazny-problem-rzad-udlawil-sie-obietnicami-sondaz\/4m2w5c9\" id=\"4ae48fe1-ffea-4c28-bec1-e3eb53c1d5d8\" rel=\"nofollow noopener\" target=\"_blank\">oceny wynik\u00f3w dzia\u0142alno\u015bci rz\u0105du<\/a>. Zwi\u0119kszy\u0142 si\u0119 odsetek ocen pozytywnych (35 proc., wzrost o 3 pkt proc.), bez zmian pozosta\u0142 natomiast udzia\u0142 opinii negatywnych \u2014 ponad po\u0142owa badanych (55 proc.) ma krytyczne zdanie o pracy urz\u0119duj\u0105cego gabinetu.<\/p>\n<p class=\"VideoPlayerText_videoPlayerText__iDwyz\">Dalszy ci\u0105g materia\u0142u pod wideo<\/p>\n<ul class=\"OchatFollowUps_wrapper__1ry7X\">\n<li class=\"OchatFollowUps_item__Dhyly OchatFollowUps_itemDesktop__R6aBv\">Jakie jest obecne poparcie dla rz\u0105du Donalda Tuska?<\/li>\n<li class=\"OchatFollowUps_item__Dhyly OchatFollowUps_itemDesktop__R6aBv\">Ile os\u00f3b wyra\u017ca oboj\u0119tno\u015b\u0107 wobec rz\u0105du?<\/li>\n<li class=\"OchatFollowUps_item__Dhyly OchatFollowUps_itemDesktop__R6aBv\">Jakie oceny zyska\u0142a polityka gospodarcza rz\u0105du?<\/li>\n<li class=\"OchatFollowUps_item__Dhyly OchatFollowUps_itemDesktop__R6aBv\">Jak zmieni\u0142y si\u0119 opinie o Donaldzie Tusku w ostatnim czasie?<\/li>\n<\/ul>\n<p class=\"Paragraph_desktopParagraph__U31Gm\">Bior\u0105c pod uwag\u0119 identyfikacj\u0119 partyjn\u0105, najlepsze zdanie o dokonaniach rz\u0105du maj\u0105 potencjalni wyborcy Koalicji Obywatelskiej (86 proc.), pozytywn\u0105 ocen\u0119 wystawia mu te\u017c ponad po\u0142owa sympatyk\u00f3w Lewicy (58 proc.) i Polskiego Stronnictwa Ludowego (51 proc.).<\/p>\n<p class=\"Paragraph_desktopParagraph__U31Gm\">Negatywne opinie wyrazili zwolennicy Polski 2050 (47 proc. ocen z\u0142ych wobec 38 proc. dobrych). Podobnie wypowiedzieli si\u0119 wyborcy partii Razem \u2014 w wi\u0119kszo\u015bci (58 proc.) s\u0105 krytyczni. Najgorzej dotychczasowe dokonania rz\u0105du oceniaj\u0105 wyborcy Konfederacji Korony Polskiej (94 proc.), Konfederacji WiN (91 proc.) oraz Prawa i Sprawiedliwo\u015bci (86 proc.).<\/p>\n<p class=\"Paragraph_desktopParagraph__U31Gm\">W\u015br\u00f3d wyborc\u00f3w niezdecydowanych tak\u017ce przewa\u017caj\u0105 negatywne opinie \u2014 ponad po\u0142ow\u0119 (56 proc.) stanowi\u0105 g\u0142osy krytyczne, za\u015b wi\u0119cej ni\u017c co czwarty z tej grupy respondent\u00f3w aprobuje dotychczasowe dzia\u0142ania rz\u0105du (27 proc.).<\/p>\n<p class=\"Paragraph_desktopParagraph__U31Gm\">Jak wynika z badania, ponad po\u0142owa doros\u0142ych Polak\u00f3w (52 proc., wzrost o 1 pkt proc.) krytycznie wyra\u017ca si\u0119 o polityce gospodarczej rz\u0105du. Pozytywne zdanie o aktywno\u015bci rz\u0105du w dziedzinie gospodarki ma ponad jedna trzecia ankietowanych (36 proc., bez zmian).<\/p>\n<p class=\"Paragraph_desktopParagraph__U31Gm\">CBOS zauwa\u017ca, \u017ce w pa\u017adzierniku nieznacznie przyby\u0142o kontrowersji w spo\u0142ecznym odbiorze premiera. Zadowolenie z faktu, \u017ce Donald Tusk sprawuje funkcj\u0119 szefa rz\u0105du, deklaruje jedna trzecia badanych (33 proc., wzrost o 1 pkt proc.). Jednocze\u015bnie <a href=\"https:\/\/wiadomosci.onet.pl\/kraj\/czy-donald-tusk-powinien-przestac-byc-premierem-polacy-odpowiedzieli-sondaz\/t7xtsvz\" id=\"20a17f6e-ed96-4468-b936-cb556ea8eea5\" rel=\"nofollow noopener\" target=\"_blank\">przyby\u0142o os\u00f3b, kt\u00f3re nie s\u0105 z tego zadowolone<\/a> (57 proc., wzrost o 2 pkt proc.).<\/p>\n<p class=\"Paragraph_desktopParagraph__U31Gm\">Badanie zrealizowano od 2 do 13 pa\u017adziernika 2025 r. na pr\u00f3bie licz\u0105cej 901 os\u00f3b (w tym: 61,2 proc. metod\u0105 CAPI, 22,5 proc. \u2014 CATI i 16,3 proc. \u2014 CAWI).<\/p>\n","protected":false},"excerpt":{"rendered":"Du\u017co czytania, a ma\u0142o czasu? Sprawd\u017a\u00a0skr\u00f3t\u00a0artyku\u0142u Z badania CBOS wynika, \u017ce w pa\u017adzierniku opinie na temat rz\u0105dz\u0105cego gabinetu&hellip;\n","protected":false},"author":2,"featured_media":71552,"comment_status":"","ping_status":"","sticky":false,"template":"","format":"standard","meta":{"footnotes":""},"categories":[12],"tags":[32,33,200,36,37,27,67,34,35,28,31,53,25,52,68,51,55,42,38,40,39,41,380,47,1129,16429,29,30,65,50,26],"class_list":{"0":"post-71551","1":"post","2":"type-post","3":"status-publish","4":"format-standard","5":"has-post-thumbnail","7":"category-polska","8":"tag-breaking-news","9":"tag-breakingnews","10":"tag-donald_tusk_polityk","11":"tag-featured-news","12":"tag-featurednews","13":"tag-headlines","14":"tag-intextvideo_splayer","15":"tag-latest-news","16":"tag-latestnews","17":"tag-naglowki","18":"tag-najwazniejsze-artykuly","19":"tag-new_header","20":"tag-news","21":"tag-onet3","22":"tag-onet3d","23":"tag-onet3d_2i","24":"tag-phx","25":"tag-pl","26":"tag-poland","27":"tag-polish","28":"tag-polska","29":"tag-polski","30":"tag-rzad","31":"tag-screening_general","32":"tag-sondaze_sondaz","33":"tag-tooltip_piano_tst1","34":"tag-top-stories","35":"tag-topstories","36":"tag-update_me","37":"tag-v2021","38":"tag-wiadomosci"},"share_on_mastodon":{"url":"https:\/\/pubeurope.com\/@pl\/115448339707568043","error":""},"_links":{"self":[{"href":"https:\/\/www.europesays.com\/pl\/wp-json\/wp\/v2\/posts\/71551","targetHints":{"allow":["GET"]}}],"collection":[{"href":"https:\/\/www.europesays.com\/pl\/wp-json\/wp\/v2\/posts"}],"about":[{"href":"https:\/\/www.europesays.com\/pl\/wp-json\/wp\/v2\/types\/post"}],"author":[{"embeddable":true,"href":"https:\/\/www.europesays.com\/pl\/wp-json\/wp\/v2\/users\/2"}],"replies":[{"embeddable":true,"href":"https:\/\/www.europesays.com\/pl\/wp-json\/wp\/v2\/comments?post=71551"}],"version-history":[{"count":0,"href":"https:\/\/www.europesays.com\/pl\/wp-json\/wp\/v2\/posts\/71551\/revisions"}],"wp:featuredmedia":[{"embeddable":true,"href":"https:\/\/www.europesays.com\/pl\/wp-json\/wp\/v2\/media\/71552"}],"wp:attachment":[{"href":"https:\/\/www.europesays.com\/pl\/wp-json\/wp\/v2\/media?parent=71551"}],"wp:term":[{"taxonomy":"category","embeddable":true,"href":"https:\/\/www.europesays.com\/pl\/wp-json\/wp\/v2\/categories?post=71551"},{"taxonomy":"post_tag","embeddable":true,"href":"https:\/\/www.europesays.com\/pl\/wp-json\/wp\/v2\/tags?post=71551"}],"curies":[{"name":"wp","href":"https:\/\/api.w.org\/{rel}","templated":true}]}}