{"id":71860,"date":"2025-10-28T07:04:08","date_gmt":"2025-10-28T07:04:08","guid":{"rendered":"https:\/\/www.europesays.com\/pl\/71860\/"},"modified":"2025-10-28T07:04:08","modified_gmt":"2025-10-28T07:04:08","slug":"portugalczykom-brakuje-slow-ws-bednarka-i-kiwiora-mistrz-pilka-nozna","status":"publish","type":"post","link":"https:\/\/www.europesays.com\/pl\/71860\/","title":{"rendered":"Portugalczykom brakuje s\u0142\u00f3w ws. Bednarka i Kiwiora. 'Mistrz&#8217; Pi\u0142ka no\u017cna"},"content":{"rendered":"<p class=\"art_paragraph\"><a href=\"https:\/\/www.sport.pl\/jan-bednarek#anchorLink\" rel=\"nofollow noopener\" target=\"_blank\">Jan Bednarek<\/a> i <a href=\"https:\/\/www.sport.pl\/jakub-kiwior#anchorLink\" rel=\"nofollow noopener\" target=\"_blank\">Jakub Kiwior<\/a> zmienili klubowe barwy tego lata. Obaj do\u0142\u0105czyli do FC Porto i z miejsca stali si\u0119 podpor\u0105 defensywy. Niemal w ka\u017cdym spotkaniu tworz\u0105 duet \u015brodkowych obro\u0144c\u00f3w i zbieraj\u0105 sporo pochwa\u0142. Te szczeg\u00f3lnie p\u0142yn\u0105 pod adresem Kiwiora. Nie inaczej by\u0142o w poniedzia\u0142kowy wiecz\u00f3r. Tego dnia <a href=\"https:\/\/www.sport.pl\/pilka\/7,64946,29986227,buduja-druga-barcelone-legendarna-ekipa-w-jednym-miejscu.html#anchorLink\" rel=\"nofollow noopener\" target=\"_blank\">ekipa<\/a> naszych rodak\u00f3w gra\u0142a na wyje\u017adzie z\u00a0Moreirense. <a href=\"https:\/\/www.sport.pl\/pilka\/7,64946,32357951,bednarek-i-kiwior-znow-to-zrobili-polak-najlepszy-na-boisku.html\" class=\"art_link\" rel=\"dofollow noopener\" target=\"_blank\">Wywi\u0105za\u0142a si\u0119 z roli faworyta i triumfowa\u0142a 2:1<\/a>. Co wi\u0119cej, asyst\u0119 przy zwyci\u0119skim golu zanotowa\u0142 Kiwior. Dla Bednarka by\u0142 to nieco mniej udany wyst\u0119p. Mia\u0142 udzia\u0142 przy stracie bramki, bo to od niego odbi\u0142a si\u0119 pi\u0142ka, kt\u00f3r\u0105 blokowa\u0142 i zmyli\u0142a bramkarza.<\/p>\n<p>\n    Zobacz wideo Krychowiak w takiej lidze jeszcze nie gra\u0142. &#8222;Wiesz, co zrobi\u0142e\u015b?&#8221;\n  <\/p>\n<p> Jakub Kiwior najlepszy! Jan Bednarek r\u00f3wnie\u017c w czo\u0142\u00f3wce. Oto oceny Polak\u00f3w po meczu<\/p>\n<p class=\"art_paragraph\">Po <a href=\"https:\/\/www.sport.pl\/mecze#anchorLink\" rel=\"nofollow noopener\" target=\"_blank\">meczu<\/a> Polacy zostali docenieni. Ba, wed\u0142ug statystycznych portali whoscored.com i flashscore.com. Kiwior by\u0142 najlepszym zawodnikiem tego spotkania.\u00a0W pierwszym przypadku otrzyma\u0142\u00a0not\u0119 &#8222;7,6&#8221; w 10-stopniowej skali, a drugie a\u017c &#8222;8,4&#8221;.\u00a0Nikt nie m\u00f3g\u0142 liczy\u0107 na lepsz\u0105 ocen\u0119. Najlepszym pi\u0142karzem FC Porto, ale nie ca\u0142ego meczu, nasz rodak zosta\u0142 uznany\u00a0przez sofacore.com. Oceniono go na &#8222;7,5&#8221;. Najwy\u017csz\u0105 not\u0119 przypisano z kolei bramkarzowi rywali. Na nieco ni\u017csze oceny m\u00f3g\u0142 liczy\u0107 Bednarek, cho\u0107 i jego wyst\u0119p uznano za solidny. Pierwszy z portali wystawi\u0142 mu &#8222;7,3&#8221;, co by\u0142o drug\u0105 najwy\u017csz\u0105 not\u0105, zaraz po Kiwiorze, a drugi portal &#8222;7,5&#8221;. Z kolei portal sofascore.com przyzna\u0142 mu na &#8222;7,3&#8221;.<\/p>\n<p class=\"art_paragraph\">A co do powiedzenia w sprawie gry Polak\u00f3w mia\u0142y portugalskie media? &#8222;Mia\u0142 znacznie mniej pracy w \u015brodku defensywy ni\u017c jego rodak. Przeszed\u0142 na lew\u0105 obron\u0119, gdy Prpi\u0107 zast\u0105pi\u0142 Francisco Mour\u0119 i nie pozwoli\u0142 na \u017cadne gro\u017ane zagrania po swojej stronie&#8221; &#8211; tak o Kiwiorze pisa\u0142a &#8222;A Bola&#8221;. Dziennikarze wystawili Polakowi &#8222;6&#8221;, ale nie by\u0142a to najwy\u017csza ocena. Wy\u017csz\u0105 otrzyma\u0142 Deniz Gul, zdobywca decyduj\u0105cej bramki w tym spotkaniu &#8211; &#8222;7&#8221;. Tak\u0105 sam\u0105 not\u0119 co Kiwior otrzyma\u0142 Bednarek. Medium oceni\u0142o, \u017ce Polak przy straconej bramce wiele nie m\u00f3g\u0142 zrobi\u0107. Dziennikarze stwierdzili jednak, \u017ce &#8222;Bednarek zmyli\u0142 bramkarza, bo odbi\u0142 strza\u0142\u00a0Alanzinho, pi\u0142ka potoczy\u0142a si\u0119 idealnie, nie daj\u0105c szans golkiperowi na unikni\u0119cie straty gola&#8221;. &#8222;Niecelne wybicia doprowadzi\u0142y do straty gola, ale wiele w tej sytuacji zrobi\u0107 nie m\u00f3g\u0142. Poza tym, jak zwykle imponuj\u0105ce jest to, \u017ce jest ju\u017c szefem defensywy niebiesko-bia\u0142ych&#8221; &#8211; podkre\u015bla\u0142a redakcja.<\/p>\n<p class=\"art_paragraph\">Zobacz te\u017c: <a href=\"https:\/\/www.sport.pl\/pilka\/7,65039,32358043,tomaszewski-nie-wytrzymal-po-tym-co-zobaczyl-to-byla-toaleta.html\" class=\"art_link\" rel=\"dofollow noopener\" target=\"_blank\">Tomaszewski nie wytrzyma\u0142 po tym, co zobaczy\u0142. &#8222;To by\u0142a toaleta&#8221;<\/a>.\u00a0<\/p>\n<p> Kiwior doceniony. &#8222;Mistrz&#8221;<\/p>\n<p class=\"art_paragraph\">O Polakach &#8211; a w\u0142a\u015bciwie o Kiwiorze &#8211; pisa\u0142 te\u017c portal zerozero.pt. Dziennikarze wybrali dw\u00f3ch pi\u0142karzy FC Porto do analizy ich wyst\u0119pu i w\u015br\u00f3d nich by\u0142 by\u0142y zawodnik Arsenalu. Dlaczego akurat jego? Dziennikarze uznali, \u017ce by\u0142 to najlepszy gracz tego wieczora. &#8222;Mistrz. Praktycznie wyeliminowa\u0142 wszystko, co powinien w obronie, a w ataku pokaza\u0142 \u015bwietn\u0105 gr\u0119 i pojawi\u0142 si\u0119 przy bli\u017cszym s\u0142upku, gdy asystowa\u0142 przy drugiej bramce Porto. Mia\u0142 nawet okazj\u0119 zagra\u0107 na lewej defensywie&#8221; &#8211; czytamy. Dziennikarze dali mu not\u0119 &#8222;8,2&#8221;.\u00a0<\/p>\n<p class=\"art_paragraph\">FC Porto umocni\u0142o si\u0119 na pierwszej lokacie w tabeli <a href=\"https:\/\/www.sport.pl\/pilka\/0,65044.html#anchorLink\" rel=\"nofollow noopener\" target=\"_blank\">ligi<\/a> portugalskiej. Nad drugim Sportingiem ma trzy punkty przewagi. W kolejnym meczu dru\u017cyna Polak\u00f3w zagra z Brag\u0105. Spotkanie zaplanowano na niedziel\u0119 2 listopada na godzin\u0119 21:30.<\/p>\n","protected":false},"excerpt":{"rendered":"Jan Bednarek i Jakub Kiwior zmienili klubowe barwy tego lata. Obaj do\u0142\u0105czyli do FC Porto i z miejsca&hellip;\n","protected":false},"author":2,"featured_media":71861,"comment_status":"","ping_status":"","sticky":false,"template":"","format":"standard","meta":{"footnotes":""},"categories":[24],"tags":[42,38,40,39,41,127,126],"class_list":{"0":"post-71860","1":"post","2":"type-post","3":"status-publish","4":"format-standard","5":"has-post-thumbnail","7":"category-sport","8":"tag-pl","9":"tag-poland","10":"tag-polish","11":"tag-polska","12":"tag-polski","13":"tag-sport","14":"tag-sports"},"share_on_mastodon":{"url":"https:\/\/pubeurope.com\/@pl\/115450522066248308","error":""},"_links":{"self":[{"href":"https:\/\/www.europesays.com\/pl\/wp-json\/wp\/v2\/posts\/71860","targetHints":{"allow":["GET"]}}],"collection":[{"href":"https:\/\/www.europesays.com\/pl\/wp-json\/wp\/v2\/posts"}],"about":[{"href":"https:\/\/www.europesays.com\/pl\/wp-json\/wp\/v2\/types\/post"}],"author":[{"embeddable":true,"href":"https:\/\/www.europesays.com\/pl\/wp-json\/wp\/v2\/users\/2"}],"replies":[{"embeddable":true,"href":"https:\/\/www.europesays.com\/pl\/wp-json\/wp\/v2\/comments?post=71860"}],"version-history":[{"count":0,"href":"https:\/\/www.europesays.com\/pl\/wp-json\/wp\/v2\/posts\/71860\/revisions"}],"wp:featuredmedia":[{"embeddable":true,"href":"https:\/\/www.europesays.com\/pl\/wp-json\/wp\/v2\/media\/71861"}],"wp:attachment":[{"href":"https:\/\/www.europesays.com\/pl\/wp-json\/wp\/v2\/media?parent=71860"}],"wp:term":[{"taxonomy":"category","embeddable":true,"href":"https:\/\/www.europesays.com\/pl\/wp-json\/wp\/v2\/categories?post=71860"},{"taxonomy":"post_tag","embeddable":true,"href":"https:\/\/www.europesays.com\/pl\/wp-json\/wp\/v2\/tags?post=71860"}],"curies":[{"name":"wp","href":"https:\/\/api.w.org\/{rel}","templated":true}]}}