{"id":7249,"date":"2025-09-21T04:57:07","date_gmt":"2025-09-21T04:57:07","guid":{"rendered":"https:\/\/www.europesays.com\/pl\/7249\/"},"modified":"2025-09-21T04:57:07","modified_gmt":"2025-09-21T04:57:07","slug":"aleksandrowa-gdzie-ogladac-final-turnieju-wta-w-seulu-o-ktorej-poczatek","status":"publish","type":"post","link":"https:\/\/www.europesays.com\/pl\/7249\/","title":{"rendered":"Aleksandrowa. Gdzie ogl\u0105da\u0107 fina\u0142 turnieju WTA w Seulu? O kt\u00f3rej pocz\u0105tek?"},"content":{"rendered":"\n<p class=\"contentpart contentpart--default contentpart--text\" data-position=\"0\">WTA Seul. Iga \u015awi\u0105tek &#8211; Jekaterina Aleksandrowa. Czy mecz b\u0119dzie w telewizji? Gdzie ogl\u0105da\u0107?<\/p>\n<p class=\"contentpart contentpart--default contentpart--text\" data-position=\"1\">W niedziel\u0119 (21 wrze\u015bnia) o godz. 10:00 naszego czasu rozpocznie si\u0119 spotkanie fina\u0142owe w ramach turnieju WTA 500 w Seulu. O tytu\u0142 powalcz\u0105\u00a0<a href=\"https:\/\/sportowefakty.wp.pl\/tenis\/iga-swiatek\" rel=\"nofollow noopener\" target=\"_blank\">Iga \u015awi\u0105tek<\/a>\u00a0(WTA 2) i\u00a0<a href=\"https:\/\/sportowefakty.wp.pl\/tenis\/jekaterina-aleksandrowa\" rel=\"nofollow noopener\" target=\"_blank\">Jekaterina Aleksandrowa<\/a>\u00a0(WTA 11). Polka ma z Rosjank\u0105 bilans 5-2 w g\u0142\u00f3wnym cyklu.<\/p>\n<p class=\"contentpart contentpart--default contentpart--text\" data-position=\"2\">Transmisja telewizyjna tej rywalizacji b\u0119dzie dost\u0119pna w Canal+ Sport 2.<\/p>\n<p class=\"contentpart contentpart--default contentpart--text\" data-position=\"3\">Mecz \u015awi\u0105tek &#8211; Aleksandrowa w internecie. Gdzie znale\u017a\u0107 stream online z turnieju WTA 500 w Seulu?<\/p>\n<p class=\"contentpart contentpart--default contentpart--text\" data-position=\"4\">Spotkanie z udzia\u0142em \u015awi\u0105tek i Aleksandrowej dost\u0119pne b\u0119dzie do obejrzenia tak\u017ce w internecie. Transmisj\u0119 mo\u017cna \u015bledzi\u0107 na stronie Canal+ Online. Tekstow\u0105 relacj\u0119 LIVE przeprowadzi portal WP SportoweFakty.<\/p>\n<p class=\"contentpart contentpart--default contentpart--text\" data-position=\"5\"><a href=\"https:\/\/sportowefakty.wp.pl\/tenis\/relacja-na-zywo\/173077\/iga-swiatek-jekaterina-aleksandrowa-live?pvclid=01K5M5C0542NZAAK1D8J72947F\" rel=\"nofollow noopener\" target=\"_blank\">Darmowa relacja LIVE z meczu \u015awi\u0105tek &#8211; Aleksandrowa na portalu WP SportoweFakty<\/a>.<\/p>\n<p class=\"contentpart contentpart--default contentpart--text\" data-position=\"6\">Pocz\u0105tek meczu Iga \u015awi\u0105tek -Jekaterina Aleksandrowa:\u00a0niedziela, 21 wrze\u015bnia, godz. 10:00. Transmisja TV: Canal+ Sport 2. Stream online: Canal+ Online. Relacja LIVE: WP SportoweFakty.<\/p>\n<p class=\"contentpart contentpart--default contentpart--text\" data-position=\"7\">ZOBACZ WIDEO: Polska mistrzyni prze\u017cy\u0142a koszmar. &#8222;M\u00f3j m\u0105\u017c wtedy pierwszy raz zemdla\u0142&#8221;<\/p>\n","protected":false},"excerpt":{"rendered":"WTA Seul. Iga \u015awi\u0105tek &#8211; Jekaterina Aleksandrowa. Czy mecz b\u0119dzie w telewizji? Gdzie ogl\u0105da\u0107? W niedziel\u0119 (21 wrze\u015bnia)&hellip;\n","protected":false},"author":2,"featured_media":7250,"comment_status":"","ping_status":"","sticky":false,"template":"","format":"standard","meta":{"footnotes":"","_share_on_mastodon":"0"},"categories":[24],"tags":[158,3145,965,42,38,40,39,41,755,87,1746,127,126,156,157,1207],"class_list":["post-7249","post","type-post","status-publish","format-standard","has-post-thumbnail","category-sport","tag-iga-swiatek","tag-jekaterina-aleksandrowa","tag-korea-poludniowa","tag-pl","tag-poland","tag-polish","tag-polska","tag-polski","tag-polski-tenis","tag-rosja","tag-seul","tag-sport","tag-sports","tag-tenis","tag-wta","tag-wta-seul"],"share_on_mastodon":{"url":"","error":""},"_links":{"self":[{"href":"https:\/\/www.europesays.com\/pl\/wp-json\/wp\/v2\/posts\/7249","targetHints":{"allow":["GET"]}}],"collection":[{"href":"https:\/\/www.europesays.com\/pl\/wp-json\/wp\/v2\/posts"}],"about":[{"href":"https:\/\/www.europesays.com\/pl\/wp-json\/wp\/v2\/types\/post"}],"author":[{"embeddable":true,"href":"https:\/\/www.europesays.com\/pl\/wp-json\/wp\/v2\/users\/2"}],"replies":[{"embeddable":true,"href":"https:\/\/www.europesays.com\/pl\/wp-json\/wp\/v2\/comments?post=7249"}],"version-history":[{"count":0,"href":"https:\/\/www.europesays.com\/pl\/wp-json\/wp\/v2\/posts\/7249\/revisions"}],"wp:featuredmedia":[{"embeddable":true,"href":"https:\/\/www.europesays.com\/pl\/wp-json\/wp\/v2\/media\/7250"}],"wp:attachment":[{"href":"https:\/\/www.europesays.com\/pl\/wp-json\/wp\/v2\/media?parent=7249"}],"wp:term":[{"taxonomy":"category","embeddable":true,"href":"https:\/\/www.europesays.com\/pl\/wp-json\/wp\/v2\/categories?post=7249"},{"taxonomy":"post_tag","embeddable":true,"href":"https:\/\/www.europesays.com\/pl\/wp-json\/wp\/v2\/tags?post=7249"}],"curies":[{"name":"wp","href":"https:\/\/api.w.org\/{rel}","templated":true}]}}