{"id":72604,"date":"2025-10-28T15:06:08","date_gmt":"2025-10-28T15:06:08","guid":{"rendered":"https:\/\/www.europesays.com\/pl\/72604\/"},"modified":"2025-10-28T15:06:08","modified_gmt":"2025-10-28T15:06:08","slug":"mateusz-damiecki-szczerze-o-zarobkach-za-furioze-nie-snilo-mi-sie-ze-mozna-zarabiac-takie-pieniadze-pudelek-pl","status":"publish","type":"post","link":"https:\/\/www.europesays.com\/pl\/72604\/","title":{"rendered":"Mateusz Dami\u0119cki szczerze o zarobkach za &quot;Furioz\u0119&quot;: &quot;Nie \u015bni\u0142o mi si\u0119, \u017ce mo\u017cna zarabia\u0107 takie pieni\u0105dze&quot; &#8211; pudelek.pl"},"content":{"rendered":"<ol>\n<li><a href=\"https:\/\/news.google.com\/rss\/articles\/CBMi1wFBVV95cUxQeW9Rc1g1VU5HX2VhYjY0S2hsdzRLcmZhaEVUNk1XaktueTZkNkhiT3ZBaThjSzMxRjgza01teEpDWFJ1M1NJY3N1X3ZBdkRMWVZOR3ZGcjBrS0tmb2VnUHA4bTBfUGFjaVhKazdPcWNMSXJWNHlkeTExaVBLVjBPNm04Z2RWQVpoaEVjZFd3UGpVY1J1OHE3bWlGTURpNXBUT3dnOC1nUE1jQWRQd0RxZlZVMnd6c2VtMi1aSmpJZy1idlctVVc2RTZqZVVGcmVua1lFVm5XVQ?oc=5\" target=\"_blank\" rel=\"nofollow noopener\">Mateusz Dami\u0119cki szczerze o zarobkach za &#8222;Furioz\u0119&#8221;: &#8222;Nie \u015bni\u0142o mi si\u0119, \u017ce mo\u017cna zarabia\u0107 takie pieni\u0105dze&#8221;<\/a>&nbsp;&nbsp;pudelek.pl<\/li>\n<li><a href=\"https:\/\/news.google.com\/rss\/articles\/CBMizgFBVV95cUxNUXBZUEhoemljY0RMRXdlbTRZYS1SVTYwcVA4Rmd0MkZLTnZzNHF0NEZpS21zdGdJQ2JJbXVmcnh2RlZlTDg5YkZTNE5HR0haTnVfNWJHMmlhQTQzcktsU2haWGp2SW92dXlsaTRJclJtbTlvY0U4aUlmUGh0RkY3RngtbHhjSS15eEdJanFnUmhzcU5GQWppdUdwZGxtVHg3WTV1b2ZDYk8wV3BKZlV2ZnZsVmkxc1ZNbVBZMnpmT0xWLWsxUVhBOF9HNU11UQ?oc=5\" target=\"_blank\" rel=\"nofollow noopener\">Mateusz Dami\u0119cki nie kry\u0142 wzburzenia po tych s\u0142owach Kuby Wojew\u00f3dzkiego. &#8222;Mylisz si\u0119&#8221;<\/a>&nbsp;&nbsp;Onet<\/li>\n<li><a href=\"https:\/\/news.google.com\/rss\/articles\/CBMitwFBVV95cUxQcHJsWnFiVzNPTkpubDE3cjRhLTQxck9aS09GdmFTYzlvaDJmUXFMYlVpTmEyNEVCUlcyQXNaOFd4a3BORlZPQzNRZE5KSlUxM2luTWkwc19YM1U4R2xmWHJyYnJ1ai1GVVM0c1U0T3h1cnBsWFV1bEN1R29lSnAyYXJnNF9SVlBHV3dFZjEyVnZVMGhjSEJCdXlXSy1QMTN1d3J0MXVHNUlfeW52OHhzMXc3aEpUcGc?oc=5\" target=\"_blank\" rel=\"nofollow noopener\">Potwierdzi\u0142y si\u0119 smutne doniesienia ws. Dami\u0119ckiego. Nikt nie wiedzia\u0142, co prze\u017cywa<\/a>&nbsp;&nbsp;Pomponik.pl<\/li>\n<li><a href=\"https:\/\/news.google.com\/rss\/articles\/CBMitgFBVV95cUxNaC1vVk0tVHV0eEVOWWtOdnRsaDg5b3R5SU1QTzRzcENwLUVmRFJqZzREUzNkdExwRG51bWk0R1ZiMUp5S05uUEdMUE5uOGZ0QjZmUTVsMHgtbTFZS3d4bXBhbU1iVlp0VjNsT1p3bm5vbVE1YzN5NHdmbDl0dm1FYkVLdDNPMGhxcVNxWjktdVVFRHRrT0EyWmk3ZGVfLWw4cnRmelR5MnBYVjdsQm5rSEZ1YkI1Zw?oc=5\" target=\"_blank\" rel=\"nofollow noopener\">Mateusz Dami\u0119cki o dzieci\u0144stwie z ojcem. Nie zamierza\u0142 koloryzowa\u0107 fakt\u00f3w<\/a>&nbsp;&nbsp;Plejada<\/li>\n<li><a href=\"https:\/\/news.google.com\/rss\/articles\/CBMimwFBVV95cUxQcmpwakZ2MHNqS0t3bDdGZVkta0JpLVNwbjNGSW43NzF4MDJ6eHBXNGV2d0pZSGRmbmJGZXlZMjJ1ZFFEcWVya19uTGdpcFdZVU5VM3BaZm9oTHBHRUFPLXA1VDJ4WVZ6eExRcTBDMDYzZWtxbUEwb19BbkExeUoydExjalU3eERfNGxaMjg1SnlCaUNmS0k2TFJMRQ?oc=5\" target=\"_blank\" rel=\"nofollow noopener\">Dami\u0119cki i Wojew\u00f3dzki posprzeczali si\u0119 o &#8222;Na dobre i na z\u0142e&#8221;<\/a>&nbsp;&nbsp;WP Kobieta<\/li>\n<\/ol>\n","protected":false},"excerpt":{"rendered":"Mateusz Dami\u0119cki szczerze o zarobkach za &#8222;Furioz\u0119&#8221;: &#8222;Nie \u015bni\u0142o mi si\u0119, \u017ce mo\u017cna zarabia\u0107 takie pieni\u0105dze&#8221;&nbsp;&nbsp;pudelek.pl Mateusz Dami\u0119cki&hellip;\n","protected":false},"author":2,"featured_media":72605,"comment_status":"","ping_status":"","sticky":false,"template":"","format":"standard","meta":{"footnotes":""},"categories":[5],"tags":[32,33,36,37,27,34,35,28,31,25,42,38,40,39,41,29,30,26],"class_list":{"0":"post-72604","1":"post","2":"type-post","3":"status-publish","4":"format-standard","5":"has-post-thumbnail","7":"category-naglowki","8":"tag-breaking-news","9":"tag-breakingnews","10":"tag-featured-news","11":"tag-featurednews","12":"tag-headlines","13":"tag-latest-news","14":"tag-latestnews","15":"tag-naglowki","16":"tag-najwazniejsze-artykuly","17":"tag-news","18":"tag-pl","19":"tag-poland","20":"tag-polish","21":"tag-polska","22":"tag-polski","23":"tag-top-stories","24":"tag-topstories","25":"tag-wiadomosci"},"share_on_mastodon":{"url":"https:\/\/pubeurope.com\/@pl\/115452417521441473","error":""},"_links":{"self":[{"href":"https:\/\/www.europesays.com\/pl\/wp-json\/wp\/v2\/posts\/72604","targetHints":{"allow":["GET"]}}],"collection":[{"href":"https:\/\/www.europesays.com\/pl\/wp-json\/wp\/v2\/posts"}],"about":[{"href":"https:\/\/www.europesays.com\/pl\/wp-json\/wp\/v2\/types\/post"}],"author":[{"embeddable":true,"href":"https:\/\/www.europesays.com\/pl\/wp-json\/wp\/v2\/users\/2"}],"replies":[{"embeddable":true,"href":"https:\/\/www.europesays.com\/pl\/wp-json\/wp\/v2\/comments?post=72604"}],"version-history":[{"count":0,"href":"https:\/\/www.europesays.com\/pl\/wp-json\/wp\/v2\/posts\/72604\/revisions"}],"wp:featuredmedia":[{"embeddable":true,"href":"https:\/\/www.europesays.com\/pl\/wp-json\/wp\/v2\/media\/72605"}],"wp:attachment":[{"href":"https:\/\/www.europesays.com\/pl\/wp-json\/wp\/v2\/media?parent=72604"}],"wp:term":[{"taxonomy":"category","embeddable":true,"href":"https:\/\/www.europesays.com\/pl\/wp-json\/wp\/v2\/categories?post=72604"},{"taxonomy":"post_tag","embeddable":true,"href":"https:\/\/www.europesays.com\/pl\/wp-json\/wp\/v2\/tags?post=72604"}],"curies":[{"name":"wp","href":"https:\/\/api.w.org\/{rel}","templated":true}]}}