{"id":72984,"date":"2025-10-28T19:31:04","date_gmt":"2025-10-28T19:31:04","guid":{"rendered":"https:\/\/www.europesays.com\/pl\/72984\/"},"modified":"2025-10-28T19:31:04","modified_gmt":"2025-10-28T19:31:04","slug":"nowy-prezes-ipn-dr-hab-karol-polejowski-rekomendowany-przez-kolegium","status":"publish","type":"post","link":"https:\/\/www.europesays.com\/pl\/72984\/","title":{"rendered":"Nowy prezes IPN. Dr hab. Karol Polejowski rekomendowany przez Kolegium"},"content":{"rendered":"<p>We wtorek odby\u0142o si\u0119 posiedzenie Kolegium IPN, na kt\u00f3rym odby\u0142y si\u0119 rozmowy z kandydatami na prezesa tej instytucji.\u00a0<\/p>\n<p>\u00a0<\/p>\n<p>&#8222;Po wys\u0142uchaniu kandydat\u00f3w, po zadaniu im pyta\u0144 i po obradach Kolegium IPN uzna\u0142o, \u017ce najlepszym kandydatem jest dr hab. Karol Polejowski, obecny zast\u0119pca prezesa IPN&#8221; &#8211; przekazano w komunikacie.<\/p>\n<p>\u00a0<\/p>\n<p>Przewodnicz\u0105cy Kolegium prof. dr hab. Wojciech Polak przekaza\u0142 dokument z rekomendacj\u0105 Stanis\u0142awowi Zakroczymskiemu, dyrektorowi generalnemu kieruj\u0105cemu Gabinetem Marsza\u0142ka Sejmu RP.<\/p>\n<p>\u00a0<\/p>\n<p>Podczas przes\u0142uchania kandydat\u00f3w przed Kolegium IPN Polejowski powiedzia\u0142, \u017ce nie chce wy\u0142\u0105czenia pionu \u015bledczego z IPN i przeniesienia go do prokuratury.<\/p>\n<p>\u00a0<\/p>\n<p>Zapowiedzia\u0142 zwi\u0119kszenie udzia\u0142u sztucznej inteligencji w dzia\u0142aniach archiwum IPN oraz rozpocz\u0119cie bada\u0144 na temat kolektywizacji wsi polskiej po II wojnie \u015bwiatowej jako elemencie sowietyzacji.<\/p>\n<p>Wyb\u00f3r na prezesa IPN. Kim jest dr hab. Karol Polejowski?<\/p>\n<p>Karol Polejowski jest absolwentem Wydzia\u0142u Historycznego Uniwersytetu Gda\u0144skiego, wyk\u0142adowc\u0105 akademickim, autorem monografii i artyku\u0142\u00f3w naukowych, w tym kilkunastu w j. angielskim i francuskim.<\/p>\n<p>\u00a0<\/p>\n<p>Stopie\u0144 doktora uzyska\u0142 w 2000 &#8211; &#8222;Geneza i rozw\u00f3j posiad\u0142o\u015bci zakonu krzy\u017cackiego na terenie Kr\u00f3lestwa Francji do po\u0142owy XIV wieku&#8221;, habilitacj\u0119 &#8211; w 2016 &#8211; &#8222;Matrimonium et crux: wzrost i kariera rodu Brienne w czasie wypraw krzy\u017cowych (do pocz\u0105tku XIV wieku&#8221;).<\/p>\n<p>\u00a0<\/p>\n<p>By\u0142 pracownikiem Katedry Filologii Roma\u0144skiej Wydzia\u0142u Filologicznego Uniwersytetu Gda\u0144skiego.<\/p>\n<p>\u00a0<\/p>\n<p>Obecnie zajmuje si\u0119 prac\u0105 naukow\u0105 w zakresie polskiego podziemia niepodleg\u0142o\u015bciowego w Polsce p\u00f3\u0142nocnej, Polskich Si\u0142 Zbrojnych na Zachodzie oraz Ludowego Wojska Polskiego w walce z podziemiem po 1944 r.<\/p>\n<p>\u00a0<\/p>\n<p>Polejowski to tak\u017ce muzealnik zwi\u0105zany z Muzeum Zamkowe w Malborku, Muzeum II Wojny \u015awiatowej w Gda\u0144sku, a od 2020 r. kustosz muzealny.<\/p>\n<p>\u00a0<\/p>\n<p>ZOBACZ: <a href=\"https:\/\/www.polsatnews.pl\/wiadomosc\/2025-04-15\/powazne-nieprawidlowosci-w-ipn-wyniki-kontroli-jeszcze-przed-wyborami\/\" rel=\"nofollow noopener\" target=\"_blank\">&#8222;Powa\u017cne nieprawid\u0142owo\u015bci&#8221; w IPN. Wyniki kontroli jeszcze przed wyborami?<\/a><\/p>\n<p>\u00a0<\/p>\n<p>Jest cz\u0142onkiem kolegium wydawniczego czasopisma &#8222;Wojna i Pami\u0119\u0107&#8221;, t\u0142umaczem historycznej literatury francuskiej, stypendyst\u0105 Fundacji Lanckoro\u0144skich w Rzymie.<\/p>\n<p>\u00a0<\/p>\n<p>Odznaczony Krzy\u017cem Kawalerskim Orderu Odrodzenia Polski za wybitne zas\u0142ugi w dzia\u0142alno\u015bci na rzecz dokumentowania i piel\u0119gnowania prawdy o historii Polski.<\/p>\n<p>\u00a0<\/p>\n<p>W lipcu 2021 r. zosta\u0142 powo\u0142any na stanowisko zast\u0119pcy prezesa Instytutu Pami\u0119ci Narodowej.<\/p>\n<p>\u00a0<\/p>\n<p>Prezesa IPN powo\u0142uje na wniosek Kolegium IPN Sejm za zgod\u0105 Senatu. Je\u015bli rekomendacja zostanie przyj\u0119ta przez parlament Polejowski zostanie nast\u0119pc\u0105 Karola Nawrockeigo, kt\u00f3ry by\u0142 prezesem IPN przed zwyci\u0119stwem w wyborach prezydenckich.\u00a0<\/p>\n<p>\u00a0<\/p>\n<p>Widzia\u0142e\u015b co\u015b wa\u017cnego? Przy\u015blij zdj\u0119cie, film lub napisz, co si\u0119 sta\u0142o. Skorzystaj z naszej <a href=\"https:\/\/www.polsatnews.pl\/platforma-widzow\/\" target=\"_blank\" rel=\"noopener noreferrer nofollow\">Wrzutni<\/a><\/p>\n<p>                <img decoding=\"async\" src=\"https:\/\/www.europesays.com\/pl\/wp-content\/uploads\/2025\/10\/zan9mxw6pi87j914k5ugdp34c9tjfhbf.jpg\" alt=\"\" itemprop=\"contentUrl\" style=\"position:absolute; width: 100%; max-height: 100%;\"\/><video controls=\"\" controlslist=\"nodownload\" poster=\"https:\/\/www.europesays.com\/pl\/wp-content\/uploads\/2025\/10\/zan9mxw6pi87j914k5ugdp34c9tjfhbf.jpg\" class=\"videoPlayer player6853887 news__video\" data-id=\"6853887\">Twoja przegl\u0105darka nie wspiera odtwarzacza wideo&#8230;<\/video><\/p>\n<p>                <a class=\"news__read-more-button\" href=\"https:\/\/www.polsatnews.pl\/\" rel=\"nofollow noopener\" target=\"_blank\">Czytaj wi\u0119cej<\/a><\/p>\n","protected":false},"excerpt":{"rendered":"We wtorek odby\u0142o si\u0119 posiedzenie Kolegium IPN, na kt\u00f3rym odby\u0142y si\u0119 rozmowy z kandydatami na prezesa tej instytucji.\u00a0&hellip;\n","protected":false},"author":2,"featured_media":72985,"comment_status":"","ping_status":"","sticky":false,"template":"","format":"standard","meta":{"footnotes":""},"categories":[12],"tags":[32,33,36,37,27,34,35,28,31,25,42,38,40,39,41,29,30,26],"class_list":{"0":"post-72984","1":"post","2":"type-post","3":"status-publish","4":"format-standard","5":"has-post-thumbnail","7":"category-polska","8":"tag-breaking-news","9":"tag-breakingnews","10":"tag-featured-news","11":"tag-featurednews","12":"tag-headlines","13":"tag-latest-news","14":"tag-latestnews","15":"tag-naglowki","16":"tag-najwazniejsze-artykuly","17":"tag-news","18":"tag-pl","19":"tag-poland","20":"tag-polish","21":"tag-polska","22":"tag-polski","23":"tag-top-stories","24":"tag-topstories","25":"tag-wiadomosci"},"share_on_mastodon":{"url":"","error":""},"_links":{"self":[{"href":"https:\/\/www.europesays.com\/pl\/wp-json\/wp\/v2\/posts\/72984","targetHints":{"allow":["GET"]}}],"collection":[{"href":"https:\/\/www.europesays.com\/pl\/wp-json\/wp\/v2\/posts"}],"about":[{"href":"https:\/\/www.europesays.com\/pl\/wp-json\/wp\/v2\/types\/post"}],"author":[{"embeddable":true,"href":"https:\/\/www.europesays.com\/pl\/wp-json\/wp\/v2\/users\/2"}],"replies":[{"embeddable":true,"href":"https:\/\/www.europesays.com\/pl\/wp-json\/wp\/v2\/comments?post=72984"}],"version-history":[{"count":0,"href":"https:\/\/www.europesays.com\/pl\/wp-json\/wp\/v2\/posts\/72984\/revisions"}],"wp:featuredmedia":[{"embeddable":true,"href":"https:\/\/www.europesays.com\/pl\/wp-json\/wp\/v2\/media\/72985"}],"wp:attachment":[{"href":"https:\/\/www.europesays.com\/pl\/wp-json\/wp\/v2\/media?parent=72984"}],"wp:term":[{"taxonomy":"category","embeddable":true,"href":"https:\/\/www.europesays.com\/pl\/wp-json\/wp\/v2\/categories?post=72984"},{"taxonomy":"post_tag","embeddable":true,"href":"https:\/\/www.europesays.com\/pl\/wp-json\/wp\/v2\/tags?post=72984"}],"curies":[{"name":"wp","href":"https:\/\/api.w.org\/{rel}","templated":true}]}}