{"id":73730,"date":"2025-10-29T09:42:07","date_gmt":"2025-10-29T09:42:07","guid":{"rendered":"https:\/\/www.europesays.com\/pl\/73730\/"},"modified":"2025-10-29T09:42:07","modified_gmt":"2025-10-29T09:42:07","slug":"szkoda-ze-nareszcie-filmowe-wspomnienie-o-budyniu-liderze-zespolu-pogodno","status":"publish","type":"post","link":"https:\/\/www.europesays.com\/pl\/73730\/","title":{"rendered":"&#8222;Szkoda, \u017ce nareszcie&#8221;: filmowe wspomnienie o Budyniu, liderze zespo\u0142u Pogodno"},"content":{"rendered":"<p>Szczeci\u0144ska grupa Pogodno nale\u017cy do czo\u0142owych zespo\u0142\u00f3w polskiej muzyki alternatywnej prze\u0142omu XX i XXI wieku. Za\u0142o\u017cona w 1996 roku i debiutuj\u0105ca cztery lata p\u00f3\u017aniej p\u0142yt\u0105 &#8222;Pogodno&#8221; formacja w latach 2000-2007 wyda\u0142a siedem spo\u015br\u00f3d dziesi\u0119ciu swoich album\u00f3w, a utwory takie, jak &#8222;Pani w obuwniczym&#8221;, &#8222;Cz\u0142owiek doskona\u0142y&#8221;, &#8222;Orkiestra&#8221; czy &#8222;Paparara&#8221; wesz\u0142y do kanonu polskiej piosenki. Jednak \u017cadna, nawet najbardziej rozbudowana encyklopedyczna notka nie odda fenomenu, jakim by\u0142 zmar\u0142y w 2022 roku na zawa\u0142 serca w wieku 48 lat lider formacji Jacek &#8222;Budy\u0144&#8221; Szymkiewicz.<\/p>\n<p>Stworzony przez jego przyjaciela, autora wielu teledysk\u00f3w Pogodna, re\u017cysera Sebastiana Juszczyka dokument <a href=\"https:\/\/film.interia.pl\/film-szkoda-ze-nareszcie,fId,22477\" rel=\"nofollow noopener\" target=\"_blank\">&#8222;Szkoda, \u017ce nareszcie&#8221;<\/a> pr\u00f3buje opisa\u0107 t\u0119 barwn\u0105 posta\u0107, z kt\u00f3r\u0105 pod wzgl\u0119dem kreatywnej energii, tw\u00f3rczego szale\u0144stwa i wymykania si\u0119 schematom konkurowa\u0107 mo\u017ce w Polsce chyba jedynie Tymon Tyma\u0144ski. <\/p>\n<p>  Z ekranowych wspomnie\u0144 cz\u0142onk\u00f3w Pogodna, a tak\u017ce wsp\u00f3\u0142tworzonej przez Budynia formacji Babu Kr\u00f3l oraz tych, kt\u00f3rzy mieli okazj\u0119 z nim wsp\u00f3\u0142pracowa\u0107, wy\u0142ania si\u0119 posta\u0107 niezwykle barwnego barda, zafiksowanego na tekstach i muzyce, kt\u00f3ry w tw\u00f3rczej manii by\u0142 w stanie w ci\u0105gu jednej nocy tworzy\u0107 ca\u0142e albumy i na kt\u00f3rych nie spos\u00f3b znale\u017a\u0107 fa\u0142szyw\u0105 nut\u0119. Szalonego poety, kt\u00f3rego surrealistyczne rymowanki wirtuozeri\u0105 nie ust\u0119powa\u0142y w niczym gitarowym sol\u00f3wkom, jakimi wprawia\u0142 w os\u0142upienie swoich przyjaci\u00f3\u0142 i fan\u00f3w. <\/p>\n<p><a href=\"https:\/\/www.youtube.com\/watch?v=Z9ncEB1Cw2Y\" rel=\"nofollow noopener\" target=\"_blank\">Zobacz zwiastun filmu &#8222;Szkoda, \u017ce nareszcie&#8221;.<\/a><\/p>\n<p>  Opowiadana chronologicznie historia, bogato ilustrowana za pomoc\u0105 fragment\u00f3w teledysk\u00f3w i animowanych wstawek, stara si\u0119 zawrze\u0107 w p\u00f3\u0142toragodzinnej opowie\u015bci blisko trzy dekady &#8211; od licealnych pr\u00f3b z gitar\u0105 po po\u015bmiertnego Z\u0142otego Fryderyka. Si\u0142\u0105 rzeczy jest wi\u0119c skr\u00f3towa i anegdotyczna. Na szcz\u0119\u015bcie Sebastian Juszczyk nie buduje filmowego pomnika, pokazuj\u0105c r\u00f3wnie\u017c mroczn\u0105 stron\u0119 ci\u0105g\u0142ego &#8222;\u017cycia w trasie&#8221; i psychiczn\u0105 cen\u0119, jak\u0105 p\u0142aci si\u0119 za nadwra\u017cliwo\u015b\u0107 i ten szczeg\u00f3lny spos\u00f3b widzenia \u015bwiata, kt\u00f3ry pozwala dostrzec to, co ukryte pod powierzchni\u0105 codzienno\u015bci.<\/p>\n<p>    &#13;<br \/>\n        &#13;<\/p>\n<p>Zarazem jednak skupia si\u0119 wy\u0142\u0105cznie na muzycznym i oko\u0142oscenicznym wizerunku Jacka Szymkiewicza, w \u017caden spos\u00f3b nie pr\u00f3buj\u0105c zajrze\u0107 za kotar\u0119 \u017cycia prywatnego, by skonfrontowa\u0107 histori\u0119 Pogodna i Budynia z bliskimi artysty. Czu\u0107 r\u00f3wnie\u017c, \u017ce realizowanemu &#8222;na \u015bwie\u017co&#8221; po odej\u015bciu Budynia dokumentowi momentami brak dystansu do opisywanej historii, a potrzeba jej opowiedzenia bierze g\u00f3r\u0119 nad filmow\u0105 form\u0105, kt\u00f3ra mog\u0142aby bardziej tw\u00f3rczo spoi\u0107 ekranow\u0105 narracj\u0119. <\/p>\n<p>  To spojrzenie przyjaciela i fana skierowane przede wszystkim do tych, kt\u00f3rzy znaj\u0105 i kochaj\u0105 muzyk\u0119 Pogodna. Juszczyk opowiada o Budyniu jak o d\u017awi\u0119ku, kt\u00f3ry wci\u0105\u017c jeszcze wybrzmiewa. Jego film przepe\u0142niony jest szacunkiem, melancholi\u0105 i nostalgi\u0105. Tym wi\u0119ksz\u0105, \u017ce w\u015br\u00f3d wspominaj\u0105cych Jacka Szymiewicza jest, zmar\u0142y w tym roku, Stanis\u0142aw Sojka. &#8222;Szkoda, \u017ce nareszcie&#8221; trafia do kin tu\u017c przed Zaduszkami. I z pewno\u015bci\u0105 nie jest to data przypadkowa.<\/p>\n<p>6,5\/10<\/p>\n<p><a href=\"https:\/\/film.interia.pl\/film-szkoda-ze-nareszcie,fId,22477\" rel=\"nofollow noopener\" target=\"_blank\">&#8222;Szkoda, \u017ce nareszcie&#8221;<\/a>, re\u017c. Sebastian Juszczyk, Polska 2025, dystrybutor: Against Gravity, premiera kinowa: 31 pa\u017adziernika 2025 roku. <\/p>\n<p>&#13;<br \/>\n    &#13;<br \/>\n            Wideo&#13;<\/p>\n<p>        &#13;<br \/>\n&#13;<br \/>\n    &#13;<br \/>\n        &#13;<br \/>\n                &#13;<\/p>\n<p>&#13;<br \/>\n                                        &#8222;Rosario&#8221; [trailer]&#13;<br \/>\n                                        materia\u0142y prasowe&#13;\n                    <\/p>\n<p>&#13;<\/p>\n","protected":false},"excerpt":{"rendered":"Szczeci\u0144ska grupa Pogodno nale\u017cy do czo\u0142owych zespo\u0142\u00f3w polskiej muzyki alternatywnej prze\u0142omu XX i XXI wieku. Za\u0142o\u017cona w 1996&hellip;\n","protected":false},"author":2,"featured_media":73731,"comment_status":"","ping_status":"","sticky":false,"template":"","format":"standard","meta":{"footnotes":""},"categories":[22],"tags":[122,42,38,40,39,41,123],"class_list":{"0":"post-73730","1":"post","2":"type-post","3":"status-publish","4":"format-standard","5":"has-post-thumbnail","7":"category-rozrywka","8":"tag-entertainment","9":"tag-pl","10":"tag-poland","11":"tag-polish","12":"tag-polska","13":"tag-polski","14":"tag-rozrywka"},"share_on_mastodon":{"url":"https:\/\/pubeurope.com\/@pl\/115456805645309405","error":""},"_links":{"self":[{"href":"https:\/\/www.europesays.com\/pl\/wp-json\/wp\/v2\/posts\/73730","targetHints":{"allow":["GET"]}}],"collection":[{"href":"https:\/\/www.europesays.com\/pl\/wp-json\/wp\/v2\/posts"}],"about":[{"href":"https:\/\/www.europesays.com\/pl\/wp-json\/wp\/v2\/types\/post"}],"author":[{"embeddable":true,"href":"https:\/\/www.europesays.com\/pl\/wp-json\/wp\/v2\/users\/2"}],"replies":[{"embeddable":true,"href":"https:\/\/www.europesays.com\/pl\/wp-json\/wp\/v2\/comments?post=73730"}],"version-history":[{"count":0,"href":"https:\/\/www.europesays.com\/pl\/wp-json\/wp\/v2\/posts\/73730\/revisions"}],"wp:featuredmedia":[{"embeddable":true,"href":"https:\/\/www.europesays.com\/pl\/wp-json\/wp\/v2\/media\/73731"}],"wp:attachment":[{"href":"https:\/\/www.europesays.com\/pl\/wp-json\/wp\/v2\/media?parent=73730"}],"wp:term":[{"taxonomy":"category","embeddable":true,"href":"https:\/\/www.europesays.com\/pl\/wp-json\/wp\/v2\/categories?post=73730"},{"taxonomy":"post_tag","embeddable":true,"href":"https:\/\/www.europesays.com\/pl\/wp-json\/wp\/v2\/tags?post=73730"}],"curies":[{"name":"wp","href":"https:\/\/api.w.org\/{rel}","templated":true}]}}