{"id":73800,"date":"2025-10-29T10:31:07","date_gmt":"2025-10-29T10:31:07","guid":{"rendered":"https:\/\/www.europesays.com\/pl\/73800\/"},"modified":"2025-10-29T10:31:07","modified_gmt":"2025-10-29T10:31:07","slug":"co-z-kontynuacja-rancza-rezyser-ma-zal-do-tvp-stacja-odpowiada","status":"publish","type":"post","link":"https:\/\/www.europesays.com\/pl\/73800\/","title":{"rendered":"Co z kontynuacj\u0105 &#8222;Rancza&#8221;. Re\u017cyser ma \u017cal do TVP, stacja odpowiada"},"content":{"rendered":"\n<p>&#13;<br \/>\n&#8222;Ranczo&#8221; to\u00a0kultowy serial TVP, produkowany od\u00a02006 roku. Jego ostatni, dziesi\u0105ty sezon TVP1 premierowo wyemitowa\u0142a w\u00a02016 roku. Od\u00a0tamtej pory nie\u00a0powsta\u0142 nowy sezon o\u00a0perypetiach mieszka\u0144c\u00f3w Wilkowyj. Rozmowy na\u00a0temat kontynuacji podejmowane by\u0142y wielokrotnie, jednak towarzyszy\u0142y im\u00a0przykre okoliczno\u015bci. W\u00a0listopadzie 2018 roku zmar\u0142 wsp\u00f3\u0142tw\u00f3rca serii, autor scenariusza Andrzej Grembowicz. Z\u00a0kolei po\u00a0\u015bmierci w\u00a0lutym 2020 roku Paw\u0142a Kr\u00f3likowskiego, wcielaj\u0105cego si\u0119 w\u00a0rol\u0119 Kusego, wydawa\u0142o si\u0119, \u017ce\u00a0nagranie kolejnych odcink\u00f3w nie\u00a0b\u0119dzie ju\u017c mo\u017cliwe. &#13;\n<\/p>\n<p>Co z\u00a0nowym sezonem &#8222;Rancza&#8221;? Re\u017cyser ma\u00a0\u017cal do\u00a0TVP<\/p>\n<p>&#13;<br \/>\nLatem tego roku re\u017cyser serialu \u2013\u00a0Wojciech Adamczyk \u2013\u00a0niespodziewanie poinformowa\u0142 w\u00a0Kanale Zero, \u017ce\u00a0plany si\u0119 zmieni\u0142y i\u00a0powstan\u0105 <a href=\"https:\/\/rozrywka.dorzeczy.pl\/179633\/bedzie-kontynuacja-rancza-producent-rozmawia-z-tvp.html\" rel=\"nofollow noopener\" target=\"_blank\">nowe odcinki &#8222;Rancza&#8221;<\/a>, kt\u00f3re r\u00f3wnie\u017c doczekaj\u0105 si\u0119 emisji w\u00a0TVP. Portal &#8222;Super Express&#8221; dowiedzia\u0142 si\u0119 natomiast, \u017ce\u00a0nadchodz\u0105cy 11. sezon &#8222;Rancza&#8221; b\u0119dzie liczy\u0107 6\u00a0odcink\u00f3w. Co\u00a0ciekawe, zosta\u0142y one napisane jeszcze przez nie\u017cyj\u0105cego ju\u017c scenarzyst\u0119 Andrzeja Grembowicza znanego pod\u00a0pseudonimem Robert Brutter. &#13;\n<\/p>\n<p>&#13;<br \/>\nNiedawno Adamczyk udzieli\u0142 wywiadu Plejadzie. W\u00a0rozmowie wyzna\u0142, \u017ce\u00a0jest rozczarowany brakiem zaanga\u017cowania Telewizji Polskiej w\u00a0sprawie potencjalnych nowych odcink\u00f3w &#8222;Rancza&#8221;. &#13;\n<\/p>\n<p>&#13;<br \/>\n\u2013 Wszyscy w\u00a0telewizji bardzo chwal\u0105 si\u0119 &#8222;Ranczem&#8221;, s\u0105 z\u00a0niego dumni i\u00a0nieustannie m\u00f3wi\u0105, \u017ce\u00a0chc\u0105 kontynuacji, powrotu, czego\u015b jeszcze zwi\u0105zanego z\u00a0tym serialem. Ale\u00a0kiedy przychodzi do\u00a0konkret\u00f3w, drzwi nagle si\u0119 zamykaj\u0105. Na\u00a0maile nikt nie\u00a0odpowiada, o\u00a0telefonach nawet nie\u00a0wspominaj\u0105c \u2013\u00a0\u017cali\u0142 si\u0119. &#13;\n<\/p>\n<p>&#13;<br \/>\nDo sprawy szybko odnios\u0142a si\u0119 TVP. W\u00a0ostrym komunikacie przedstawi\u0142a w\u0142asne stanowisko. &#13;\n<\/p>\n<p>&#13;<br \/>\n&#8222;Pragniemy zabra\u0107 g\u0142os w\u00a0sprawie. Telewizja Polska do\u00a0dzisiaj \u2013\u00a0tj. 28 pa\u017adziernika 2025 \u2013\u00a0nie\u00a0otrzyma\u0142a \u017cadnych scenariuszy ani kosztorysu do\u00a0nowych odcink\u00f3w serialu 'Ranczo'&#8221; \u2013\u00a0podkre\u015blono. &#13;\n<\/p>\n<p>&#13;<br \/>\n&#8222;Bez komentarza&#8221; \u2013\u00a0skwitowa\u0142 o\u015bwiadczenie re\u017cyser serialu. &#13;\n<\/p>\n<p>&#13;<br \/>\n&#8222;11. sezon na\u00a0pewno znajdzie swoich odbiorc\u00f3w, bo\u00a0fani z\u00a0pewno\u015bci\u0105 b\u0119d\u0105 chcieli go\u00a0zobaczy\u0107. Telewizja, inwestuj\u0105c w\u00a0t\u0119 produkcj\u0119, w\u0142a\u015bciwie niczego nie\u00a0ryzykuje, bo\u00a0na pewno zwr\u00f3ci si\u0119 to\u00a0wszystko przy reklamach. Chyba nie\u0142adnie m\u00f3wi\u0107 o\u00a0tym, \u017ce\u00a0by\u0142by to\u00a0gwarantowany sukces, ale\u00a0na\u00a0pewno nie\u00a0by\u0142aby to\u00a0klapa. D\u0142ugo czekamy na\u00a0t\u0119 odpowied\u017a. Telewizja z\u00a0jakiego\u015b powodu nie\u00a0chce tego &#8222;gwarantowanego sukcesu&#8221;. By\u0107 mo\u017ce po\u00a0prostu ma\u00a0inne hity i\u00a0przebiera w\u00a0ofertach&#8221; \u2013\u00a0podsumowa\u0142 Adamczyk. &#13;\n<\/p>\n<p>&#13;<br \/>\nCzytaj te\u017c:<br \/><a href=\"https:\/\/rozrywka.dorzeczy.pl\/show-biznes\/798714\/huragan-melissa-rodzina-zebrowskich-uwieziona-na-jamajce.html\" rel=\"follow nofollow noopener\" data-schema=\"DORZECZY\" data-image=\"https:\/\/img.dorzeczy.pl\/_thumb\/09\/08\/b6064902bac8280b9675f940542e.jpeg\" target=\"_blank\">Rodzina znanego aktora uwi\u0119ziona na\u00a0Jamajce. Sceny jak z\u00a0horroru<\/a>Czytaj te\u017c:<br \/><a href=\"https:\/\/rozrywka.dorzeczy.pl\/show-biznes\/798684\/magdalena-ogorek-staje-w-obronie-kaczorowskiej-i-rogaceiwcza.html\" rel=\"follow nofollow noopener\" data-schema=\"DORZECZY\" data-image=\"https:\/\/img.dorzeczy.pl\/_thumb\/4f\/b4\/07ea8697894bf595385b794b5c1d.jpeg\" target=\"_blank\">&#8222;Jestem w\u00a0szoku&#8221;. Gwiazda telewizji nie\u00a0wytrzyma\u0142a po\u00a0komentarzach<\/a>&#13;<\/p>\n","protected":false},"excerpt":{"rendered":"&#13; &#8222;Ranczo&#8221; to\u00a0kultowy serial TVP, produkowany od\u00a02006 roku. Jego ostatni, dziesi\u0105ty sezon TVP1 premierowo wyemitowa\u0142a w\u00a02016 roku. Od\u00a0tamtej&hellip;\n","protected":false},"author":2,"featured_media":73801,"comment_status":"","ping_status":"","sticky":false,"template":"","format":"standard","meta":{"footnotes":""},"categories":[22],"tags":[98,122,288,291,287,1158,42,38,40,39,41,18222,123,290,2412,224,506,18223],"class_list":{"0":"post-73800","1":"post","2":"type-post","3":"status-publish","4":"format-standard","5":"has-post-thumbnail","7":"category-rozrywka","8":"tag-dorzeczy","9":"tag-entertainment","10":"tag-film-i-telewizja","11":"tag-historia","12":"tag-malgorzata-puzyr","13":"tag-media","14":"tag-pl","15":"tag-poland","16":"tag-polish","17":"tag-polska","18":"tag-polski","19":"tag-ranczo","20":"tag-rozrywka","21":"tag-rozrywka-do-rzeczy","22":"tag-serial","23":"tag-telewizja","24":"tag-tvp","25":"tag-wojciech-adamczyk"},"share_on_mastodon":{"url":"https:\/\/pubeurope.com\/@pl\/115456998335877750","error":""},"_links":{"self":[{"href":"https:\/\/www.europesays.com\/pl\/wp-json\/wp\/v2\/posts\/73800","targetHints":{"allow":["GET"]}}],"collection":[{"href":"https:\/\/www.europesays.com\/pl\/wp-json\/wp\/v2\/posts"}],"about":[{"href":"https:\/\/www.europesays.com\/pl\/wp-json\/wp\/v2\/types\/post"}],"author":[{"embeddable":true,"href":"https:\/\/www.europesays.com\/pl\/wp-json\/wp\/v2\/users\/2"}],"replies":[{"embeddable":true,"href":"https:\/\/www.europesays.com\/pl\/wp-json\/wp\/v2\/comments?post=73800"}],"version-history":[{"count":0,"href":"https:\/\/www.europesays.com\/pl\/wp-json\/wp\/v2\/posts\/73800\/revisions"}],"wp:featuredmedia":[{"embeddable":true,"href":"https:\/\/www.europesays.com\/pl\/wp-json\/wp\/v2\/media\/73801"}],"wp:attachment":[{"href":"https:\/\/www.europesays.com\/pl\/wp-json\/wp\/v2\/media?parent=73800"}],"wp:term":[{"taxonomy":"category","embeddable":true,"href":"https:\/\/www.europesays.com\/pl\/wp-json\/wp\/v2\/categories?post=73800"},{"taxonomy":"post_tag","embeddable":true,"href":"https:\/\/www.europesays.com\/pl\/wp-json\/wp\/v2\/tags?post=73800"}],"curies":[{"name":"wp","href":"https:\/\/api.w.org\/{rel}","templated":true}]}}