{"id":74023,"date":"2025-10-29T13:04:15","date_gmt":"2025-10-29T13:04:15","guid":{"rendered":"https:\/\/www.europesays.com\/pl\/74023\/"},"modified":"2025-10-29T13:04:15","modified_gmt":"2025-10-29T13:04:15","slug":"usa-poinformowaly-o-redukcji-wojsk-w-europie-szef-mon-zabiera-glos","status":"publish","type":"post","link":"https:\/\/www.europesays.com\/pl\/74023\/","title":{"rendered":"USA poinformowa\u0142y o redukcji wojsk w Europie. Szef MON zabiera g\u0142os"},"content":{"rendered":"<p>   <a href=\"https:\/\/defence24.pl\/strona-autora\/defence24\" target=\"_self\" class=\"article-author__wrap\" rel=\"nofollow noopener\"><img loading=\"lazy\" decoding=\"async\" src=\"https:\/\/www.europesays.com\/pl\/wp-content\/uploads\/2025\/09\/6bX4RbeqT7ZPuqRvszHLwZXGhC3ZbkkEG20NP5wn.z3l1.png\" alt=\"\"  width=\"100\" height=\"100\" author=\"Pawe\u0142 Korzeniewski\" caption=\"\" fullscreen=\"https:\/\/cdn.defence24.pl\/2021\/10\/07\/1920xpx\/2021\/10\/07\/originals\/6bX4RbeqT7ZPuqRvszHLwZXGhC3ZbkkEG20NP5wn.qa4v.png\" class=\"img article-author__avatar img-avatar\"\/><br \/>\n          Defence24<br \/>\n        <\/a>  <\/p>\n<p>Stany Zjednoczone poinformowa\u0142y Rumuni\u0119 i inne pa\u0144stwa NATO, \u017ce postanowi\u0142y zredukowa\u0107 liczebno\u015b\u0107 ameryka\u0144skich wojsk we wschodniej Europie \u2013 og\u0142osi\u0142o w \u015brod\u0119 ministerstwo obrony w Bukareszcie. W Rumunii pozostanie oko\u0142o 1 tys. \u017co\u0142nierzy USA &#8211; dodano. Wicepremier i polski minister obrony W\u0142adys\u0142aw Kosiniak-Kamysz stwierdzi\u0142 jednak, \u017ce Polska nie otrzyma\u0142a informacji o wycofaniu wojsk ameryka\u0144skich.<\/p>\n<p> <img decoding=\"async\" src=\"https:\/\/www.europesays.com\/pl\/wp-content\/uploads\/2025\/10\/mXNWS93yCs5umi9ln6bD3wtxKIk4gFjxCo9eGw2w.drt0.jpg\" alt=\"Czo\u0142gi M1A2SEPv3 s\u0105 wykorzystywane nie tylko przez US Army, obecni u\u017cytkownicy odbieraj\u0105cy nowe maszyny to Wojsko Polskie, Wojska L\u0105dowe Australii a w niedalekiej przysz\u0142o\u015bci b\u0119d\u0105 to Rumunia i Bahrajn.\"  width=\"800\" height=\"450\" author=\"Sgt. Calab Franklin\/Domena Publiczna\" fetchpriority=\"high\" class=\"img image-with-caption__image\"\/><br \/>\n        Autor. Sgt. Calab Franklin\/Domena Publiczna<\/p>\n<p class=\"paragraph-module\">AKTUALIZACJA 10:50: Do kwestii obecno\u015bci wojsk USA w Polsce odni\u00f3s\u0142 si\u0119 podczas konferencji prasowej wicepremier i szef MON W\u0142adys\u0142aw Kosiniak-Kamysz. Stwierdzi\u0142, \u017ce Polska nie otrzyma\u0142a od strony ameryka\u0144skiej informacji o wycofaniu wojsk. Oznacza to najprawdopodobniej, \u017ce obecno\u015b\u0107 wojsk USA w Polsce, przynajmniej na razie, zostanie utrzymana na obecnym poziomie.<\/p>\n<p class=\"paragraph-module\">Redukcja ma obj\u0105\u0107 m.in. ameryka\u0144skich \u017co\u0142nierzy z bazy lotniczej Mihail Kogalniceanu pod Konstanc\u0105 nad Morzem Czarnym &#8211; poinformowa\u0142 rumu\u0144ski resort obrony.<\/p>\n<p class=\"paragraph-module\">Przekaza\u0142 on, \u017ce \u201ezmiana liczebno\u015bci si\u0142 zbrojnych USA jest efektem nowych priorytet\u00f3w administracji prezydenckiej, og\u0142oszonych w lutym\u201d, za\u015b \u201edecyzja uwzgl\u0119dnia r\u00f3wnie\u017c fakt, \u017ce NATO skonsolidowa\u0142o swoj\u0105 obecno\u015b\u0107 i dzia\u0142ania na wschodniej flance, co pozwala Stanom Zjednoczonym na dostosowanie swojej postawy militarnej w regionie\u201d &#8211; powiadomi\u0142 portal Digi 24.<\/p>\n<p class=\"paragraph-module\">Co ciekawe, ukrai\u0144ski serwis Kyiv Post poinformowa\u0142, \u017ce rozmowy <a href=\"https:\/\/www.kyivpost.com\/post\/62825\" rel=\"nofollow noopener\" target=\"_blank\">dotyczy\u0142y pocz\u0105tkowo tak\u017ce wycofania wojsk z Polski, jednak decyzja ma dotyczy\u0107 tylko Rumunii<\/a>. W ubieg\u0142ym miesi\u0105cu, podczas spotkania z prezydentem Karolem Nawrockim, prezydent USA Donald Trump wskaza\u0142, \u017ce wycofanie wojsk USA z terenu naszego kraju nie jest planowane. Bior\u0105c pod uwag\u0119 o\u015bwiadczenie szefa MON, redukcje, przynajmniej na razie, raczej nie b\u0119d\u0105 dotyczy\u0107 Polski.<\/p>\n","protected":false},"excerpt":{"rendered":"Defence24 Stany Zjednoczone poinformowa\u0142y Rumuni\u0119 i inne pa\u0144stwa NATO, \u017ce postanowi\u0142y zredukowa\u0107 liczebno\u015b\u0107 ameryka\u0144skich wojsk we wschodniej Europie&hellip;\n","protected":false},"author":2,"featured_media":74024,"comment_status":"","ping_status":"","sticky":false,"template":"","format":"standard","meta":{"footnotes":""},"categories":[5],"tags":[32,33,36,37,27,34,35,28,31,160,25,42,38,40,39,41,542,4293,29,30,18248,71,26],"class_list":{"0":"post-74023","1":"post","2":"type-post","3":"status-publish","4":"format-standard","5":"has-post-thumbnail","7":"category-naglowki","8":"tag-breaking-news","9":"tag-breakingnews","10":"tag-featured-news","11":"tag-featurednews","12":"tag-headlines","13":"tag-latest-news","14":"tag-latestnews","15":"tag-naglowki","16":"tag-najwazniejsze-artykuly","17":"tag-nato","18":"tag-news","19":"tag-pl","20":"tag-poland","21":"tag-polish","22":"tag-polska","23":"tag-polski","24":"tag-rumunia","25":"tag-stany-zjednoczone","26":"tag-top-stories","27":"tag-topstories","28":"tag-us-army","29":"tag-usa","30":"tag-wiadomosci"},"share_on_mastodon":{"url":"https:\/\/pubeurope.com\/@pl\/115457600242504634","error":""},"_links":{"self":[{"href":"https:\/\/www.europesays.com\/pl\/wp-json\/wp\/v2\/posts\/74023","targetHints":{"allow":["GET"]}}],"collection":[{"href":"https:\/\/www.europesays.com\/pl\/wp-json\/wp\/v2\/posts"}],"about":[{"href":"https:\/\/www.europesays.com\/pl\/wp-json\/wp\/v2\/types\/post"}],"author":[{"embeddable":true,"href":"https:\/\/www.europesays.com\/pl\/wp-json\/wp\/v2\/users\/2"}],"replies":[{"embeddable":true,"href":"https:\/\/www.europesays.com\/pl\/wp-json\/wp\/v2\/comments?post=74023"}],"version-history":[{"count":0,"href":"https:\/\/www.europesays.com\/pl\/wp-json\/wp\/v2\/posts\/74023\/revisions"}],"wp:featuredmedia":[{"embeddable":true,"href":"https:\/\/www.europesays.com\/pl\/wp-json\/wp\/v2\/media\/74024"}],"wp:attachment":[{"href":"https:\/\/www.europesays.com\/pl\/wp-json\/wp\/v2\/media?parent=74023"}],"wp:term":[{"taxonomy":"category","embeddable":true,"href":"https:\/\/www.europesays.com\/pl\/wp-json\/wp\/v2\/categories?post=74023"},{"taxonomy":"post_tag","embeddable":true,"href":"https:\/\/www.europesays.com\/pl\/wp-json\/wp\/v2\/tags?post=74023"}],"curies":[{"name":"wp","href":"https:\/\/api.w.org\/{rel}","templated":true}]}}