{"id":74289,"date":"2025-10-29T15:59:09","date_gmt":"2025-10-29T15:59:09","guid":{"rendered":"https:\/\/www.europesays.com\/pl\/74289\/"},"modified":"2025-10-29T15:59:09","modified_gmt":"2025-10-29T15:59:09","slug":"niemcy-maja-od-usa-pisemna-gwarancje-wylaczenia-z-sankcji-wobec-rosnieftu","status":"publish","type":"post","link":"https:\/\/www.europesays.com\/pl\/74289\/","title":{"rendered":"Niemcy maj\u0105 od USA pisemn\u0105 gwarancj\u0119 wy\u0142\u0105czenia z sankcji wobec Rosnieftu"},"content":{"rendered":"<p>2025-10-28 13:25<\/p>\n<p>publikacja<br \/>2025-10-28 13:25<\/p>\n<p>Podziel si\u0119<\/p>\n<p>Niemcy otrzyma\u0142y od rz\u0105du USA zapewnienie na pi\u015bmie, \u017ce obj\u0119te zarz\u0105dem powierniczym aktywa Rosnieftu w RFN b\u0119d\u0105 zwolnione z ameryka\u0144skich sankcji na\u0142o\u017conych na ten rosyjski koncern &#8211; powiedzia\u0142a we wtorek agencji Reutera ministra gospodarki i energii Katherina Reiche.<\/p>\n<p><img decoding=\"async\" class=\"o-graphics-multiobject__inner-blurry-picture-img\" src=\"https:\/\/www.europesays.com\/pl\/wp-content\/uploads\/2025\/10\/1ebc0b508059ab-945-560-67-56-1432-859.jpg\" width=\"945\" height=\"560\" alt=\"Niemcy maj\u0105 od USA pisemn\u0105 gwarancj\u0119 wy\u0142\u0105czenia z sankcji wobec Rosnieftu\" loading=\"lazy\"\/><img decoding=\"async\" class=\"o-graphics-multiobject__item webfeedsFeaturedVisual\" src=\"https:\/\/www.europesays.com\/pl\/wp-content\/uploads\/2025\/10\/1ebc0b508059ab-945-560-67-56-1432-859.jpg\" width=\"945\" height=\"560\" alt=\"Niemcy maj\u0105 od USA pisemn\u0105 gwarancj\u0119 wy\u0142\u0105czenia z sankcji wobec Rosnieftu\" loading=\"lazy\"\/>fot. Sergei Karpukhin \/ \/\u00a0Reuters<\/p>\n<p>Rz\u0105d niemiecki obj\u0105\u0142 aktywa Rosnieftu w RFN zarz\u0105dem powierniczym w 2022 roku. Powodem decyzji by\u0142a inwazja Rosji na pe\u0142n\u0105 skal\u0119 przeciwko Ukrainie. W\u015br\u00f3d tych aktyw\u00f3w znajduje si\u0119 rafineria w Schwedt w Brandenburgii, jedna z najwi\u0119kszych w Niemczech, zgodnie z szacunkami Reutersa odpowiadaj\u0105ca za ponad 12 proc. krajowych mocy przerobowych.<\/p>\n<p>W\u0142adze w Berlinie argumentowa\u0142y, \u017ce aktywa Rosnieftu w RFN zosta\u0142y od\u0142\u0105czone od g\u0142\u00f3wnej sp\u00f3\u0142ki, a jednocze\u015bnie s\u0105 kluczowe dla bezpiecze\u0144stwa paliwowego Niemiec.<\/p>\n<p>Jak przekaza\u0142a Reiche, Berlin otrzyma\u0142 \u201elist gwarancyjny\u201d od ameryka\u0144skiego rz\u0105du, w kt\u00f3rym znalaz\u0142o si\u0119 potwierdzenie, i\u017c obj\u0119te zarz\u0105dem powierniczym aktywa Rosnieftu s\u0105 odr\u0119bne od rosyjskiej sp\u00f3\u0142ki. Ma to oznacza\u0107 wy\u0142\u0105czenie z re\u017cimu sankcyjnego.<\/p>\n<p>Bloomberg informowa\u0142 wcze\u015bniej, \u017ce Waszyngton rozwa\u017ca wy\u0142\u0105czenie Niemiec z sankcji na p\u00f3\u0142 roku. Tyle czasu mia\u0142by Berlin na uporz\u0105dkowanie statusu w\u0142asno\u015bci.<\/p>\n<p>Wiadomo, \u017ce o wy\u0142\u0105czenie z sankcji zabiega\u0142 kanclerz Niemiec Friedrich Merz. W czwartek po unijnym szczycie oznajmi\u0142, \u017ce zak\u0142ada, i\u017c w przypadku jego kraju uda si\u0119 uzyska\u0107 zwolnienie od Waszyngtonu.<\/p>\n<p>Rz\u0105d USA wprowadzi\u0142 sankcje przeciwko najwi\u0119kszym rosyjskim koncernom naftowym, \u0141ukoil i Rosnieft, oraz ich 34 sp\u00f3\u0142kom zale\u017cnym. Restrykcje maj\u0105 zmusi\u0107 Kreml do zaakceptowania propozycji prezydenta USA Donalda Trumpa w sprawie zamro\u017cenia dzia\u0142a\u0144 bojowych na obecnej linii frontu wojny Rosji przeciwko Ukrainie. To pierwsze sankcje przeciwko rosyjskim firmom za drugiej kadencji prezydenckiej Trumpa.<\/p>\n<p>Z Berlina Mateusz Obremski (PAP)<\/p>\n<p>mobr\/ akl\/<\/p>\n<p>Podziel si\u0119<\/p>\n<p>Tematy<\/p>\n","protected":false},"excerpt":{"rendered":"2025-10-28 13:25 publikacja2025-10-28 13:25 Podziel si\u0119 Niemcy otrzyma\u0142y od rz\u0105du USA zapewnienie na pi\u015bmie, \u017ce obj\u0119te zarz\u0105dem powierniczym&hellip;\n","protected":false},"author":2,"featured_media":74290,"comment_status":"","ping_status":"","sticky":false,"template":"","format":"standard","meta":{"footnotes":""},"categories":[14],"tags":[32,33,27,34,35,28,31,25,40,41,80,29,30,26,82,83,84],"class_list":{"0":"post-74289","1":"post","2":"type-post","3":"status-publish","4":"format-standard","5":"has-post-thumbnail","7":"category-swiat","8":"tag-breaking-news","9":"tag-breakingnews","10":"tag-headlines","11":"tag-latest-news","12":"tag-latestnews","13":"tag-naglowki","14":"tag-najwazniejsze-artykuly","15":"tag-news","16":"tag-polish","17":"tag-polski","18":"tag-swiat","19":"tag-top-stories","20":"tag-topstories","21":"tag-wiadomosci","22":"tag-world","23":"tag-world-news","24":"tag-worldnews"},"share_on_mastodon":{"url":"https:\/\/pubeurope.com\/@pl\/115458288292158477","error":""},"_links":{"self":[{"href":"https:\/\/www.europesays.com\/pl\/wp-json\/wp\/v2\/posts\/74289","targetHints":{"allow":["GET"]}}],"collection":[{"href":"https:\/\/www.europesays.com\/pl\/wp-json\/wp\/v2\/posts"}],"about":[{"href":"https:\/\/www.europesays.com\/pl\/wp-json\/wp\/v2\/types\/post"}],"author":[{"embeddable":true,"href":"https:\/\/www.europesays.com\/pl\/wp-json\/wp\/v2\/users\/2"}],"replies":[{"embeddable":true,"href":"https:\/\/www.europesays.com\/pl\/wp-json\/wp\/v2\/comments?post=74289"}],"version-history":[{"count":0,"href":"https:\/\/www.europesays.com\/pl\/wp-json\/wp\/v2\/posts\/74289\/revisions"}],"wp:featuredmedia":[{"embeddable":true,"href":"https:\/\/www.europesays.com\/pl\/wp-json\/wp\/v2\/media\/74290"}],"wp:attachment":[{"href":"https:\/\/www.europesays.com\/pl\/wp-json\/wp\/v2\/media?parent=74289"}],"wp:term":[{"taxonomy":"category","embeddable":true,"href":"https:\/\/www.europesays.com\/pl\/wp-json\/wp\/v2\/categories?post=74289"},{"taxonomy":"post_tag","embeddable":true,"href":"https:\/\/www.europesays.com\/pl\/wp-json\/wp\/v2\/tags?post=74289"}],"curies":[{"name":"wp","href":"https:\/\/api.w.org\/{rel}","templated":true}]}}