{"id":74301,"date":"2025-10-29T16:05:12","date_gmt":"2025-10-29T16:05:12","guid":{"rendered":"https:\/\/www.europesays.com\/pl\/74301\/"},"modified":"2025-10-29T16:05:12","modified_gmt":"2025-10-29T16:05:12","slug":"tych-zawodow-z-prl-u-juz-nie-ma-mlodziez-odpadnie-na-1-pytaniu","status":"publish","type":"post","link":"https:\/\/www.europesays.com\/pl\/74301\/","title":{"rendered":"Tych zawod\u00f3w z PRL-u ju\u017c nie ma. M\u0142odzie\u017c odpadnie na 1. pytaniu"},"content":{"rendered":"<p>                                                                                                                                                                                                                                                                                                            &#13;<\/p>\n<p>        &#13;<\/p>\n<p>            \t\t<a name=\"eztoc18975661_0_1\" id=\"eztoc18975661_0_1\"\/>Zawody <a href=\"https:\/\/www.antyradio.pl\/news\/pamietasz-jeszcze-te-marki-z-prl-u-czujni-polacy-zdobeda-15-15\" target=\"_blank\" rel=\"dofollow noopener\">w PRL-u<\/a> Pami\u0119tasz wszystkie?\u00a0<\/p>\n<p>Zapraszamy do podr\u00f3\u017cy w czasie do \u015bwiata, w kt\u00f3rym rynek pracy wygl\u0105da\u0142 zupe\u0142nie inaczej ni\u017c dzi\u015b. <a href=\"https:\/\/www.antyradio.pl\/nauka\/quiz-dla-prawdziwych-dzieci-prl-u-wielu-sobie-nie-poradzi\" target=\"_blank\" rel=\"dofollow noopener\">PRL<\/a> by\u0142 epok\u0105, w kt\u00f3rej istnia\u0142y profesje, dzi\u015b ju\u017c nie istniej\u0105ce, chocia\u017c ich przedstawicieli jeszcze kilka dekad temu mo\u017cna by\u0142o spotka\u0107 na ka\u017cdej ulicy i w ka\u017cdym zak\u0142adzie pracy.<\/p>\n<p>                        Quiz: Tych zawod\u00f3w z PRL-u ju\u017c nie ma. M\u0142odzie\u017c odpadnie na 1. pytaniu <\/p>\n<p>                                <img decoding=\"async\" src=\"https:\/\/www.europesays.com\/pl\/wp-content\/uploads\/2025\/10\/6901ec3104a06af9b47de38b.jpg\" alt=\"Narodowe Archiwum Cyfrowe\/omena publiczna\"\/><\/p>\n<p>Zanim nadesz\u0142a era komputer\u00f3w, automatyzacji i globalizacji, setki tysi\u0119cy Polak\u00f3w wykonywa\u0142o zawody, kt\u00f3re wraz z post\u0119pem technologicznym odesz\u0142y w zapomnienie. Ten <a href=\"https:\/\/www.antyradio.pl\/nauka\/quiz-dla-bardzo-inteligentnych-odpadniesz-juz-na-4-pytaniu\" target=\"_blank\" rel=\"dofollow noopener\">quiz<\/a> to sentymentalny test pami\u0119ci o ludziach i ich pracy, kt\u00f3ra tworzy\u0142a codzienno\u015b\u0107 Polskiej Rzeczypospolitej Ludowej. Sprawdzimy, czy pami\u0119tasz, kim by\u0142 kaowiec, czym zajmowa\u0142a si\u0119 telefonistka i dlaczego praca cenzora by\u0142a tak wa\u017cna dla systemu.<\/p>\n<p>To pytania, kt\u00f3re dla dzisiejszego pokolenia, wychowanego w erze cyfrowej, mog\u0105 by\u0107 ca\u0142kowit\u0105 abstrakcj\u0105, a dla ciebie b\u0119d\u0105 kluczem do wspomnie\u0144 o minionym \u015bwiecie. Udowodnij, \u017ce pami\u0119tasz te czasy. Przed tob\u0105 <a href=\"https:\/\/www.antyradio.pl\/nauka\/jesli-zyles-pod-koniec-okresu-prl-zdobedziesz-w-tym-quizie-15-15-punktow\" target=\"_blank\" rel=\"dofollow noopener\">15 pyta\u0144<\/a>, kt\u00f3re oddziel\u0105 tych, kt\u00f3rzy <a href=\"https:\/\/www.antyradio.pl\/nauka\/codzienne-absurdy-prl-owskiej-rzeczywistosci-ile-z-tego-pamietasz-quiz\" target=\"_blank\" rel=\"dofollow noopener\">znaj\u0105 rzeczywisto\u015b\u0107 PRL<\/a> z opowie\u015bci, od tych, kt\u00f3rzy naprawd\u0119 jej do\u015bwiadczyli.\u00a0<\/p>\n<p>\u0179r\u00f3d\u0142o: Antyradio<\/p>\n<p>Dzi\u0119kujemy za przeczytanie artyku\u0142u do ko\u0144ca! Po wi\u0119cej informacji zach\u0119camy do odwiedzenia naszego <a href=\"https:\/\/www.facebook.com\/antyradio\" target=\"_self\" rel=\"dofollow noopener\">Facebooka<\/a>,<a href=\"https:\/\/twitter.com\/Antyradiopl\" target=\"_self\" rel=\"dofollow noopener\"> Twittera<\/a>,<a href=\"https:\/\/www.tiktok.com\/@antyradio\" target=\"_self\" rel=\"dofollow noopener\"> TikToka<\/a> i <a href=\"https:\/\/www.instagram.com\/antyradio\/\" target=\"_self\" rel=\"dofollow noopener\">Instagrama<\/a>. \u017beby pos\u0142ucha\u0107, co teraz gramy, kliknij w poni\u017cszy baner!<\/p>\n<p>    <a href=\"https:\/\/player.antyradio.pl\/\" target=\"_blank\" rel=\"nofollow noopener\">                                                <\/p>\n<p>                    <img loading=\"lazy\" decoding=\"async\" data-ot-ignore=\"\" class=\" \" src=\"https:\/\/www.europesays.com\/pl\/wp-content\/uploads\/2025\/10\/Desperanos-baner.jpg\" data-width=\"1920\" data-height=\"960\" width=\"1920\" height=\"960\" alt=\"Desperanos - baner\" data-\/><\/p>\n<p>\t\t\t        <\/a><br \/>\n    \t\t\t\t\t\t<script async src=\"https:\/\/platform.twitter.com\/widgets.js\" charset=\"utf-8\"><\/script><script async src=\"\/\/www.instagram.com\/embed.js\"><\/script><script async src=\"\/\/www.tiktok.com\/embed.js\"><\/script><\/p>\n","protected":false},"excerpt":{"rendered":"&#13; &#13; Zawody w PRL-u Pami\u0119tasz wszystkie?\u00a0 Zapraszamy do podr\u00f3\u017cy w czasie do \u015bwiata, w kt\u00f3rym rynek pracy&hellip;\n","protected":false},"author":2,"featured_media":74302,"comment_status":"","ping_status":"","sticky":false,"template":"","format":"standard","meta":{"footnotes":""},"categories":[16],"tags":[113,112,208,291,25,42,38,40,39,41,3689,5269],"class_list":{"0":"post-74301","1":"post","2":"type-post","3":"status-publish","4":"format-standard","5":"has-post-thumbnail","7":"category-biznes","8":"tag-biznes","9":"tag-business","10":"tag-ciekawostki","11":"tag-historia","12":"tag-news","13":"tag-pl","14":"tag-poland","15":"tag-polish","16":"tag-polska","17":"tag-polski","18":"tag-prl","19":"tag-quiz"},"share_on_mastodon":{"url":"https:\/\/pubeurope.com\/@pl\/115458311993308426","error":""},"_links":{"self":[{"href":"https:\/\/www.europesays.com\/pl\/wp-json\/wp\/v2\/posts\/74301","targetHints":{"allow":["GET"]}}],"collection":[{"href":"https:\/\/www.europesays.com\/pl\/wp-json\/wp\/v2\/posts"}],"about":[{"href":"https:\/\/www.europesays.com\/pl\/wp-json\/wp\/v2\/types\/post"}],"author":[{"embeddable":true,"href":"https:\/\/www.europesays.com\/pl\/wp-json\/wp\/v2\/users\/2"}],"replies":[{"embeddable":true,"href":"https:\/\/www.europesays.com\/pl\/wp-json\/wp\/v2\/comments?post=74301"}],"version-history":[{"count":0,"href":"https:\/\/www.europesays.com\/pl\/wp-json\/wp\/v2\/posts\/74301\/revisions"}],"wp:featuredmedia":[{"embeddable":true,"href":"https:\/\/www.europesays.com\/pl\/wp-json\/wp\/v2\/media\/74302"}],"wp:attachment":[{"href":"https:\/\/www.europesays.com\/pl\/wp-json\/wp\/v2\/media?parent=74301"}],"wp:term":[{"taxonomy":"category","embeddable":true,"href":"https:\/\/www.europesays.com\/pl\/wp-json\/wp\/v2\/categories?post=74301"},{"taxonomy":"post_tag","embeddable":true,"href":"https:\/\/www.europesays.com\/pl\/wp-json\/wp\/v2\/tags?post=74301"}],"curies":[{"name":"wp","href":"https:\/\/api.w.org\/{rel}","templated":true}]}}