{"id":74314,"date":"2025-10-29T16:13:10","date_gmt":"2025-10-29T16:13:10","guid":{"rendered":"https:\/\/www.europesays.com\/pl\/74314\/"},"modified":"2025-10-29T16:13:10","modified_gmt":"2025-10-29T16:13:10","slug":"brazylia-wladze-uderzyly-w-gangi-w-rio-de-janeiro-rosnie-liczba-ofiar","status":"publish","type":"post","link":"https:\/\/www.europesays.com\/pl\/74314\/","title":{"rendered":"Brazylia. w\u0142adze uderzy\u0142y w gangi w Rio de Janeiro. Ro\u015bnie liczba ofiar"},"content":{"rendered":"<ul class=\"typography ids-typeset-body ids-typeset-body--preset-large list ids-list ids-list--unordered ids-list--size-large \" datatype=\"disc\">\n<li class=\"ids-list-item\">\n<p>Policja w Rio de Janeiro przeprowadzi\u0142a najwi\u0119ksz\u0105 w historii operacj\u0119 przeciwko gangom, skierowan\u0105 przeciwko organizacji Comando Vermelho.<\/p>\n<\/li>\n<li class=\"ids-list-item\">\n<p>Liczba ofiar \u015bmiertelnych operacji ro\u015bnie. Biuro Obro\u0144cy Publicznego informuje, \u017ce zgin\u0119\u0142y co najmniej 132 osoby.<\/p>\n<\/li>\n<li class=\"ids-list-item\">\n<p>Podczas akcji u\u017cyto zaawansowanego sprz\u0119tu, a w\u015br\u00f3d aresztowanych znalaz\u0142 si\u0119 jeden z lider\u00f3w gangu.<\/p>\n<\/li>\n<li class=\"ids-list-item\">Wi\u0119cej wa\u017cnych informacji znajdziesz na <a class=\"ids-undecorated-link link ids-link link\" href=\"https:\/\/www.interia.pl\/#utm_source=wydarzenia&amp;utm_medium=bullet&amp;utm_campaign=powrot_z_wew&amp;iwa_source=bullet\" target=\"_blank\" rel=\"nofollow noopener\">stronie g\u0142\u00f3wnej Interii<\/a><\/li>\n<\/ul>\n<p class=\"typography ids-typeset-body ids-typeset-body--preset-large link paragraph ids-paragraph ids-paragraph--default\">Co najmniej 132 osoby zgin\u0119\u0142y podczas policyjnej akcji w brazylijskim mie\u015bcie Rio de Janeiro &#8211; przekaza\u0142 portal BBC, powo\u0142uj\u0105c si\u0119 na dane z Biura Obro\u0144cy Publicznego, kt\u00f3re zapewnia pomoc prawn\u0105 ubogim.<\/p>\n<p class=\"typography ids-typeset-body ids-typeset-body--preset-large link paragraph ids-paragraph ids-paragraph--default\">Liczba ofiar jest ponad dwukrotnie wy\u017csza od tej podanej przez w\u0142adze stanowe.<\/p>\n<p class=\"typography ids-typeset-body ids-typeset-body--preset-large link paragraph ids-paragraph ids-paragraph--default\">Jak doda\u0142 portal, wtorkowa akcja policyjna by\u0142 najtragiczniejsz\u0105 w historii miasta, gdzie od dziesi\u0119cioleci w\u0142adze pr\u00f3buj\u0105 powstrzyma\u0107 gangi kontroluj\u0105ce wiele biedniejszych dzielnic.<\/p>\n<p class=\"typography ids-typeset-body ids-typeset-body--preset-large link paragraph ids-paragraph ids-paragraph--default\">Biuro Praw Cz\u0142owieka ONZ pot\u0119pi\u0142o policyjn\u0105 akcj\u0119. Stwierdzono, \u017ce dzia\u0142ania s\u0142u\u017cb by\u0142y &#8222;przera\u017caj\u0105ce&#8221;.<\/p>\n<p class=\"typography ids-typeset-body ids-typeset-body--preset-large link paragraph ids-paragraph ids-paragraph--default\">Wcze\u015bniej podawano ni\u017csze informacje o liczbie ofiar. Mieszka\u0144cy kompleksu faweli Penha w Rio de Janeiro\u00a0w \u015brod\u0119 rano odnale\u017ali na ulicach ponad 50 cia\u0142. W\u0142adze stanu z kolei informowa\u0142y o 61 zabitych, w tym czterech funkcjonariuszach.<\/p>\n<p class=\"typography ids-typeset-body ids-typeset-body--preset-large link paragraph ids-paragraph ids-paragraph--default\">Jak podaje &#8222;El Pais&#8221;, powo\u0142uj\u0105c si\u0119 na sekretarza premiera, pu\u0142kownika Marcela de Menezes Nogueira, cia\u0142a znalezione wczesnym rankiem przez mieszka\u0144c\u00f3w nie zosta\u0142y wliczone\u00a0do liczby ofiar \u015bmiertelnych podanej wczoraj przez brazylijskie w\u0142adze.<\/p>\n<p class=\"typography ids-typeset-body ids-typeset-body--preset-large link paragraph ids-paragraph ids-paragraph--default\">Wed\u0142ug \u015bwiadk\u00f3w na miejscu zdarzenia, cia\u0142a zosta\u0142y zebrane na placu \u015bw. \u0141ukasza, gdzie mieszka\u0144cy staraj\u0105 si\u0119 zidentyfikowa\u0107\u00a0w\u015br\u00f3d zabitych swoich bliskich.<\/p>\n<p>Rio de Janeiro. Najwi\u0119ksza w historii policyjna operacja wymierzona w gangi<\/p>\n<p class=\"typography ids-typeset-body ids-typeset-body--preset-large link paragraph ids-paragraph ids-paragraph--default\">Operacja &#8222;Conten\u00e7\u00e3o&#8221; by\u0142a najwi\u0119ksz\u0105 i najtragiczniejsz\u0105 tego typu akcj\u0105 policyjn\u0105 w historii miasta. Wymierzono j\u0105 w organizacj\u0119\u00a0Comando Vermelho, zaanga\u017cowan\u0105 mi\u0119dzy innymi w handel narkotykami i broni\u0105.<\/p>\n<p class=\"typography ids-typeset-body ids-typeset-body--preset-large link paragraph ids-paragraph ids-paragraph--default\">W akcje przeprowadzon\u0105 w fawelach Alemao i Penha zaanga\u017cowano oko\u0142o 2500 funkcjonariuszy. Policja operowa\u0142a, opr\u00f3cz dron\u00f3w, dwoma helikopterami, 32 pojazdami opancerzonymi i 12 pojazdami saperskimi.<\/p>\n<p class=\"typography ids-typeset-body ids-typeset-body--preset-large link paragraph ids-paragraph ids-paragraph--default\">Podczas operacji aresztowano \u0142\u0105cznie 81 os\u00f3b, w tym, jak podaje CNN Brasil, jednego z przyw\u00f3dc\u00f3w grupy, Thiago do Nascimento Mendes.<\/p>\n<p class=\"typography ids-typeset-body ids-typeset-body--preset-large link paragraph ids-paragraph ids-paragraph--default\">W trakcie policyjnych dzia\u0142a\u0144 dosz\u0142o do strzelanin z cz\u0142onkami gangu, kt\u00f3rzy tak\u017ce skorzystali z najnowszych technologii. Policyjne nagrania pokazuj\u0105 drony\u00a0zrzucaj\u0105ce bomby na miasto.<\/p>\n<p class=\"typography ids-typeset-body ids-typeset-body--preset-large link paragraph ids-paragraph ids-paragraph--default\">Akcja policji mia\u0142a miejsce na kilka dni przed planowanym szczytem klimatycznym ONZ, znanym jako COP30, kt\u00f3rym odb\u0119dzie si\u0119 w brazylijskim Bel\u00e9m.<\/p>\n<p class=\"typography ids-typeset-body ids-typeset-body--preset-large link paragraph ids-paragraph ids-paragraph--default\">\u0179r\u00f3d\u0142a:\u00a0&#8222;El Pais&#8221;, CNN Brasil<\/p>\n<ul class=\"typography ids-typeset-body ids-typeset-body--preset-small list--article-list ids-list ids-list--unordered ids-list--size-small \" datatype=\"disc\">\n<li class=\"ids-list-item ids-list-item__content brief-list-item\"><a class=\"ids-undecorated-link link ids-link \" data-spons=\"false\" href=\"https:\/\/wydarzenia.interia.pl\/zagranica\/news-akcja-amerykanskich-sluzb-u-wybrzezy-wenezueli-atak-kinetycz,nId,22431280\" rel=\"nofollow noopener\" target=\"_blank\">Akcja ameryka\u0144skich s\u0142u\u017cb u wybrze\u017cy Wenezueli. &#8222;Atak kinetyczny&#8221;<\/a><\/li>\n<li class=\"ids-list-item ids-list-item__content brief-list-item\"><a class=\"ids-undecorated-link link ids-link \" data-spons=\"false\" href=\"https:\/\/wydarzenia.interia.pl\/zagranica\/news-masowe-protesty-w-peru-premier-zapowiada-stan-wyjatkowy,nId,22432056\" rel=\"nofollow noopener\" target=\"_blank\">Masowe protesty w Peru. Premier zapowiada stan wyj\u0105tkowy<\/a><\/li>\n<\/ul>\n<p>Szef Kancelarii Prezydenta w &#8221;Go\u015bciu Wydarze\u0144&#8221;: Takiego upadku ministra sprawiedliwo\u015bci nie mieli\u015bmy po 1989 rokuPolsat NewsPolsat News<\/p>\n<p><a class=\"ids-undecorated-link source ids-page-info--source__link\" href=\"https:\/\/www.interia.pl\" rel=\"nofollow noopener\" target=\"_blank\"><img decoding=\"async\" type=\"image\" attachmentident=\"0009A60QQ5I2TYF7\" class=\"ids-image-holder__img\" loading=\"lazy\" alt=\"\" title=\"\" height=\"24px\" src=\"https:\/\/www.europesays.com\/pl\/wp-content\/uploads\/2025\/10\/1761748091_423_0009A60QQ5I2TYF7-C202-F4.webp.webp\"\/><\/a><\/p>\n<p>Masz sugestie, uwagi albo widzisz b\u0142\u0105d? Napisz do nas<\/p>\n","protected":false},"excerpt":{"rendered":"Policja w Rio de Janeiro przeprowadzi\u0142a najwi\u0119ksz\u0105 w historii operacj\u0119 przeciwko gangom, skierowan\u0105 przeciwko organizacji Comando Vermelho. Liczba&hellip;\n","protected":false},"author":2,"featured_media":74315,"comment_status":"","ping_status":"","sticky":false,"template":"","format":"standard","meta":{"footnotes":""},"categories":[14],"tags":[32,33,27,34,35,28,31,25,40,41,80,29,30,26,82,83,84],"class_list":{"0":"post-74314","1":"post","2":"type-post","3":"status-publish","4":"format-standard","5":"has-post-thumbnail","7":"category-swiat","8":"tag-breaking-news","9":"tag-breakingnews","10":"tag-headlines","11":"tag-latest-news","12":"tag-latestnews","13":"tag-naglowki","14":"tag-najwazniejsze-artykuly","15":"tag-news","16":"tag-polish","17":"tag-polski","18":"tag-swiat","19":"tag-top-stories","20":"tag-topstories","21":"tag-wiadomosci","22":"tag-world","23":"tag-world-news","24":"tag-worldnews"},"share_on_mastodon":{"url":"https:\/\/pubeurope.com\/@pl\/115458343169073314","error":""},"_links":{"self":[{"href":"https:\/\/www.europesays.com\/pl\/wp-json\/wp\/v2\/posts\/74314","targetHints":{"allow":["GET"]}}],"collection":[{"href":"https:\/\/www.europesays.com\/pl\/wp-json\/wp\/v2\/posts"}],"about":[{"href":"https:\/\/www.europesays.com\/pl\/wp-json\/wp\/v2\/types\/post"}],"author":[{"embeddable":true,"href":"https:\/\/www.europesays.com\/pl\/wp-json\/wp\/v2\/users\/2"}],"replies":[{"embeddable":true,"href":"https:\/\/www.europesays.com\/pl\/wp-json\/wp\/v2\/comments?post=74314"}],"version-history":[{"count":0,"href":"https:\/\/www.europesays.com\/pl\/wp-json\/wp\/v2\/posts\/74314\/revisions"}],"wp:featuredmedia":[{"embeddable":true,"href":"https:\/\/www.europesays.com\/pl\/wp-json\/wp\/v2\/media\/74315"}],"wp:attachment":[{"href":"https:\/\/www.europesays.com\/pl\/wp-json\/wp\/v2\/media?parent=74314"}],"wp:term":[{"taxonomy":"category","embeddable":true,"href":"https:\/\/www.europesays.com\/pl\/wp-json\/wp\/v2\/categories?post=74314"},{"taxonomy":"post_tag","embeddable":true,"href":"https:\/\/www.europesays.com\/pl\/wp-json\/wp\/v2\/tags?post=74314"}],"curies":[{"name":"wp","href":"https:\/\/api.w.org\/{rel}","templated":true}]}}