{"id":74316,"date":"2025-10-29T16:15:15","date_gmt":"2025-10-29T16:15:15","guid":{"rendered":"https:\/\/www.europesays.com\/pl\/74316\/"},"modified":"2025-10-29T16:15:15","modified_gmt":"2025-10-29T16:15:15","slug":"wniosek-o-uchylenie-immunitetu-dla-zbigniewa-ziobry-decyzja-dopiero-pod-koniec-roku","status":"publish","type":"post","link":"https:\/\/www.europesays.com\/pl\/74316\/","title":{"rendered":"Wniosek o uchylenie immunitetu dla Zbigniewa Ziobry. Decyzja dopiero pod koniec roku"},"content":{"rendered":"<p data-section=\"detail-body\">We wtorek prokurator generalny i minister sprawiedliwo\u015bci Waldemar \u017burek przekaza\u0142 marsza\u0142kowi Sejmu Szymonowi Ho\u0142owni wniosek o wyra\u017cenie zgody na poci\u0105gni\u0119cie Zbigniewa Ziobry do odpowiedzialno\u015bci karnej, a tak\u017ce o jego zatrzymanie i tymczasowe aresztowanie. Prokuratura uzasadni\u0142a to &#8222;dostatecznie uzasadnionym podejrzeniem pope\u0142nienia 26 przest\u0119pstw&#8221;.<\/p>\n<p class=\"article_p\" data-section=\"detail-body\">Wed\u0142ug ustale\u0144 RMF FM, g\u0142osowanie w Sejmie nad uchyleniem immunitetu Ziobrze mo\u017ce odby\u0107 si\u0119 dopiero w grudniu. Najpierw konieczne jest sprawdzenie poprawno\u015bci wniosku prokuratury, co ma nast\u0105pi\u0107 ju\u017c 30 pa\u017adziernika.<\/p>\n<p class=\"article_p\" data-section=\"detail-body\">Dalsza cz\u0119\u015b\u0107 artyku\u0142u pod materia\u0142em wideo:<\/p>\n<p class=\"article_p\" data-section=\"detail-body\">Nast\u0119pnie marsza\u0142ek Sejmu musi przekaza\u0107 wniosek samemu zainteresowanemu i wyznaczy\u0107 mu kilka dni na zapoznanie si\u0119 z dokumentami oraz ewentualn\u0105 rezygnacj\u0119 z immunitetu. Ten etap mo\u017ce by\u0107 szczeg\u00f3lnie trudny, poniewa\u017c formalne dor\u0119czenie dokument\u00f3w Zbigniewowi Ziobrze nie jest \u0142atwe, co potwierdzaj\u0105 urz\u0119dnicy Sejmu.<\/p>\n<p>            Czytaj tak\u017ce w BUSINESS INSIDER<\/p>\n<p>        Procedura uchylenia immunitetu<\/p>\n<p class=\"article_p\" data-section=\"detail-body\">Po zako\u0144czeniu procesu dor\u0119czenia dokument\u00f3w sprawa trafia do komisji sejmowej, kt\u00f3ra musi zapozna\u0107 si\u0119 z wnioskiem i wezwa\u0107 pos\u0142a do przedstawienia swojego stanowiska. Ten etap r\u00f3wnie\u017c zajmuje kilka dni. Ca\u0142a procedura mo\u017ce potrwa\u0107 nawet kilka tygodni, co sprawia, \u017ce g\u0142osowanie w Sejmie najprawdopodobniej odb\u0119dzie si\u0119 dopiero w grudniu.<\/p>\n<p class=\"article_p\" data-section=\"detail-body\">Wed\u0142ug informacji przekazanych przez prokuratur\u0119, Zbigniew Ziobro jest podejrzewany o szereg powa\u017cnych przest\u0119pstw zwi\u0105zanych z zarz\u0105dzaniem Funduszem Sprawiedliwo\u015bci. Prokuratura wskazuje, \u017ce w\u015br\u00f3d zarzut\u00f3w znalaz\u0142y si\u0119 m.in. nieprawid\u0142owo\u015bci w rozdysponowaniu, wydatkowaniu i rozliczaniu \u015brodk\u00f3w z Funduszu, kt\u00f3rym Ziobro zarz\u0105dza\u0142 jako minister sprawiedliwo\u015bci.<\/p>\n<p>        Fundusz Sprawiedliwo\u015bci i zarzuty wobec Ziobry<\/p>\n<p class=\"article_p\" data-section=\"detail-body\">\u015aledczy ustalili, \u017ce z Funduszu Sprawiedliwo\u015bci mia\u0142y by\u0107 finansowane zakupy systemu Pegasus, s\u0142u\u017c\u0105cego do inwigilacji. Prokuratura Krajowa poinformowa\u0142a, \u017ce efektem wielomiesi\u0119cznej pracy Zespo\u0142u \u015aledczego nr 2 by\u0142o zgromadzenie obszernego materia\u0142u dowodowego, w tym zezna\u0144 \u015bwiadk\u00f3w, wyja\u015bnie\u0144 podejrzanych oraz dokumentacji dotycz\u0105cej dotacji z Funduszu Sprawiedliwo\u015bci. Zgromadzone dowody pozwoli\u0142y na sformu\u0142owanie podejrzenia, \u017ce pose\u0142 Zbigniew Ziobro dopu\u015bci\u0142 si\u0119 26 przest\u0119pstw.<\/p>\n<p class=\"article_p\" data-section=\"detail-body\">Rzeczniczka prokuratora generalnego, prokurator Anna Adamiak, podczas wtorkowej konferencji przekaza\u0142a, \u017ce wed\u0142ug ustale\u0144 \u015bledczych Zbigniew Ziobro mia\u0142 za\u0142o\u017cy\u0107 i kierowa\u0107 zorganizowan\u0105 grup\u0105 przest\u0119pcz\u0105. Grupa ta mia\u0142a sk\u0142ada\u0107 si\u0119 z os\u00f3b zatrudnionych w resorcie sprawiedliwo\u015bci oraz powi\u0105zanych z beneficjentami \u015brodk\u00f3w z Funduszu. Wed\u0142ug prokuratury, cz\u0142onkowie tej grupy pope\u0142niali przest\u0119pstwa przeciwko mieniu i dokumentom, wyrz\u0105dzaj\u0105c szkody finansowe. Adamiak wyja\u015bni\u0142a, \u017ce w ramach 26 zarzucanych czyn\u00f3w przyw\u0142aszczono ponad 150 mln z\u0142 z Funduszu Sprawiedliwo\u015bci.<\/p>\n<p class=\"article_p\" data-section=\"detail-body\">Czytaj tak\u017ce: <a href=\"https:\/\/businessinsider.com.pl\/wiadomosci\/zbigniew-ziobro-moze-stanac-przed-sadem-historyczne-zarzuty-w-polsce\/b6hcxf9\" id=\"40a56c52-5da2-4bf8-8df2-fcfd86b26e1d\" rel=\"nofollow noopener\" target=\"_blank\">Donald Tusk komentuje wniosek o areszt dla Zbigniewa Ziobry. &#8222;Pierwszy raz w historii Polski&#8221;<\/a><\/p>\n<p class=\"article_p\" data-section=\"detail-body\">W toku \u015bledztwa ustalono r\u00f3wnie\u017c, \u017ce \u015brodki z Funduszu by\u0142y wykorzystywane niezgodnie z przeznaczeniem, a proceder mia\u0142 charakter zorganizowany i obejmowa\u0142 szeroki kr\u0105g os\u00f3b zwi\u0105zanych z resortem sprawiedliwo\u015bci. Prokuratura podkre\u015bla, \u017ce zgromadzony materia\u0142 dowodowy jest obszerny i obejmuje zar\u00f3wno dokumenty, jak i zeznania \u015bwiadk\u00f3w oraz dane z no\u015bnik\u00f3w elektronicznych.<\/p>\n<p class=\"article_p\" data-section=\"detail-body\">Wszystkie te okoliczno\u015bci sprawiaj\u0105, \u017ce sprawa Zbigniewa Ziobry i jego immunitetu budzi ogromne zainteresowanie opinii publicznej, a jej rozstrzygni\u0119cie mo\u017ce nast\u0105pi\u0107 dopiero pod koniec roku.<\/p>\n","protected":false},"excerpt":{"rendered":"We wtorek prokurator generalny i minister sprawiedliwo\u015bci Waldemar \u017burek przekaza\u0142 marsza\u0142kowi Sejmu Szymonowi Ho\u0142owni wniosek o wyra\u017cenie zgody&hellip;\n","protected":false},"author":2,"featured_media":74317,"comment_status":"","ping_status":"","sticky":false,"template":"","format":"standard","meta":{"footnotes":""},"categories":[5],"tags":[32,33,36,37,27,34,35,28,31,25,42,38,40,39,41,29,30,26],"class_list":{"0":"post-74316","1":"post","2":"type-post","3":"status-publish","4":"format-standard","5":"has-post-thumbnail","7":"category-naglowki","8":"tag-breaking-news","9":"tag-breakingnews","10":"tag-featured-news","11":"tag-featurednews","12":"tag-headlines","13":"tag-latest-news","14":"tag-latestnews","15":"tag-naglowki","16":"tag-najwazniejsze-artykuly","17":"tag-news","18":"tag-pl","19":"tag-poland","20":"tag-polish","21":"tag-polska","22":"tag-polski","23":"tag-top-stories","24":"tag-topstories","25":"tag-wiadomosci"},"share_on_mastodon":{"url":"https:\/\/pubeurope.com\/@pl\/115458351048535880","error":""},"_links":{"self":[{"href":"https:\/\/www.europesays.com\/pl\/wp-json\/wp\/v2\/posts\/74316","targetHints":{"allow":["GET"]}}],"collection":[{"href":"https:\/\/www.europesays.com\/pl\/wp-json\/wp\/v2\/posts"}],"about":[{"href":"https:\/\/www.europesays.com\/pl\/wp-json\/wp\/v2\/types\/post"}],"author":[{"embeddable":true,"href":"https:\/\/www.europesays.com\/pl\/wp-json\/wp\/v2\/users\/2"}],"replies":[{"embeddable":true,"href":"https:\/\/www.europesays.com\/pl\/wp-json\/wp\/v2\/comments?post=74316"}],"version-history":[{"count":0,"href":"https:\/\/www.europesays.com\/pl\/wp-json\/wp\/v2\/posts\/74316\/revisions"}],"wp:featuredmedia":[{"embeddable":true,"href":"https:\/\/www.europesays.com\/pl\/wp-json\/wp\/v2\/media\/74317"}],"wp:attachment":[{"href":"https:\/\/www.europesays.com\/pl\/wp-json\/wp\/v2\/media?parent=74316"}],"wp:term":[{"taxonomy":"category","embeddable":true,"href":"https:\/\/www.europesays.com\/pl\/wp-json\/wp\/v2\/categories?post=74316"},{"taxonomy":"post_tag","embeddable":true,"href":"https:\/\/www.europesays.com\/pl\/wp-json\/wp\/v2\/tags?post=74316"}],"curies":[{"name":"wp","href":"https:\/\/api.w.org\/{rel}","templated":true}]}}