{"id":74320,"date":"2025-10-29T16:17:08","date_gmt":"2025-10-29T16:17:08","guid":{"rendered":"https:\/\/www.europesays.com\/pl\/74320\/"},"modified":"2025-10-29T16:17:08","modified_gmt":"2025-10-29T16:17:08","slug":"jednak-nie-argentyna-cichopek-i-kurzajewski-musza-poczekac-z-podroza-poslubna","status":"publish","type":"post","link":"https:\/\/www.europesays.com\/pl\/74320\/","title":{"rendered":"Jednak nie Argentyna. Cichopek i Kurzajewski musz\u0105 poczeka\u0107 z podr\u00f3\u017c\u0105 po\u015blubn\u0105"},"content":{"rendered":"<p class=\"ods-c-paragraph \"><a href=\"https:\/\/plejada.pl\/katarzyna-cichopek-aktorka\" id=\"51b8e868-baa0-4bb6-a8ed-9c765e5dda2e\" rel=\"nofollow noopener\" target=\"_blank\">Katarzyna Cichopek<\/a> i <a href=\"https:\/\/plejada.pl\/maciej-kurzajewski\" id=\"821c45ae-4a74-4a98-9fab-9c1efe39b344\" rel=\"nofollow noopener\" target=\"_blank\">Maciej Kurzajewski<\/a> pobrali si\u0119 25 pa\u017adziernika. Uroczysto\u015b\u0107 odby\u0142a si\u0119 w malowniczym Hotelu Drob w Urszulinie, po\u0142o\u017conym w sercu Poleskiego Parku Narodowego. Na weselu nie zabrak\u0142o gwiazd i polityk\u00f3w, w tym Joanny Kurskiej, Jacka Kurskiego, Ewy Wachowicz, Anny Lewandowskiej, Marcina Mroczka czy Agnieszki Hy\u017cy. Para w mediach spo\u0142eczno\u015bciowych pochwali\u0142a si\u0119 zdj\u0119ciami z imprezy, pod kt\u00f3rymi pojawi\u0142a si\u0119 masa komentarzy z gratulacjami.<\/p>\n<p>Dalszy ci\u0105g artyku\u0142u pod materia\u0142em wideo<\/p>\n<p> Dlaczego Katarzyna Cichopek i Maciej Kurzajewski nie wybieraj\u0105 si\u0119 do Argentyny? <\/p>\n<p> Gdzie para zamierza lecie\u0107 po \u015blubie? <\/p>\n<p> Kiedy odby\u0142 si\u0119 \u015blub Katarzyny Cichopek i Macieja Kurzajewskiego? <\/p>\n<p> Co para planuje robi\u0107 w Nowym Jorku? <\/p>\n<p>  Nie Argentyna i nie podr\u00f3\u017c po\u015blubna. Tam lec\u0105 Katarzyna Cichopek i Maciej Kurzajewski   <\/p>\n<p class=\"ods-c-paragraph \">Po \u015blubie przysz\u0142a pora na podr\u00f3\u017c po\u015blubn\u0105. Jak donosi\u0142y media Katarzyna Cichopek i Maciej Kurzajewski mieli rzekomo wybiera\u0107 si\u0119 do Argentyny. Para na najnowszym nagraniu w mediach spo\u0142eczno\u015bciowych szybko zdementowa\u0142a te plotki. Jak si\u0119 okazuje, prowadz\u0105cy &#8222;Halo tu Polsat&#8221; wstrzymali si\u0119 z podr\u00f3\u017c\u0105 po\u015blubn\u0105, jednak nie zamierzaj\u0105 rezygnowa\u0107 z jakiejkolwiek podr\u00f3\u017cy. Wybieraj\u0105 si\u0119 bowiem do Nowego Jorku.<\/p>\n<p class=\"ods-c-paragraph \">&#8222;My ju\u017c wr\u00f3cili\u015bmy do naszych codziennych obowi\u0105zk\u00f3w, ale nie na d\u0142ugo&#8221; \u2014 zacz\u0119\u0142a Cichopek.<\/p>\n<blockquote class=\"ods-o-quota\">\n<p class=\"ods-o-quota__paragraph\">Nie na d\u0142ugo, bo ju\u017c jutro wylatujemy do Nowego Jorku. To jeszcze nie jest nasza podr\u00f3\u017c po\u015blubna, na ni\u0105 przyjdzie czas. To b\u0119dzie d\u0142ugi weekend w Nowym Jorku zwi\u0105zany z maratonem nowojorskim<\/p>\n<\/blockquote>\n<p class=\"ods-c-paragraph \">\u2014 wyjawi\u0142 Kurzajewski<\/p>\n<p class=\"ods-c-paragraph \">&#8222;A ja lec\u0119 jako \u00bbsupport team\u00ab i biega\u0107 nie b\u0119d\u0119&#8221; \u2014 doda\u0142a aktorka.<\/p>\n<p class=\"ods-c-paragraph \">&#8222;Natomiast licz\u0119 na wasze wsparcie, trzymajcie kciuki&#8221; \u2014 zako\u0144czy\u0142 prezenter.<\/p>\n<p class=\"ods-c-paragraph \">Na koniec nagrania dodali, \u017ce b\u0119d\u0105 pokazywa\u0107 swoj\u0105 podr\u00f3\u017c za ocean na mediach spo\u0142eczno\u015bciowych.<\/p>\n<p><img decoding=\"async\" src=\"https:\/\/cdn.plejada.pl\/1\/RZ_k9lBaHR0cHM6Ly9vY2RuLmV1L3B1bHNjbXMvTURBXy9jYmE3OGIxNjk5ZDNhZjg2NDU4N2Q0NjE4MWNlM2Y3Zi5qcGeRlQLNAb7NAyDCw94AAqEwB6ExBA\" height=\"529\" width=\"940\" alt=\"Maciej Kurzajewski, Katarzyna Cichopek\" loading=\"lazy\" class=\"ods-c-image__img ods-c-image__img--vertical\"\/><\/p>\n<p>Maciej Kurzajewski, Katarzyna Cichopekinstagram.com\/katarzynacichopek\/<\/p>\n<p class=\"ods-c-paragraph \">Dzi\u0119kujemy, \u017ce przeczyta\u0142a\u015b\/e\u015b nasz artyku\u0142 do ko\u0144ca. W serwisie Plejada.pl ka\u017cdego dnia piszemy o najwa\u017cniejszych wydarzeniach show-biznesowych. B\u0105d\u017a na bie\u017c\u0105co! <a rel=\"nofollow noopener\" href=\"https:\/\/news.google.com\/publications\/CAAiEF0PeAlb7W1llpV_mwV2rL4qFAgKIhBdD3gJW-1tZZaVf5sFdqy-?hl=pl&amp;gl=PL&amp;ceid=PL%3Apl\" id=\"239713ac-9066-405a-9c53-b1ddc914d509\" target=\"_blank\">Obserwuj<\/a> Plejad\u0119 w Wiadomo\u015bciach Google. Odwied\u017a nas tak\u017ce na <a rel=\"nofollow noopener\" href=\"https:\/\/www.facebook.com\/plejadapl\" id=\"d5375e05-d7ac-438d-abb9-4d03070680b3\" target=\"_blank\">Facebooku<\/a>, <a rel=\"nofollow noopener\" href=\"https:\/\/www.instagram.com\/plejadapl\/\" id=\"04baabda-cbf0-4af4-b725-3c49f975a0de\" target=\"_blank\">Instagramie<\/a>, <a rel=\"nofollow noopener\" href=\"https:\/\/www.youtube.com\/c\/plejada\" id=\"f5dd5a88-9725-40f2-9f81-81b94cd89fc1\" target=\"_blank\">YouTube<\/a> oraz <a rel=\"nofollow noopener\" href=\"https:\/\/www.tiktok.com\/@plejada_pl\" id=\"63a875d5-0463-4ff7-91fc-cc97a56b4c4d\" target=\"_blank\">TikToku<\/a>.<\/p>\n<p class=\"ods-c-paragraph \">Chcesz podzieli\u0107 si\u0119 ciekawym newsem lub zaproponowa\u0107 temat? Skontaktuj si\u0119 z nami, pisz\u0105c e-maila na adres: <a rel=\"nofollow noopener\" href=\"https:\/\/plejada.pl\/newsy\/jednak-nie-argentyna-cichopek-i-kurzajewski-musza-poczekac-z-podroza-poslubna\/mailto:plejada@redakcjaonet.pl\" id=\"82eb60ba-abb8-4c75-b542-58758e000a4a\" target=\"_blank\">plejada@redakcjaonet.pl<\/a>.<\/p>\n<p><script async src=\"\/\/www.instagram.com\/embed.js\"><\/script><script async src=\"\/\/www.tiktok.com\/embed.js\"><\/script><\/p>\n","protected":false},"excerpt":{"rendered":"Katarzyna Cichopek i Maciej Kurzajewski pobrali si\u0119 25 pa\u017adziernika. Uroczysto\u015b\u0107 odby\u0142a si\u0119 w malowniczym Hotelu Drob w Urszulinie,&hellip;\n","protected":false},"author":2,"featured_media":74321,"comment_status":"","ping_status":"","sticky":false,"template":"","format":"standard","meta":{"footnotes":""},"categories":[22],"tags":[122,5649,5650,48,125,46,4897,42,38,40,39,41,123,47],"class_list":{"0":"post-74320","1":"post","2":"type-post","3":"status-publish","4":"format-standard","5":"has-post-thumbnail","7":"category-rozrywka","8":"tag-entertainment","9":"tag-katarzyna_cichopek","10":"tag-maciej_kurzajewski","11":"tag-nat_styl","12":"tag-newsy","13":"tag-omp","14":"tag-perso_tst0","15":"tag-pl","16":"tag-poland","17":"tag-polish","18":"tag-polska","19":"tag-polski","20":"tag-rozrywka","21":"tag-screening_general"},"share_on_mastodon":{"url":"https:\/\/pubeurope.com\/@pl\/115458358914131401","error":""},"_links":{"self":[{"href":"https:\/\/www.europesays.com\/pl\/wp-json\/wp\/v2\/posts\/74320","targetHints":{"allow":["GET"]}}],"collection":[{"href":"https:\/\/www.europesays.com\/pl\/wp-json\/wp\/v2\/posts"}],"about":[{"href":"https:\/\/www.europesays.com\/pl\/wp-json\/wp\/v2\/types\/post"}],"author":[{"embeddable":true,"href":"https:\/\/www.europesays.com\/pl\/wp-json\/wp\/v2\/users\/2"}],"replies":[{"embeddable":true,"href":"https:\/\/www.europesays.com\/pl\/wp-json\/wp\/v2\/comments?post=74320"}],"version-history":[{"count":0,"href":"https:\/\/www.europesays.com\/pl\/wp-json\/wp\/v2\/posts\/74320\/revisions"}],"wp:featuredmedia":[{"embeddable":true,"href":"https:\/\/www.europesays.com\/pl\/wp-json\/wp\/v2\/media\/74321"}],"wp:attachment":[{"href":"https:\/\/www.europesays.com\/pl\/wp-json\/wp\/v2\/media?parent=74320"}],"wp:term":[{"taxonomy":"category","embeddable":true,"href":"https:\/\/www.europesays.com\/pl\/wp-json\/wp\/v2\/categories?post=74320"},{"taxonomy":"post_tag","embeddable":true,"href":"https:\/\/www.europesays.com\/pl\/wp-json\/wp\/v2\/tags?post=74320"}],"curies":[{"name":"wp","href":"https:\/\/api.w.org\/{rel}","templated":true}]}}