{"id":74324,"date":"2025-10-29T16:21:07","date_gmt":"2025-10-29T16:21:07","guid":{"rendered":"https:\/\/www.europesays.com\/pl\/74324\/"},"modified":"2025-10-29T16:21:07","modified_gmt":"2025-10-29T16:21:07","slug":"niech-pan-nie-zartuje-przechodzien-przerwal-konferencje-kowalskiego","status":"publish","type":"post","link":"https:\/\/www.europesays.com\/pl\/74324\/","title":{"rendered":"&#8222;Niech pan nie \u017cartuje&#8221;. Przechodzie\u0144 przerwa\u0142 konferencj\u0119 Kowalskiego"},"content":{"rendered":"<p>Janusz Kowalski relacjonowa\u0142 przed siedzib\u0105 KOWR cel kontroli poselskiej Prawa i\u00a0Sprawiedliwo\u015bci. Stwierdzi\u0142, \u017ce od dw\u00f3ch lat w\u0142adze maj\u0105 ukrywa\u0107 spraw\u0119 dzia\u0142ki istotnej dla CPK. Wskaza\u0142 te\u017c na mo\u017cliwy w\u0105tek finansowania kampanii Rafa\u0142a Trzaskowskiego przez rodzin\u0119 biznesmena zwi\u0105zanego z\u00a0t\u0105 nieruchomo\u015bci\u0105, co \u2013\u00a0jego zdaniem \u2013\u00a0mog\u0142oby \u015bwiadczy\u0107 o\u00a0korupcji.<\/p>\n<p>Polityk zapewnia\u0142, \u017ce nie ma zgody na obecny stan w\u00a0sprawie CPK i\u00a0prezentowa\u0142 PiS jako formacj\u0119 &#8222;wysokich standard\u00f3w&#8221;. W\u00a0tym momencie przerwa\u0142 mu przechodzie\u0144: &#8211;\u00a0Niech pan nie \u017cartuje, panie po\u015ble. <\/p>\n<p>&#8211; Co \u017cartuje? Tusk okrada Polsk\u0119 &#8211;\u00a0odpar\u0142 Kowalski, na co m\u0119\u017cczyzna doda\u0142: &#8211;\u00a0Wy te\u017c jeste\u015bcie z\u0142odziejami.<\/p>\n<p>Awantura na\u00a0konferencji PiS. Moment spi\u0119cia z\u00a0dziennikarzem TVP <\/p>\n","protected":false},"excerpt":{"rendered":"Janusz Kowalski relacjonowa\u0142 przed siedzib\u0105 KOWR cel kontroli poselskiej Prawa i\u00a0Sprawiedliwo\u015bci. Stwierdzi\u0142, \u017ce od dw\u00f3ch lat w\u0142adze maj\u0105&hellip;\n","protected":false},"author":2,"featured_media":74325,"comment_status":"","ping_status":"","sticky":false,"template":"","format":"standard","meta":{"footnotes":""},"categories":[12],"tags":[32,33,36,37,27,34,35,28,31,25,42,38,40,39,41,29,30,26],"class_list":{"0":"post-74324","1":"post","2":"type-post","3":"status-publish","4":"format-standard","5":"has-post-thumbnail","7":"category-polska","8":"tag-breaking-news","9":"tag-breakingnews","10":"tag-featured-news","11":"tag-featurednews","12":"tag-headlines","13":"tag-latest-news","14":"tag-latestnews","15":"tag-naglowki","16":"tag-najwazniejsze-artykuly","17":"tag-news","18":"tag-pl","19":"tag-poland","20":"tag-polish","21":"tag-polska","22":"tag-polski","23":"tag-top-stories","24":"tag-topstories","25":"tag-wiadomosci"},"share_on_mastodon":{"url":"https:\/\/pubeurope.com\/@pl\/115458374614628464","error":""},"_links":{"self":[{"href":"https:\/\/www.europesays.com\/pl\/wp-json\/wp\/v2\/posts\/74324","targetHints":{"allow":["GET"]}}],"collection":[{"href":"https:\/\/www.europesays.com\/pl\/wp-json\/wp\/v2\/posts"}],"about":[{"href":"https:\/\/www.europesays.com\/pl\/wp-json\/wp\/v2\/types\/post"}],"author":[{"embeddable":true,"href":"https:\/\/www.europesays.com\/pl\/wp-json\/wp\/v2\/users\/2"}],"replies":[{"embeddable":true,"href":"https:\/\/www.europesays.com\/pl\/wp-json\/wp\/v2\/comments?post=74324"}],"version-history":[{"count":0,"href":"https:\/\/www.europesays.com\/pl\/wp-json\/wp\/v2\/posts\/74324\/revisions"}],"wp:featuredmedia":[{"embeddable":true,"href":"https:\/\/www.europesays.com\/pl\/wp-json\/wp\/v2\/media\/74325"}],"wp:attachment":[{"href":"https:\/\/www.europesays.com\/pl\/wp-json\/wp\/v2\/media?parent=74324"}],"wp:term":[{"taxonomy":"category","embeddable":true,"href":"https:\/\/www.europesays.com\/pl\/wp-json\/wp\/v2\/categories?post=74324"},{"taxonomy":"post_tag","embeddable":true,"href":"https:\/\/www.europesays.com\/pl\/wp-json\/wp\/v2\/tags?post=74324"}],"curies":[{"name":"wp","href":"https:\/\/api.w.org\/{rel}","templated":true}]}}