{"id":74326,"date":"2025-10-29T16:22:10","date_gmt":"2025-10-29T16:22:10","guid":{"rendered":"https:\/\/www.europesays.com\/pl\/74326\/"},"modified":"2025-10-29T16:22:10","modified_gmt":"2025-10-29T16:22:10","slug":"przez-ponad-rok-okradala-81-latke-wpadla-przez-fotopulapke","status":"publish","type":"post","link":"https:\/\/www.europesays.com\/pl\/74326\/","title":{"rendered":"Przez ponad rok okrada\u0142a 81-latk\u0119. Wpad\u0142a przez fotopu\u0142apk\u0119"},"content":{"rendered":"<p>P\u0142o\u0144ska policja zatrzyma\u0142a 36-letni\u0105 mieszkank\u0119 gminy Raci\u0105\u017c. Wed\u0142ug \u015bledczych przez ponad rok obserwowa\u0142a 81-letni\u0105 s\u0105siadk\u0119 i\u00a0pod jej nieobecno\u015b\u0107 wchodzi\u0142a do domu. Mia\u0142a u\u017cywa\u0107 kluczy, kt\u00f3re starsza kobieta wcze\u015bniej zgubi\u0142a. <\/p>\n<p>Informuj\u0105c w\u00a0\u015brod\u0119 o\u00a0zatrzymaniu 36-letniej mieszkanki gminy Raci\u0105\u017c, rzeczniczka Komendy Powiatowej Policji w\u00a0P\u0142o\u0144sku nadkom. Kinga Dr\u0119\u017cek-Zmys\u0142owska podkre\u015bli\u0142a, \u017ce kobieta podejrzana jest o\u00a011 kradzie\u017cy z\u00a0w\u0142amaniem do domu 81-latki, a\u00a0tak\u017ce o\u00a0przyw\u0142aszczenie karty bankomatowej i\u00a0prze\u0142amanie jej zabezpiecze\u0144 elektronicznych, przy czym warto\u015b\u0107 strat to blisko 19 tys. z\u0142.<\/p>\n<p>Policjanci, kt\u00f3rzy po zawiadomieniu z\u0142o\u017conym przez 53-letniego syna seniorki zaj\u0119li si\u0119 spraw\u0105 systematycznie gin\u0105cych w\u00a0jej domu pieni\u0119dzy, ustalili, \u017ce 36-letnia s\u0105siadka znalaz\u0142a zgubione przez starsz\u0105 pani\u0105 klucze i\u00a0od lipca ub. r. regularnie z\u00a0nich korzysta\u0142a &#8211;\u00a0obserwowa\u0142a 81-latk\u0119 i\u00a0pod jej nieobecno\u015b\u0107 wchodzi\u0142a do jej domu.<\/p>\n<p>Syn seniorki wiedzia\u0142 o\u00a0znikaj\u0105cych w\u00a0domu pieni\u0105dzach i\u00a0pocz\u0105tkowo t\u0142umaczy\u0142 to roztargnieniem matki. &#8211;\u00a0Chcia\u0142 wierzy\u0107, \u017ce to tylko kwestia wieku i\u00a0s\u0142abszej pami\u0119ci. Jednak z\u00a0czasem sytuacje zacz\u0119\u0142y si\u0119 powtarza\u0107 zbyt cz\u0119sto. W\u00a0pa\u017adzierniku tego roku 53-latek postanowi\u0142 dzia\u0142a\u0107 i\u00a0zainstalowa\u0142 w\u00a0domu matki fotopu\u0142apk\u0119 &#8211;\u00a0wyja\u015bni\u0142a nadkom. Dr\u0119\u017cek-Zmys\u0142owska.<\/p>\n<p>Jak doda\u0142a, to co nagra\u0142a kamera zamontowana w\u00a0domu 81-latki nie pozostawia\u0142o w\u0105tpliwo\u015bci &#8211;\u00a0podczas nieobecno\u015bci seniorki do domu wesz\u0142a mieszkaj\u0105ca niedaleko 36-letnia kobieta, nast\u0119pnie z\u00a0szafki, w\u00a0kt\u00f3rej starsza pani trzyma\u0142a pieni\u0105dze, zabra\u0142a 900 z\u0142 i\u00a0wysz\u0142a. I\u00a0nie by\u0142 to pierwszy raz, gdy odwiedzi\u0142a seniork\u0119.<\/p>\n<p>Policjanci przeszukali dom 36-latki, w\u00a0kt\u00f3rym znale\u017ali m.in. par\u0119 kluczy nale\u017c\u0105cych do pokrzywdzonej starszej pani. Zatrzymana z\u0142odziejka przyzna\u0142a si\u0119 do winy. T\u0142umaczy\u0142a funkcjonariuszom, \u017ce dzia\u0142a\u0142a &#8222;okazjonalnie&#8221;, gdy widzia\u0142a, \u017ce 81-latka wychodzi z\u00a0domu.<\/p>\n<p>W jednym z\u00a0przypadk\u00f3w 36-latka ukrad\u0142a kart\u0119 bankomatow\u0105 seniorki i\u00a0zap\u0142aci\u0142a ni\u0105 za zakupy w\u00a0sklepie stacjonarnym, a\u00a0tak\u017ce za zam\u00f3wienie internetowe na ponad 400 z\u0142, a\u00a0kiedy karta zosta\u0142a zablokowana, wyrzuci\u0142a j\u0105.<\/p>\n<p>\u0141\u0105cznie, podejrzana o\u00a0kradzie\u017ce z\u00a0w\u0142amaniem, us\u0142ysza\u0142a 13 zarzut\u00f3w. &#8211;\u00a0Za pope\u0142nione przest\u0119pstwa 36-latce grozi do 10 lat pozbawienia wolno\u015bci &#8211;\u00a0zaznaczy\u0142a rzeczniczka p\u0142o\u0144skiej policji. <\/p>\n","protected":false},"excerpt":{"rendered":"P\u0142o\u0144ska policja zatrzyma\u0142a 36-letni\u0105 mieszkank\u0119 gminy Raci\u0105\u017c. Wed\u0142ug \u015bledczych przez ponad rok obserwowa\u0142a 81-letni\u0105 s\u0105siadk\u0119 i\u00a0pod jej nieobecno\u015b\u0107&hellip;\n","protected":false},"author":2,"featured_media":74327,"comment_status":"","ping_status":"","sticky":false,"template":"","format":"standard","meta":{"footnotes":""},"categories":[5],"tags":[32,33,36,37,27,34,35,28,31,25,42,38,40,39,41,29,30,26],"class_list":{"0":"post-74326","1":"post","2":"type-post","3":"status-publish","4":"format-standard","5":"has-post-thumbnail","7":"category-naglowki","8":"tag-breaking-news","9":"tag-breakingnews","10":"tag-featured-news","11":"tag-featurednews","12":"tag-headlines","13":"tag-latest-news","14":"tag-latestnews","15":"tag-naglowki","16":"tag-najwazniejsze-artykuly","17":"tag-news","18":"tag-pl","19":"tag-poland","20":"tag-polish","21":"tag-polska","22":"tag-polski","23":"tag-top-stories","24":"tag-topstories","25":"tag-wiadomosci"},"share_on_mastodon":{"url":"https:\/\/pubeurope.com\/@pl\/115458378558526884","error":""},"_links":{"self":[{"href":"https:\/\/www.europesays.com\/pl\/wp-json\/wp\/v2\/posts\/74326","targetHints":{"allow":["GET"]}}],"collection":[{"href":"https:\/\/www.europesays.com\/pl\/wp-json\/wp\/v2\/posts"}],"about":[{"href":"https:\/\/www.europesays.com\/pl\/wp-json\/wp\/v2\/types\/post"}],"author":[{"embeddable":true,"href":"https:\/\/www.europesays.com\/pl\/wp-json\/wp\/v2\/users\/2"}],"replies":[{"embeddable":true,"href":"https:\/\/www.europesays.com\/pl\/wp-json\/wp\/v2\/comments?post=74326"}],"version-history":[{"count":0,"href":"https:\/\/www.europesays.com\/pl\/wp-json\/wp\/v2\/posts\/74326\/revisions"}],"wp:featuredmedia":[{"embeddable":true,"href":"https:\/\/www.europesays.com\/pl\/wp-json\/wp\/v2\/media\/74327"}],"wp:attachment":[{"href":"https:\/\/www.europesays.com\/pl\/wp-json\/wp\/v2\/media?parent=74326"}],"wp:term":[{"taxonomy":"category","embeddable":true,"href":"https:\/\/www.europesays.com\/pl\/wp-json\/wp\/v2\/categories?post=74326"},{"taxonomy":"post_tag","embeddable":true,"href":"https:\/\/www.europesays.com\/pl\/wp-json\/wp\/v2\/tags?post=74326"}],"curies":[{"name":"wp","href":"https:\/\/api.w.org\/{rel}","templated":true}]}}