{"id":74330,"date":"2025-10-29T16:28:10","date_gmt":"2025-10-29T16:28:10","guid":{"rendered":"https:\/\/www.europesays.com\/pl\/74330\/"},"modified":"2025-10-29T16:28:10","modified_gmt":"2025-10-29T16:28:10","slug":"polskie-miasto-pozwalo-panstwo-domaga-sie-pieniedzy","status":"publish","type":"post","link":"https:\/\/www.europesays.com\/pl\/74330\/","title":{"rendered":"Polskie miasto pozwa\u0142o pa\u0144stwo. Domaga si\u0119 pieni\u0119dzy"},"content":{"rendered":"\n<p>&#13;<br \/>\nJak informuj\u0105 media, sprawa z\u00a0pow\u00f3dztwa w\u0142adz Szczecina w\u0142a\u015bnie si\u0119 rozpocz\u0119\u0142a. Miasto domaga si\u0119 zwrotu ponad 111 mln z\u0142\u00a0za\u00a0okres lat 2018-2020, kiedy to\u00a0subwencja o\u015bwiatowa mia\u0142a nie\u00a0pokrywa\u0107 zapotrzebowania samorz\u0105du na\u00a0wynagrodzenia dla\u00a0nauczycieli w\u00a0szko\u0142ach i\u00a0przedszkolach. &#13;\n<\/p>\n<p>&#13;<br \/>\n\u2013 Oczekujemy, \u017ce\u00a0skoro rz\u0105d i\u00a0minister odpowiedzialny za\u00a0edukacj\u0119 nie\u00a0okre\u015bla, co\u00a0jest adekwatno\u015bci\u0105, to\u00a0musi to\u00a0stwierdzi\u0107 s\u0105d. Nie\u00a0mo\u017cemy \u017cy\u0107 w\u00a0ci\u0105g\u0142ej niepewno\u015bci, bo\u00a0permanentnie mierzymy si\u0119 z\u00a0sytuacj\u0105, \u017ce\u00a0nie wiemy, ile \u015brodk\u00f3w otrzymamy na\u00a0o\u015bwiat\u0119 ani jakie podwy\u017cki dla\u00a0nauczycieli zostan\u0105 wynegocjowane. Przez to\u00a0nie mo\u017cemy planowa\u0107 naszych finans\u00f3w \u2013\u00a0przyzna\u0142 Piotr Krzystek, prezydent Szczecina. &#13;\n<\/p>\n<p>&#13;<br \/>\nJak t\u0142umaczy polityk, obecny mechanizm finansowania o\u015bwiaty dzia\u0142a w\u00a0taki spos\u00f3b, \u017ce\u00a0w\u00a0efekcie r\u00f3\u017cnica pomi\u0119dzy wynagrodzeniami nauczycieli i\u00a0pochodnymi a\u00a0potrzebami o\u015bwiatowymi dalej pozostaje kwot\u0105 znacz\u0105c\u0105. &#13;\n<\/p>\n<p>&#13;<br \/>\n\u2013 To\u00a0dopiero pierwszy rok obowi\u0105zywania nowego systemu i\u00a0dopiero b\u0119dziemy robi\u0107 konkretne wyliczenia, ale\u00a0niewiele si\u0119 zmieni\u0142o. W\u00a0bie\u017c\u0105cym roku spora grupa nauczycieli przesz\u0142a na\u00a0emerytur\u0119 i\u00a0tylko dlatego podwy\u017cka wyp\u0142acona nauczycielom zosta\u0142a pokryta w\u00a0ramach potrzeb o\u015bwiatowych. Ale\u00a0to\u00a0nie zmienia sytuacji, \u017ce\u00a0tej kwoty nie\u00a0wystarcza na\u00a0wynagrodzenia \u2013\u00a0doda\u0142 samorz\u0105dowiec. &#13;\n<\/p>\n<p>&#13;<br \/>\nProcesowi przygl\u0105da si\u0119 Zwi\u0105zek Miast Polskich. Zrzeszeni w\u00a0nim przedstawiciele lokalnych w\u0142adz wskazuj\u0105, \u017ce\u00a0decyzja prezydenta Krzystka jest odwa\u017cna i\u00a0bezprecedensowa. &#13;\n<\/p>\n<p>&#13;<br \/>\n\u2013 Droga s\u0105dowa to\u00a0nowe rozwi\u0105zanie. Do\u00a0tej pory samorz\u0105dy, przy dobrze sformu\u0142owanych pozwach i\u00a0dobrze udokumentowanych wydatkach, wygrywa\u0142y niejednokrotnie ze\u00a0Skarbem Pa\u0144stwa. W\u00a0o\u015bwiacie tego jeszcze nie\u00a0by\u0142o \u2013\u00a0przyzna\u0142 Andrzej Porawski, dyrektor biura Zwi\u0105zku Miast Polskich. &#13;\n<\/p>\n<p>Nie ma\u00a0pieni\u0119dzy dla\u00a0nauczycieli<\/p>\n<p>&#13;<br \/>\nPolskie samorz\u0105dy bij\u0105 na\u00a0alarm \u2013\u00a0<a href=\"https:\/\/dorzeczy.pl\/ekonomia\/760104\/podwyzki-dla-nauczycieli-samorzady-nie-maja-pieniedzy.html\" rel=\"nofollow noopener\" target=\"_blank\">brakuje im\u00a0ponad 40 miliard\u00f3w z\u0142otych na\u00a0finansowanie o\u015bwiaty<\/a>. Tymczasem rz\u0105d zapowiada kolejne podwy\u017cki dla\u00a0nauczycieli, nie\u00a0zapewniaj\u0105c odpowiedniego wsparcia finansowego z\u00a0bud\u017cetu pa\u0144stwa. &#13;\n<\/p>\n<p>&#13;<br \/>\nZdaniem samorz\u0105dowc\u00f3w, po\u00a0reformie finansowania JST, rzeczywiste potrzeby bud\u017cetowe gmin i\u00a0powiat\u00f3w s\u0105 lekcewa\u017cone. Nowy system przewiduje, \u017ce\u00a0najpierw samorz\u0105dy finansuj\u0105 wydatki z\u00a0w\u0142asnych dochod\u00f3w, a\u00a0dopiero p\u00f3\u017aniej mog\u0105 liczy\u0107 na\u00a0wyr\u00f3wnanie, o\u00a0ile w\u00a0og\u00f3le je\u00a0otrzymaj\u0105. Zdaniem Zwi\u0105zku Powiat\u00f3w Polskich tylko w\u00a02025 roku ma\u00a0zabrakn\u0105\u0107 samorz\u0105dom co\u00a0najmniej 40 mld z\u0142 na\u00a0realizacj\u0119 potrzeb o\u015bwiatowych. &#13;\n<\/p>\n<p>&#13;<br \/>\nCzytaj te\u017c:<br \/><a href=\"https:\/\/dorzeczy.pl\/ekonomia\/664816\/w-polsce-brakuje-pieniedzy-na-wyplaty-dla-nauczycieli.html\" rel=\"follow nofollow noopener\" data-schema=\"DORZECZY\" data-image=\"https:\/\/img.dorzeczy.pl\/_thumb\/d0\/f5\/6ddd718e0a33debb4d321f23f114.jpeg\" target=\"_blank\">Zabrak\u0142o pieni\u0119dzy na\u00a0wyp\u0142aty dla\u00a0nauczycieli. &#8222;Przestaj\u0105 prowadzi\u0107 lekcje&#8221;<\/a>Czytaj te\u017c:<br \/><a href=\"https:\/\/dorzeczy.pl\/kraj\/560868\/nowacka-chce-odciac-szkoly-katolickie-od-pieniedzy-z-budzetu.html\" rel=\"follow nofollow noopener\" data-schema=\"DORZECZY\" data-image=\"https:\/\/img.dorzeczy.pl\/_thumb\/23\/df\/5ef0cc5c8d82e2736271cccbb872.jpeg\" target=\"_blank\">Nowacka chce odci\u0105\u0107 szko\u0142y katolickie od\u00a0pieni\u0119dzy. &#8222;Rewolucyjna gor\u0105czka&#8221;<\/a>&#13;<\/p>\n","protected":false},"excerpt":{"rendered":"&#13; Jak informuj\u0105 media, sprawa z\u00a0pow\u00f3dztwa w\u0142adz Szczecina w\u0142a\u015bnie si\u0119 rozpocz\u0119\u0142a. Miasto domaga si\u0119 zwrotu ponad 111 mln&hellip;\n","protected":false},"author":2,"featured_media":74331,"comment_status":"","ping_status":"","sticky":false,"template":"","format":"standard","meta":{"footnotes":""},"categories":[12],"tags":[32,33,98,105,36,37,27,49,34,35,601,28,31,25,18331,18330,42,38,40,39,41,286,380,12957,11957,2307,29,30,26],"class_list":{"0":"post-74330","1":"post","2":"type-post","3":"status-publish","4":"format-standard","5":"has-post-thumbnail","7":"category-polska","8":"tag-breaking-news","9":"tag-breakingnews","10":"tag-dorzeczy","11":"tag-ekonomia","12":"tag-featured-news","13":"tag-featurednews","14":"tag-headlines","15":"tag-kraj","16":"tag-latest-news","17":"tag-latestnews","18":"tag-marcin-bugaj","19":"tag-naglowki","20":"tag-najwazniejsze-artykuly","21":"tag-news","22":"tag-oswiatowa","23":"tag-panstwa","24":"tag-pl","25":"tag-poland","26":"tag-polish","27":"tag-polska","28":"tag-polski","29":"tag-pozew","30":"tag-rzad","31":"tag-skarb","32":"tag-subwencja","33":"tag-szczecin","34":"tag-top-stories","35":"tag-topstories","36":"tag-wiadomosci"},"share_on_mastodon":{"url":"https:\/\/pubeurope.com\/@pl\/115458402213878148","error":""},"_links":{"self":[{"href":"https:\/\/www.europesays.com\/pl\/wp-json\/wp\/v2\/posts\/74330","targetHints":{"allow":["GET"]}}],"collection":[{"href":"https:\/\/www.europesays.com\/pl\/wp-json\/wp\/v2\/posts"}],"about":[{"href":"https:\/\/www.europesays.com\/pl\/wp-json\/wp\/v2\/types\/post"}],"author":[{"embeddable":true,"href":"https:\/\/www.europesays.com\/pl\/wp-json\/wp\/v2\/users\/2"}],"replies":[{"embeddable":true,"href":"https:\/\/www.europesays.com\/pl\/wp-json\/wp\/v2\/comments?post=74330"}],"version-history":[{"count":0,"href":"https:\/\/www.europesays.com\/pl\/wp-json\/wp\/v2\/posts\/74330\/revisions"}],"wp:featuredmedia":[{"embeddable":true,"href":"https:\/\/www.europesays.com\/pl\/wp-json\/wp\/v2\/media\/74331"}],"wp:attachment":[{"href":"https:\/\/www.europesays.com\/pl\/wp-json\/wp\/v2\/media?parent=74330"}],"wp:term":[{"taxonomy":"category","embeddable":true,"href":"https:\/\/www.europesays.com\/pl\/wp-json\/wp\/v2\/categories?post=74330"},{"taxonomy":"post_tag","embeddable":true,"href":"https:\/\/www.europesays.com\/pl\/wp-json\/wp\/v2\/tags?post=74330"}],"curies":[{"name":"wp","href":"https:\/\/api.w.org\/{rel}","templated":true}]}}