{"id":74340,"date":"2025-10-29T16:36:14","date_gmt":"2025-10-29T16:36:14","guid":{"rendered":"https:\/\/www.europesays.com\/pl\/74340\/"},"modified":"2025-10-29T16:36:14","modified_gmt":"2025-10-29T16:36:14","slug":"takich-derbow-krakowa-nie-bylo-od-28-lat-zdecydowal-gol-stadiony-swiata-pilka-nozna","status":"publish","type":"post","link":"https:\/\/www.europesays.com\/pl\/74340\/","title":{"rendered":"Takich derb\u00f3w Krakowa nie by\u0142o od 28 lat. Zdecydowa\u0142 gol 'stadiony \u015bwiata&#8217;! Pi\u0142ka no\u017cna"},"content":{"rendered":"<p class=\"art_paragraph\">Derby Krakowa w polskiej pi\u0142ce? Jako pierwsze bezsprzecznie przychodzi do g\u0142owy starcie Wis\u0142y z Cracovi\u0105, a obecnie w 1. Lidze Wis\u0142y z Wieczyst\u0105. Los jednak postanowi\u0142 wykorzysta\u0107 Puchar Polski, by zorganizowa\u0107 takie krakowsko-krakowskie starcie, jakiego nie widzieli\u015bmy od bardzo dawna. Konkretniej m\u00f3wi\u0105c, przez ponad 28 lat, bo &#8222;Bia\u0142a Gwiazda&#8221; po raz ostatni zagra\u0142a z Hutnikiem Krak\u00f3w 5 marca 1997 roku. Na stadionie Wis\u0142y pad\u0142 wtedy remis 0:0, a Hutnik w sezonie 1996\/97 spad\u0142 z najwy\u017cszego poziomu rozgrywkowego i do dzi\u015b nie powr\u00f3ci\u0142.<\/p>\n<p>\n    Zobacz wideo Siatkarki MOYA Radomki Radom z trzecim zwyci\u0119stwem w sezonie 25\/26. Kornelia Garita: Nie zagra\u0142y\u015bmy dzisiaj naszej siatk\u00f3wki&#8221;\n  <\/p>\n<p> 28 lat min\u0119\u0142o jak jeden dzie\u0144\u00a0<\/p>\n<p class=\"art_paragraph\">Teraz nieco zakurzona ju\u017c ksi\u0119ga ich historii zn\u00f3w zosta\u0142a otwarta, by napisa\u0107 kolejny rozdzia\u0142. Bezsprzecznym faworytem by\u0142a lideruj\u0105ca na poziomie 1. Ligi Wis\u0142a. Nawet bez kontuzjowanego Angela Rodado &#8222;Bia\u0142a Gwiazda&#8221; mia\u0142a na papierze obowi\u0105zek ten <a href=\"https:\/\/www.sport.pl\/euro\/7,154862,31079522,kto-dzis-gra-na-euro-2024-jakie-mecze-dzisiaj-piatek-21-czerwca.html#anchorLink\" rel=\"nofollow noopener\" target=\"_blank\">mecz<\/a> wygra\u0107. Hutnik to z kolei aktualnie 14. dru\u017cyna 2. Ligi. W dodatku w s\u0142abiutkiej formie, bo ligowego starcia nie wygrali od 17 wrze\u015bnia i pojedynku z GKS-em Jastrz\u0119bie-Zdr\u00f3j. Od tamtej pory ograli tylko Siark\u0119 Tarnobrzeg w PP (1:0), a w walce o punkty do tabeli a\u017c cztery razy przegrywali, tylko dwukrotnie remisuj\u0105c.<\/p>\n<p class=\"art_paragraph\">Wis\u0142a nie wysz\u0142a na ten <a href=\"https:\/\/www.sport.pl\/pilka\/7,64946,32318791,to-nie-zart-podolski-zagral-dla-polski-co-to-byl-za-mecz.html#anchorLink\" rel=\"nofollow noopener\" target=\"_blank\">mecz<\/a> wcale przesadnie rezerwowym <a href=\"https:\/\/www.sport.pl\/sklad#anchorLink\" rel=\"nofollow noopener\" target=\"_blank\">sk\u0142adem<\/a>. Byli m.in. Maciej Kuziemka, Frederico Duarte, Kacper Duda czy Jakub Krzy\u017canowski. Za to w dru\u017cynie Hutnika na boisko wyszed\u0142 np.\u00a0Wilde Donald Guerrier, haita\u0144ski skrzyd\u0142owy, kt\u00f3ry w latach 2013-2016 gra\u0142 dla Wis\u0142y jeszcze w jej ekstraklasowych czasach. Pierwsza po\u0142owa wcale nie okaza\u0142a si\u0119 spacerkiem dla &#8222;Bia\u0142ej Gwiazdy&#8221;.<\/p>\n<p> Ten mecz potrzebowa\u0142 bohatera. I on si\u0119 objawi\u0142. Wspania\u0142y gol!<\/p>\n<p class=\"art_paragraph\">Przez 45 minut trudno by\u0142o nawet o celny strza\u0142. Wi\u015ble brakowa\u0142o nieco koncepcji na rozpracowanie szczelnej defensywy Hutnika. Nie byli w stanie zdominowa\u0107 zespo\u0142u z ligi ni\u017cej w taki spos\u00f3b, w jaki by chcieli, przez co pr\u00f3\u017cno by\u0142o szuka\u0107 dobrych sytuacji na strzelenie gola. Hutnik szuka\u0142 swoich szans poprzez do\u015brodkowania, ale we w\u0142asnym polu karnym w powietrzu panowali rywale. Tym samym do przerwy by\u0142o 0:0.\u00a0<\/p>\n<p class=\"art_paragraph\">Druga po\u0142owa nie zacz\u0119\u0142a si\u0119 przesadnie &#8222;\u017cywiej&#8221;. Pi\u0142karskie szachy trwa\u0142y, ale w ko\u0144cu pojawi\u0142 si\u0119 kto\u015b, kto wywr\u00f3ci\u0142 wszystko do <a href=\"https:\/\/www.sport.pl\/zimowe\/7,110743,26686299,mordercza-gora-ze-szklanym-sufitem-dlaczego-k2-tak-skutecznie.html#anchorLink\" rel=\"nofollow noopener\" target=\"_blank\">g\u00f3ry<\/a> nogami. Tym kim\u015b okaza\u0142 si\u0119 Kacper Duda. W 61. minucie m\u0142ody pomocnik podszed\u0142 do pi\u0142ki ustawionej w ramach rzutu wolnego na mniej wi\u0119cej 30. metrze i odda\u0142 fenomenalny strza\u0142 prosto w okienko bramki Hutnika! To by\u0142o co\u015b, na co ogl\u0105daj\u0105cy to spotkanie (wy\u0142\u0105czaj\u0105c fan\u00f3w Hutnika) czekali ponad godzin\u0119. Cudowny gol!\u00a0<\/p>\n<p class=\"art_paragraph\">Hutnik nie mia\u0142 ju\u017c nic do stracenia, ale kreowanie dobrych sytuacji bramkowych sz\u0142o im jak krew z nosa. To Wis\u0142a by\u0142a bli\u017cej drugiego gola, gdy w 79. minucie Ardit Nikaj przegra\u0142 pojedynek sam na sam z Danielem Hoyo-Kowalskim. Lider 1. Ligi bardzo umiej\u0119tnie kontrolowa\u0142 wydarzenia boiskowe. Hutnik nie potrafi\u0142 ich zepchn\u0105\u0107 do defensywy. Najbli\u017cej by\u0142o w doliczonym czasie gry, gdy z kilku metr\u00f3w w polu karnym uderza\u0142 Damian \u015aliwa, ale po pierwsze kapitalnie obroni\u0142 Broda, a po drugie i tak by\u0142 spalony. Gospodarze nie zdo\u0142ali wyr\u00f3wna\u0107, dzi\u0119ki czemu Wis\u0142a zwyci\u0119\u017cy\u0142a 1:0, melduj\u0105c si\u0119 w 1\/8 fina\u0142u Pucharu Polski!\u00a0<\/p>\n<p> Hutnik Krak\u00f3w &#8211; Wis\u0142a Krak\u00f3w 0:1 (Duda 61&#8242;)<\/p>\n<ul class=\"art_uList\">\n<li class=\"art_list_el\">Hutnik: Damian Hoyo-Kowalski &#8211; Ho\u0142uj (78. Motrych), Burka, Daniel Hoyo-Kowalski, Gandziarowski &#8211; Kieli\u015b (88. Bil), Urba\u0144czyk, Jopek (78. Szablowski), Guerrier (71. Rzepka) &#8211; Sowi\u0144ski (71. \u015aliwa), Prusi\u0144ski\u00a0<\/li>\n<li class=\"art_list_el\">Trener: Krzysztof \u015awi\u0105tek<\/li>\n<li class=\"art_list_el\">Wis\u0142a: Broda &#8211;\u00a0Kutwa, Colley, \u0141asicki, Krzy\u017canowski (88. Grujci\u0107) &#8211; Carbo (46. Igbekeme), Omi\u0107 &#8211; Kuziemka (62. Nikaj), Duda (62. Bozi\u0107), Duarte &#8211; Kawa\u0142a (81. Baniowski)<\/li>\n<li class=\"art_list_el\">Trener: Mariusz Jop<\/li>\n<li class=\"art_list_el\">S\u0119dzia: Mateusz Piszczelok (Katowice)<\/li>\n<li class=\"art_list_el\">\u017b\u00f3\u0142te kartki: Kieli\u015b, Burka, \u015aliwa, Ho\u0142uj (Hutnik) &#8211; Duda, Bozi\u0107 (Wis\u0142a)<\/li>\n<\/ul>\n","protected":false},"excerpt":{"rendered":"Derby Krakowa w polskiej pi\u0142ce? Jako pierwsze bezsprzecznie przychodzi do g\u0142owy starcie Wis\u0142y z Cracovi\u0105, a obecnie w&hellip;\n","protected":false},"author":2,"featured_media":74341,"comment_status":"","ping_status":"","sticky":false,"template":"","format":"standard","meta":{"footnotes":""},"categories":[5],"tags":[32,33,36,37,27,34,35,28,31,25,42,38,40,39,41,29,30,26],"class_list":{"0":"post-74340","1":"post","2":"type-post","3":"status-publish","4":"format-standard","5":"has-post-thumbnail","7":"category-naglowki","8":"tag-breaking-news","9":"tag-breakingnews","10":"tag-featured-news","11":"tag-featurednews","12":"tag-headlines","13":"tag-latest-news","14":"tag-latestnews","15":"tag-naglowki","16":"tag-najwazniejsze-artykuly","17":"tag-news","18":"tag-pl","19":"tag-poland","20":"tag-polish","21":"tag-polska","22":"tag-polski","23":"tag-top-stories","24":"tag-topstories","25":"tag-wiadomosci"},"share_on_mastodon":{"url":"https:\/\/pubeurope.com\/@pl\/115458433713103105","error":""},"_links":{"self":[{"href":"https:\/\/www.europesays.com\/pl\/wp-json\/wp\/v2\/posts\/74340","targetHints":{"allow":["GET"]}}],"collection":[{"href":"https:\/\/www.europesays.com\/pl\/wp-json\/wp\/v2\/posts"}],"about":[{"href":"https:\/\/www.europesays.com\/pl\/wp-json\/wp\/v2\/types\/post"}],"author":[{"embeddable":true,"href":"https:\/\/www.europesays.com\/pl\/wp-json\/wp\/v2\/users\/2"}],"replies":[{"embeddable":true,"href":"https:\/\/www.europesays.com\/pl\/wp-json\/wp\/v2\/comments?post=74340"}],"version-history":[{"count":0,"href":"https:\/\/www.europesays.com\/pl\/wp-json\/wp\/v2\/posts\/74340\/revisions"}],"wp:featuredmedia":[{"embeddable":true,"href":"https:\/\/www.europesays.com\/pl\/wp-json\/wp\/v2\/media\/74341"}],"wp:attachment":[{"href":"https:\/\/www.europesays.com\/pl\/wp-json\/wp\/v2\/media?parent=74340"}],"wp:term":[{"taxonomy":"category","embeddable":true,"href":"https:\/\/www.europesays.com\/pl\/wp-json\/wp\/v2\/categories?post=74340"},{"taxonomy":"post_tag","embeddable":true,"href":"https:\/\/www.europesays.com\/pl\/wp-json\/wp\/v2\/tags?post=74340"}],"curies":[{"name":"wp","href":"https:\/\/api.w.org\/{rel}","templated":true}]}}