{"id":74344,"date":"2025-10-29T16:38:10","date_gmt":"2025-10-29T16:38:10","guid":{"rendered":"https:\/\/www.europesays.com\/pl\/74344\/"},"modified":"2025-10-29T16:38:10","modified_gmt":"2025-10-29T16:38:10","slug":"zmiany-wsrod-uczestnikow-tanca-z-gwiazdami-jest-oficjalny-komunikat-rmf-fm","status":"publish","type":"post","link":"https:\/\/www.europesays.com\/pl\/74344\/","title":{"rendered":"Zmiany w\u015br\u00f3d uczestnik\u00f3w \u201eTa\u0144ca z gwiazdami\u201d. Jest oficjalny komunikat :: RMF FM"},"content":{"rendered":"<p>17. edycja \u201eTa\u0144ca z gwiazdami\u201d nie przestaje zaskakiwa\u0107. W najbli\u017cszym, \u00f3smym odcinku, zajd\u0105 zmiany w gronie uczestnik\u00f3w. Razem z nimi na parkiet wyjd\u0105 zwyci\u0119zcy poprzednich edycji! Ju\u017c wiadomo, kto z kim zata\u0144czy. <\/p>\n<p><img decoding=\"async\" alt=\"\" src=\"https:\/\/www.europesays.com\/pl\/wp-content\/uploads\/2025\/10\/251d11877a1716d6d68912e7aedcbdec.jpg\" class=\"w-100\"\/><\/p>\n<p>Z kim zata\u0144cz\u0105 zwyci\u0119zcy \u201eTa\u0144ca z gwiazdami\u201d? Fot. AKPA\/Pi\u0119tka Mieszko<\/p>\n<p>&#13;<br \/>\n\t\u201e<a href=\"https:\/\/www.rmf.fm\/magazyn\/tag,Taniec%20z%20gwiazdami.html\" rel=\"nofollow noopener\" target=\"_blank\">Taniec z gwiazdami<\/a>\u201d. Zwyci\u0119zcy wracaj\u0105 na parkiet<\/p>\n<p>&#13;<br \/>\n\tW 17. edycji \u201eTa\u0144ca z gwiazdami\u201d na widz\u00f3w i uczestnik\u00f3w co chwil\u0119 czekaj\u0105 kolejne niespodzianki. Nie inaczej b\u0119dzie w nadchodz\u0105c\u0105 niedziel\u0119. W ubieg\u0142ym odcinku Paulina Sykut-Je\u017cyna i Krzysztof Ibisz og\u0142osili, \u017ce na parkiet wr\u00f3c\u0105 zwyci\u0119zcy minionych edycji. Wyst\u0105pi\u0105 oni z parami, kt\u00f3re aktualnie walcz\u0105 o Kryszta\u0142ow\u0105 Kul\u0119. Dzi\u015b produkcja w mediach spo\u0142eczno\u015bciowych zdradzi\u0142a szczeg\u00f3\u0142y.<\/p>\n<p>&#13;<br \/>\n\tZ kim zata\u0144cz\u0105 zwyci\u0119zcy \u201eTa\u0144ca z gwiazdami\u201d?<\/p>\n<p>&#13;<br \/>\n\tNa oficjalnym profilu \u201eTa\u0144ca z gwiazdami\u201d pojawi\u0142y si\u0119 dwa wpisy, w kt\u00f3rych produkcja og\u0142osi\u0142a, jaki zwyci\u0119zca wyst\u0105pi z dan\u0105 par\u0105. W pierwszym z nich dowiadujemy si\u0119, do kogo do\u0142\u0105cz\u0105: Anna Mucha, Joanna Mazur oraz Aneta Zaj\u0105c.<\/p>\n<blockquote><p>&#13;<\/p>\n<p>&#13;<br \/>\n\t\tPoznajcie jubileuszowe tria, kt\u00f3re ju\u017c w niedziel\u0119 zaprezentuj\u0105 si\u0119 na parkiecie: Maurycy, Sara oraz Anna Mucha, Wiktoria, Kamil oraz Joanna Mazur, Basia, Micha\u0142 oraz Aneta Zaj\u0105c. Taneczne wsparcie od zwyci\u0119\u017cczy\u0144 poprzednich edycji b\u0119dzie na wag\u0119 z\u0142ota \u2013 czytamy.<\/p>\n<p>&#13;\n<\/p><\/blockquote>\n<p>&#13;<br \/>\n\tDruga publikacja zdradza natomiast, \u017ce na parkiecie znowu zobaczymy: Rafa\u0142a Mroczka, Anit\u0119 Soko\u0142owsk\u0105 oraz Roberta Wabicha.<\/p>\n<blockquote><p>&#13;<\/p>\n<p>&#13;<br \/>\n\t\tPoznajcie jubileuszowe tria, kt\u00f3re ju\u017c w niedziel\u0119 zaprezentuj\u0105 si\u0119 na parkiecie: Bagi, Magdalena oraz Rafa\u0142 Mroczek, Katarzyna, Janja oraz Anita Soko\u0142owska, Tomasz, Izabela oraz Robert Wabich. Dodatkowe wsparcie si\u0119 przyda, bo to w\u0142a\u015bnie nasi wyj\u0105tkowi go\u015bcie wiedz\u0105 jak zdobywa\u0107 Kryszta\u0142owe Kule \u2013 brzmi komunikat.<\/p>\n<p>&#13;\n<\/p><\/blockquote>\n<blockquote class=\"instagram-media\" data-instgrm-captioned=\"\" data-instgrm-permalink=\"https:\/\/www.instagram.com\/p\/DQY1daWjW0_\/?utm_source=ig_embed&amp;utm_campaign=loading\" data-instgrm-version=\"14\" style=\" background:#FFF; border:0; border-radius:3px; box-shadow:0 0 1px 0 rgba(0,0,0,0.5),0 1px 10px 0 rgba(0,0,0,0.15); margin: 1px; max-width:540px; min-width:326px; padding:0; width:99.375%; width:-webkit-calc(100% - 2px); width:calc(100% - 2px);\"\/><p><\/p>\n<blockquote class=\"instagram-media\" data-instgrm-captioned=\"\" data-instgrm-permalink=\"https:\/\/www.instagram.com\/p\/DQYyBZdDfCV\/?utm_source=ig_embed&amp;utm_campaign=loading\" data-instgrm-version=\"14\" style=\" background:#FFF; border:0; border-radius:3px; box-shadow:0 0 1px 0 rgba(0,0,0,0.5),0 1px 10px 0 rgba(0,0,0,0.15); margin: 1px; max-width:540px; min-width:326px; padding:0; width:99.375%; width:-webkit-calc(100% - 2px); width:calc(100% - 2px);\"\/>\n<p>\t\t\t\t\t\t<script async src=\"\/\/www.instagram.com\/embed.js\"><\/script><\/p>\n","protected":false},"excerpt":{"rendered":"17. edycja \u201eTa\u0144ca z gwiazdami\u201d nie przestaje zaskakiwa\u0107. W najbli\u017cszym, \u00f3smym odcinku, zajd\u0105 zmiany w gronie uczestnik\u00f3w. Razem&hellip;\n","protected":false},"author":2,"featured_media":74345,"comment_status":"","ping_status":"","sticky":false,"template":"","format":"standard","meta":{"footnotes":""},"categories":[22],"tags":[122,42,38,40,39,41,123,4930,10023,15647,14030],"class_list":{"0":"post-74344","1":"post","2":"type-post","3":"status-publish","4":"format-standard","5":"has-post-thumbnail","7":"category-rozrywka","8":"tag-entertainment","9":"tag-pl","10":"tag-poland","11":"tag-polish","12":"tag-polska","13":"tag-polski","14":"tag-rozrywka","15":"tag-taniec-z-gwiazdami","16":"tag-tzg","17":"tag-tzg-17","18":"tag-tzg-rmf"},"share_on_mastodon":{"url":"https:\/\/pubeurope.com\/@pl\/115458441512338856","error":""},"_links":{"self":[{"href":"https:\/\/www.europesays.com\/pl\/wp-json\/wp\/v2\/posts\/74344","targetHints":{"allow":["GET"]}}],"collection":[{"href":"https:\/\/www.europesays.com\/pl\/wp-json\/wp\/v2\/posts"}],"about":[{"href":"https:\/\/www.europesays.com\/pl\/wp-json\/wp\/v2\/types\/post"}],"author":[{"embeddable":true,"href":"https:\/\/www.europesays.com\/pl\/wp-json\/wp\/v2\/users\/2"}],"replies":[{"embeddable":true,"href":"https:\/\/www.europesays.com\/pl\/wp-json\/wp\/v2\/comments?post=74344"}],"version-history":[{"count":0,"href":"https:\/\/www.europesays.com\/pl\/wp-json\/wp\/v2\/posts\/74344\/revisions"}],"wp:featuredmedia":[{"embeddable":true,"href":"https:\/\/www.europesays.com\/pl\/wp-json\/wp\/v2\/media\/74345"}],"wp:attachment":[{"href":"https:\/\/www.europesays.com\/pl\/wp-json\/wp\/v2\/media?parent=74344"}],"wp:term":[{"taxonomy":"category","embeddable":true,"href":"https:\/\/www.europesays.com\/pl\/wp-json\/wp\/v2\/categories?post=74344"},{"taxonomy":"post_tag","embeddable":true,"href":"https:\/\/www.europesays.com\/pl\/wp-json\/wp\/v2\/tags?post=74344"}],"curies":[{"name":"wp","href":"https:\/\/api.w.org\/{rel}","templated":true}]}}