{"id":74421,"date":"2025-10-29T17:51:12","date_gmt":"2025-10-29T17:51:12","guid":{"rendered":"https:\/\/www.europesays.com\/pl\/74421\/"},"modified":"2025-10-29T17:51:12","modified_gmt":"2025-10-29T17:51:12","slug":"tragedia-na-lubelszczyznie-17-latek-nie-zyje-policja-zatrzymala-jego-13-letniego-brata-onet-2","status":"publish","type":"post","link":"https:\/\/www.europesays.com\/pl\/74421\/","title":{"rendered":"Tragedia na Lubelszczy\u017anie. 17-latek nie \u017cyje, policja zatrzyma\u0142a jego 13-letniego brata &#8211; Onet"},"content":{"rendered":"<ol>\n<li><a href=\"https:\/\/news.google.com\/rss\/articles\/CBMiuAFBVV95cUxPam5Yb01xeFNGcDJ1SkFTZG1KZFBPclN3RXBpZ3FsbmpHaldGRWF2Tnh6WWJ4M2hwSUNnQldkRG9WaDQyMGJNR1dTWlh5NXBhTlhWODRXcjQwUWlvbEVwSVdDSjNpa0V2ME15ZmdZNEU2VmM0Q2tMNWpLc041VXFGZHNTZUJIaFZSVk5xTjVFbXU4d2NRV0lJc2pzbE1fZVpOMFNqQnNwVXdicURaTkdwR01ac0x0N2R6?oc=5\" target=\"_blank\" rel=\"nofollow noopener\">Tragedia na Lubelszczy\u017anie. 17-latek nie \u017cyje, policja zatrzyma\u0142a jego 13-letniego brata<\/a>&nbsp;&nbsp;Onet<\/li>\n<li><a href=\"https:\/\/news.google.com\/rss\/articles\/CBMirgFBVV95cUxQdTMxczJ0QXlXVEFzd0l5Nnp2a3AwMFY0NUZVUWtqQ2VzZmdocndNYWk1Sk5oUFc1Z3l0M3M2ajNLMWVGRDk5MFF1QWhrU0I0LWEyYUEtbGJvenE2WFdROEduNDY1X3BmSzEwTF83d1dxSkM4NmNDc0hlWnAtUUotZjRPRmQyTUgtdUc0STNUTTZqaG8yaElaMXUtaUFFSVJYTzhRYkpOLVV6Q2pleFE?oc=5\" target=\"_blank\" rel=\"nofollow noopener\">Nie \u017cyje 17-latek. Policjanci zatrzymali jego 13-letniego brata<\/a>&nbsp;&nbsp;TVN24<\/li>\n<li><a href=\"https:\/\/news.google.com\/rss\/articles\/CBMilwFBVV95cUxNN0pqMzU3cXNMWjN4Rms2OE1DbVBxQUNTcVNTckVGLXhyWHM0Z3FoYXZ0NDlXWXA0SlNVNkRScllRLWxiM0FXNXNtZmxtUF9mS0NYMzJ0ODhDeEhzXzRmM3k2eHJrQUxiUnEtT2pRbENSNk1YaVpqcHNiSm96V0VDZmNtY3lYZDZIdG5kdnZWUi1HZHlfaWI4?oc=5\" target=\"_blank\" rel=\"nofollow noopener\">Tragedia w powiecie radzy\u0144skim. Nie \u017cyje 17-latek<\/a>&nbsp;&nbsp;Podlasie24<\/li>\n<li><a href=\"https:\/\/news.google.com\/rss\/articles\/CBMiqwFBVV95cUxQRTJieF9KSXJoRzR5MWduRENrSS1KUkktam5zT29aQ3ZXOGN1d3U4Qk5DcEo1YjF6RUdSeHRMcDNmQmpXNXVONFhaOUlrYW96eldSTmVGV1dMejg2T1ZzZjdyRHNIT3RyRmFlTjZ5VGs0UUk3aGluS2lGMFN5Zl9pNWltUFAxMXNQaHlKOURKbnRaVTNnbXlRYjNPT2JtN1pHazJLNnllczVseEE?oc=5\" target=\"_blank\" rel=\"nofollow noopener\">Rodzinna tragedia. Nie \u017cyje 17-latek, zatrzymano 13-letniego brata<\/a>&nbsp;&nbsp;WP Wiadomo\u015bci<\/li>\n<li><a href=\"https:\/\/news.google.com\/rss\/articles\/CBMipAFBVV95cUxObjhVRC1aY2lPU2ZiOXo0QXVNQkxpREM4aDd4YTB1bGd2UWxuRTBIOE9pUGZjNExZNWNyNGtGbkk2SDNrNjY3QnFTWlZqbkVXRnl5X2VSdE9tR0M1a1owcVJyWkFPYUNCaEkyaGRVS1hOQVp5bTdNWUlBQkhTalNJTUt3NEE2ZkJwZjBUZkRfbTlodWpjQ1B3UVFtRFMtVkZfXzZsZQ?oc=5\" target=\"_blank\" rel=\"nofollow noopener\">Tragedia na Lubelszczy\u017anie. Nie \u017cyje 17-latek<\/a>&nbsp;&nbsp;Wydarzenia w INTERIA.PL<\/li>\n<\/ol>\n","protected":false},"excerpt":{"rendered":"Tragedia na Lubelszczy\u017anie. 17-latek nie \u017cyje, policja zatrzyma\u0142a jego 13-letniego brata&nbsp;&nbsp;Onet Nie \u017cyje 17-latek. Policjanci zatrzymali jego 13-letniego&hellip;\n","protected":false},"author":2,"featured_media":74176,"comment_status":"","ping_status":"","sticky":false,"template":"","format":"standard","meta":{"footnotes":""},"categories":[5],"tags":[32,33,245,36,37,27,67,34,35,28,31,53,25,52,68,51,55,42,38,251,40,39,41,47,29,30,65,50,26,3459],"class_list":{"0":"post-74421","1":"post","2":"type-post","3":"status-publish","4":"format-standard","5":"has-post-thumbnail","7":"category-naglowki","8":"tag-breaking-news","9":"tag-breakingnews","10":"tag-dziecko_dzieci_dziecinstwo","11":"tag-featured-news","12":"tag-featurednews","13":"tag-headlines","14":"tag-intextvideo_splayer","15":"tag-latest-news","16":"tag-latestnews","17":"tag-naglowki","18":"tag-najwazniejsze-artykuly","19":"tag-new_header","20":"tag-news","21":"tag-onet3","22":"tag-onet3d","23":"tag-onet3d_2i","24":"tag-phx","25":"tag-pl","26":"tag-poland","27":"tag-policja_policjanci_policjant_policjantka_policjantki","28":"tag-polish","29":"tag-polska","30":"tag-polski","31":"tag-screening_general","32":"tag-top-stories","33":"tag-topstories","34":"tag-update_me","35":"tag-v2021","36":"tag-wiadomosci","37":"tag-zabojstwo_morderstwo_morderstwa_zabojstwa"},"share_on_mastodon":{"url":"","error":"Validation failed: Text character limit of 500 exceeded"},"_links":{"self":[{"href":"https:\/\/www.europesays.com\/pl\/wp-json\/wp\/v2\/posts\/74421","targetHints":{"allow":["GET"]}}],"collection":[{"href":"https:\/\/www.europesays.com\/pl\/wp-json\/wp\/v2\/posts"}],"about":[{"href":"https:\/\/www.europesays.com\/pl\/wp-json\/wp\/v2\/types\/post"}],"author":[{"embeddable":true,"href":"https:\/\/www.europesays.com\/pl\/wp-json\/wp\/v2\/users\/2"}],"replies":[{"embeddable":true,"href":"https:\/\/www.europesays.com\/pl\/wp-json\/wp\/v2\/comments?post=74421"}],"version-history":[{"count":0,"href":"https:\/\/www.europesays.com\/pl\/wp-json\/wp\/v2\/posts\/74421\/revisions"}],"wp:featuredmedia":[{"embeddable":true,"href":"https:\/\/www.europesays.com\/pl\/wp-json\/wp\/v2\/media\/74176"}],"wp:attachment":[{"href":"https:\/\/www.europesays.com\/pl\/wp-json\/wp\/v2\/media?parent=74421"}],"wp:term":[{"taxonomy":"category","embeddable":true,"href":"https:\/\/www.europesays.com\/pl\/wp-json\/wp\/v2\/categories?post=74421"},{"taxonomy":"post_tag","embeddable":true,"href":"https:\/\/www.europesays.com\/pl\/wp-json\/wp\/v2\/tags?post=74421"}],"curies":[{"name":"wp","href":"https:\/\/api.w.org\/{rel}","templated":true}]}}