{"id":74511,"date":"2025-10-29T18:54:13","date_gmt":"2025-10-29T18:54:13","guid":{"rendered":"https:\/\/www.europesays.com\/pl\/74511\/"},"modified":"2025-10-29T18:54:13","modified_gmt":"2025-10-29T18:54:13","slug":"swiatek-tuz-przed-sabalenka-tyle-juz-zarobily","status":"publish","type":"post","link":"https:\/\/www.europesays.com\/pl\/74511\/","title":{"rendered":"\u015awi\u0105tek tu\u017c przed Sabalenk\u0105. Tyle ju\u017c zarobi\u0142y"},"content":{"rendered":"\n<p class=\"contentpart contentpart--default contentpart--text\" data-position=\"0\"><a href=\"https:\/\/sportowefakty.wp.pl\/tenis\/iga-swiatek\" rel=\"nofollow noopener\" target=\"_blank\">Iga \u015awi\u0105tek<\/a>\u00a0po zmaganiach w Wuhan ma na liczniku 42 945 490 dolar\u00f3w. To daje jej drug\u0105 pozycj\u0119 w zestawieniu wszech czas\u00f3w WTA. Raszynianka nad Venus Williams ma ju\u017c przewag\u0119, a realnie walczy teraz z\u00a0<a href=\"https:\/\/sportowefakty.wp.pl\/tenis\/aryna-sabalenka\" rel=\"nofollow noopener\" target=\"_blank\">Aryn\u0105 Sabalenk\u0105<\/a>\u00a0(42 480 621 dolar\u00f3w).<\/p>\n<p class=\"contentpart contentpart--default contentpart--text\" data-position=\"1\">WTA Finals ruszaj\u0105 1 listopada w Rijadzie, z pul\u0105 ponad 15 mln dolar\u00f3w. Maksymalny scenariusz to ponad 5 mln dolar\u00f3w dla niepokonanej mistrzyni. Sam udzia\u0142 to 340 tysi\u0119cy, za\u015b ka\u017cda wygrana w grupie to 355 tysi\u0119cy, wi\u0119c jedno zwyci\u0119stwo wystarczy, by \u015awi\u0105tek przekroczy\u0142a 10 mln w sezonie.<\/p>\n<p> <img role=\"presentation\" src=\"https:\/\/std.wpcdn.pl\/images\/adv\/placeholder_wp.svg\" loading=\"lazy\" alt=\"\" decoding=\"async\"\/>  <\/p>\n<p class=\"contentpart contentpart--default contentpart--text\" data-position=\"2\">ZOBACZ WIDEO: Dosta\u0142 przelew od ministerstwa. A\u017c zadzwoni\u0142, czy to na pewno ta kwota<\/p>\n<p class=\"contentpart contentpart--default contentpart--text\" data-position=\"4\">W latach 2022 i 2023 \u015awi\u0105tek inkasowa\u0142a oko\u0142o 9,87 mln i 9,85 mln dol. Teraz mo\u017ce zamkn\u0105\u0107 rok z zarobkiem si\u0119gaj\u0105cym 15 mln. Serena Williams (94 816 930 dolar\u00f3w) pozostaje jednak poza zasi\u0119giem.<\/p>\n<p class=\"contentpart contentpart--default contentpart--text\" data-position=\"5\">Na obecnej li\u015bcie p\u0142ac za 2025 rok \u015awi\u0105tek traci 3 mln do Sabalenki. R\u00f3\u017cnic\u0119 zrobi\u0142 wielkoszlemowy US Open &#8211; Bia\u0142orusinka otrzyma\u0142a 5 mln, podczas gdy \u015awi\u0105tek za Wimbledon 4,07 mln, czyli 20 proc. mniej.<\/p>\n<p class=\"contentpart contentpart--default contentpart--text\" data-position=\"6\">Pozostali Polacy z czo\u0142owej &#8222;setki&#8221; zarobili blisko milion. To du\u017ca suma, lecz przy prywatnym modelu pracy, kosztach teamu i podr\u00f3\u017cy bilans wygl\u0105da inaczej.<\/p>\n","protected":false},"excerpt":{"rendered":"Iga \u015awi\u0105tek\u00a0po zmaganiach w Wuhan ma na liczniku 42 945 490 dolar\u00f3w. To daje jej drug\u0105 pozycj\u0119 w&hellip;\n","protected":false},"author":2,"featured_media":74512,"comment_status":"","ping_status":"","sticky":false,"template":"","format":"standard","meta":{"footnotes":""},"categories":[5],"tags":[517,32,33,36,37,27,158,34,35,28,31,25,42,38,40,39,41,268,156,29,30,26],"class_list":{"0":"post-74511","1":"post","2":"type-post","3":"status-publish","4":"format-standard","5":"has-post-thumbnail","7":"category-naglowki","8":"tag-aryna-sabalenka","9":"tag-breaking-news","10":"tag-breakingnews","11":"tag-featured-news","12":"tag-featurednews","13":"tag-headlines","14":"tag-iga-swiatek","15":"tag-latest-news","16":"tag-latestnews","17":"tag-naglowki","18":"tag-najwazniejsze-artykuly","19":"tag-news","20":"tag-pl","21":"tag-poland","22":"tag-polish","23":"tag-polska","24":"tag-polski","25":"tag-sportowybar","26":"tag-tenis","27":"tag-top-stories","28":"tag-topstories","29":"tag-wiadomosci"},"share_on_mastodon":{"url":"https:\/\/pubeurope.com\/@pl\/115458976435829381","error":""},"_links":{"self":[{"href":"https:\/\/www.europesays.com\/pl\/wp-json\/wp\/v2\/posts\/74511","targetHints":{"allow":["GET"]}}],"collection":[{"href":"https:\/\/www.europesays.com\/pl\/wp-json\/wp\/v2\/posts"}],"about":[{"href":"https:\/\/www.europesays.com\/pl\/wp-json\/wp\/v2\/types\/post"}],"author":[{"embeddable":true,"href":"https:\/\/www.europesays.com\/pl\/wp-json\/wp\/v2\/users\/2"}],"replies":[{"embeddable":true,"href":"https:\/\/www.europesays.com\/pl\/wp-json\/wp\/v2\/comments?post=74511"}],"version-history":[{"count":0,"href":"https:\/\/www.europesays.com\/pl\/wp-json\/wp\/v2\/posts\/74511\/revisions"}],"wp:featuredmedia":[{"embeddable":true,"href":"https:\/\/www.europesays.com\/pl\/wp-json\/wp\/v2\/media\/74512"}],"wp:attachment":[{"href":"https:\/\/www.europesays.com\/pl\/wp-json\/wp\/v2\/media?parent=74511"}],"wp:term":[{"taxonomy":"category","embeddable":true,"href":"https:\/\/www.europesays.com\/pl\/wp-json\/wp\/v2\/categories?post=74511"},{"taxonomy":"post_tag","embeddable":true,"href":"https:\/\/www.europesays.com\/pl\/wp-json\/wp\/v2\/tags?post=74511"}],"curies":[{"name":"wp","href":"https:\/\/api.w.org\/{rel}","templated":true}]}}