{"id":74533,"date":"2025-10-29T19:06:09","date_gmt":"2025-10-29T19:06:09","guid":{"rendered":"https:\/\/www.europesays.com\/pl\/74533\/"},"modified":"2025-10-29T19:06:09","modified_gmt":"2025-10-29T19:06:09","slug":"granica-z-bialorusia-litwa-chce-konsultacji-z-polska-po-slowach-tuska","status":"publish","type":"post","link":"https:\/\/www.europesays.com\/pl\/74533\/","title":{"rendered":"Granica z Bia\u0142orusi\u0105. Litwa chce konsultacji z Polsk\u0105 po s\u0142owach Tuska"},"content":{"rendered":"\n<p>&#13;<br \/>\nW poniedzia\u0142ek w\u0142adze Litwy zdecydowa\u0142y si\u0119 na\u00a0bezterminowe zamkni\u0119cie naziemnych przej\u015b\u0107 granicznych z\u00a0Bia\u0142orusi\u0105. Premier Litwy Inga Ruginiene poinformowa\u0142a, \u017ce\u00a0coraz cz\u0119stsze przypadki naruszania litewskiej przestrzeni powietrznej przez <a href=\"https:\/\/dorzeczy.pl\/opinie\/797799\/balony-nad-litwa-zamykaja-granice-z-bialorusia.html\" rel=\"nofollow noopener\" target=\"_blank\">balony meteorologiczne nadlatuj\u0105ce z\u00a0Bia\u0142orusi<\/a> traktowane s\u0105 jako forma ataku hybrydowego. &#13;\n<\/p>\n<p>&#13;<br \/>\nSzefowa litewskiego rz\u0105du og\u0142osi\u0142a r\u00f3wnie\u017c, \u017ce\u00a0powsta\u0142 szczeg\u00f3\u0142owy plan dzia\u0142a\u0144 maj\u0105cych przeciwdzia\u0142a\u0107 tego typu incydentom. W\u00a0jego realizacj\u0119 zaanga\u017cowane zostan\u0105 r\u00f3\u017cne ministerstwa oraz\u00a0instytucje pa\u0144stwowe. &#13;\n<\/p>\n<p>&#13;<br \/>\nRuginien\u0117 doda\u0142a, \u017ce\u00a0rozwa\u017ca mo\u017cliwo\u015b\u0107 zwo\u0142ania konsultacji NATO ws. artyku\u0142u 4. Dotychczas t\u0119\u00a0procedur\u0119 uruchomiono zaledwie dziewi\u0119\u0107 razy. Ostatni raz mia\u0142o to\u00a0miejsce we\u00a0wrze\u015bniu za\u00a0spraw\u0105 Polski i\u00a0Estonii, gdy Rosja naruszy\u0142a przestrze\u0144 powietrzn\u0105 pa\u0144stw Sojuszu. &#13;\n<\/p>\n<p>Dwa przej\u015bcia graniczne z\u00a0Bia\u0142orusi\u0105 ponownie otwarte?<\/p>\n<p>&#13;<br \/>\n\u2013 B\u0119dziemy gotowi do\u00a0otwarcia dw\u00f3ch przej\u015b\u0107 granicznych w\u00a0Bobrownikach i\u00a0Ku\u017anicy \u2013\u00a0poinformowa\u0142 z\u00a0kolei we\u00a0wtorek <a href=\"https:\/\/dorzeczy.pl\/kraj\/798456\/przelomowa-decyzja-ws-granicy-z-bialorusia-premier-zapowiada.html\" rel=\"nofollow noopener\" target=\"_blank\">premier Donald Tusk<\/a>. &#13;\n<\/p>\n<p>&#13;<br \/>\n\u2013 Je\u015bli chodzi o\u00a0Bobrowniki, nie\u00a0ma\u00a0logistycznych problem\u00f3w. Je\u015bli chodzi o\u00a0Ku\u017anic\u0119, jak wiecie, tam jeszcze do\u00a0ko\u0144ca roku nie\u00a0b\u0119dzie gotowa do\u00a0ko\u0144ca nawierzchnia na\u00a0S19, wi\u0119c do\u00a0ko\u0144ca roku dotyczy\u0142oby to\u00a0samochod\u00f3w do\u00a03,5 tony, nie\u00a0ci\u0119\u017cszych, dop\u00f3ki nie\u00a0sko\u0144czy si\u0119 robota na\u00a0nawierzchni \u2013\u00a0t\u0142umaczy\u0142 szef rz\u0105du w\u00a0trakcie Forum Sp\u00f3jno\u015bci i\u00a0Rozwoju Granicznego Unii Europejskiej. &#13;\n<\/p>\n<p>&#13;<br \/>\nPremier doda\u0142, \u017ce\u00a0w\u00a0listopadzie oba przej\u015bcia powinny by\u0107 otworzone. Ja doda\u0142, &#8222;na pr\u00f3b\u0119&#8221;. \u2013\u00a0To\u00a0znaczy je\u015bli oka\u017ce si\u0119, to\u00a0te\u017c chc\u0119 wam szczerze powiedzie\u0107, \u017ce\u00a0z\u00a0jakich\u015b powod\u00f3w, nie\u00a0chc\u0119 ich teraz symulowa\u0107, b\u0119dziemy musieli, jak m\u00f3wi\u0119 o\u00a0powodach, to\u00a0o\u00a0bezpiecze\u0144stwie Polski, je\u015bli b\u0119dzie trzeba zamkn\u0105\u0107 granice, to\u00a0nie b\u0119d\u0119 si\u0119 waha\u0142 ani chwili \u2013\u00a0stwierdzi\u0142. &#13;\n<\/p>\n<p>Szef MSW Litwy: Polacy na\u00a0pewno b\u0119d\u0105 z\u00a0nami rozmawia\u0107<\/p>\n<p>&#13;<br \/>\nNa s\u0142owa Donalda Tuska zareagowa\u0142 szef litewskiego MSW W\u0142adys\u0142aw Kondratowicz. Minister zapowiedzia\u0142 rozmowy z\u00a0polskim rz\u0105dem dotycz\u0105ce wypracowania wsp\u00f3lnego stanowiska w\u00a0sprawie zamkni\u0119cia granic. &#13;\n<\/p>\n<p>&#13;<br \/>\nJak zaznaczy\u0142 Kondratowicz, Warszawa podejmie ostateczn\u0105 decyzj\u0119 w\u00a0tej sprawie po\u00a0konsultacji ze\u00a0stron\u0105 litewsk\u0105. &#13;\n<\/p>\n<p>&#13;<br \/>\n\u2013 Kr\u00f3tko korespondowali\u015bmy, \u017ce\u00a0si\u0119 z\u00a0nami skonsultuj\u0105. Potem widzia\u0142em te\u017c o\u015bwiadczenia Donalda Tuska, \u017ce\u00a0rozumie sytuacj\u0119 Litwy w\u00a0sprawie balon\u00f3w i\u00a0kryzysu, kt\u00f3ry si\u0119 pojawi\u0142. Podejmuj\u0105c decyzj\u0119 (Polacy) na\u00a0pewno b\u0119d\u0105 rozmawia\u0107 z\u00a0nami. My\u015bl\u0119, \u017ce\u00a0premierka om\u00f3wi t\u0119\u00a0kwesti\u0119 z\u00a0premierem Polski, a\u00a0potem Polacy najprawdopodobniej og\u0142osz\u0105 swoj\u0105 ostateczn\u0105 decyzj\u0119 \u2013\u00a0powiedzia\u0142 minister spraw wewn\u0119trznych Litwy. &#13;\n<\/p>\n<p>&#13;<br \/>\nCzytaj te\u017c:<br \/><a href=\"https:\/\/dorzeczy.pl\/unia-europejska\/798648\/masowa-migracja-byly-szef-frontexu-leggeri-ma-rade-dla-polski.html\" rel=\"follow nofollow noopener\" data-schema=\"DORZECZY\" data-image=\"https:\/\/img.dorzeczy.pl\/_thumb\/20\/ee\/381f9bab8ba1125bc6fdc518e403.jpeg\" target=\"_blank\">&#8222;To bardzo nie\u00a0spodoba\u0142o si\u0119 KE&#8221;. By\u0142y szef Frontexu ma\u00a0rad\u0119 dla\u00a0Polski<\/a>Czytaj te\u017c:<br \/><a href=\"https:\/\/dorzeczy.pl\/opinie\/798615\/oriesznik-przy-polskiej-granicy-lukaszenka-oskarza-polskie-wladze.html\" rel=\"follow nofollow noopener\" data-schema=\"DORZECZY\" data-image=\"https:\/\/img.dorzeczy.pl\/_thumb\/44\/9c\/c8f05da2bc39eb3166862c245fd1.jpeg\" target=\"_blank\">Oriesznik przy polskiej granicy. \u0141ukaszenka oskar\u017ca polskie w\u0142adze<\/a>&#13;<\/p>\n","protected":false},"excerpt":{"rendered":"&#13; W poniedzia\u0142ek w\u0142adze Litwy zdecydowa\u0142y si\u0119 na\u00a0bezterminowe zamkni\u0119cie naziemnych przej\u015b\u0107 granicznych z\u00a0Bia\u0142orusi\u0105. Premier Litwy Inga Ruginiene poinformowa\u0142a,&hellip;\n","protected":false},"author":2,"featured_media":74534,"comment_status":"","ping_status":"","sticky":false,"template":"","format":"standard","meta":{"footnotes":""},"categories":[14],"tags":[853,699,32,33,98,4354,27,49,34,35,843,28,31,25,103,102,40,39,41,80,29,30,99,26,82,83,84],"class_list":{"0":"post-74533","1":"post","2":"type-post","3":"status-publish","4":"format-standard","5":"has-post-thumbnail","7":"category-swiat","8":"tag-aleksander-majewski","9":"tag-bialorus","10":"tag-breaking-news","11":"tag-breakingnews","12":"tag-dorzeczy","13":"tag-granica","14":"tag-headlines","15":"tag-kraj","16":"tag-latest-news","17":"tag-latestnews","18":"tag-litwa","19":"tag-naglowki","20":"tag-najwazniejsze-artykuly","21":"tag-news","22":"tag-obserwator-mediow","23":"tag-opinie","24":"tag-polish","25":"tag-polska","26":"tag-polski","27":"tag-swiat","28":"tag-top-stories","29":"tag-topstories","30":"tag-tusk","31":"tag-wiadomosci","32":"tag-world","33":"tag-world-news","34":"tag-worldnews"},"share_on_mastodon":{"url":"https:\/\/pubeurope.com\/@pl\/115459023552187865","error":""},"_links":{"self":[{"href":"https:\/\/www.europesays.com\/pl\/wp-json\/wp\/v2\/posts\/74533","targetHints":{"allow":["GET"]}}],"collection":[{"href":"https:\/\/www.europesays.com\/pl\/wp-json\/wp\/v2\/posts"}],"about":[{"href":"https:\/\/www.europesays.com\/pl\/wp-json\/wp\/v2\/types\/post"}],"author":[{"embeddable":true,"href":"https:\/\/www.europesays.com\/pl\/wp-json\/wp\/v2\/users\/2"}],"replies":[{"embeddable":true,"href":"https:\/\/www.europesays.com\/pl\/wp-json\/wp\/v2\/comments?post=74533"}],"version-history":[{"count":0,"href":"https:\/\/www.europesays.com\/pl\/wp-json\/wp\/v2\/posts\/74533\/revisions"}],"wp:featuredmedia":[{"embeddable":true,"href":"https:\/\/www.europesays.com\/pl\/wp-json\/wp\/v2\/media\/74534"}],"wp:attachment":[{"href":"https:\/\/www.europesays.com\/pl\/wp-json\/wp\/v2\/media?parent=74533"}],"wp:term":[{"taxonomy":"category","embeddable":true,"href":"https:\/\/www.europesays.com\/pl\/wp-json\/wp\/v2\/categories?post=74533"},{"taxonomy":"post_tag","embeddable":true,"href":"https:\/\/www.europesays.com\/pl\/wp-json\/wp\/v2\/tags?post=74533"}],"curies":[{"name":"wp","href":"https:\/\/api.w.org\/{rel}","templated":true}]}}