{"id":7476,"date":"2025-09-21T07:44:13","date_gmt":"2025-09-21T07:44:13","guid":{"rendered":"https:\/\/www.europesays.com\/pl\/7476\/"},"modified":"2025-09-21T07:44:13","modified_gmt":"2025-09-21T07:44:13","slug":"zona-ryszarda-rynkowskiego-nie-zyje-muzyk-wlasnie-mial-wrocic-na-scene","status":"publish","type":"post","link":"https:\/\/www.europesays.com\/pl\/7476\/","title":{"rendered":"\u017bona Ryszarda Rynkowskiego nie \u017cyje. Muzyk w\u0142a\u015bnie mia\u0142 wr\u00f3ci\u0107 na scen\u0119"},"content":{"rendered":"<p class=\"ods-c-paragraph\">Rodzina <a href=\"https:\/\/plejada.pl\/ryszard-rynkowski-piosenkarz\" id=\"4c14aae3-1fdd-4b6d-9d8b-c33e75d99630\" rel=\"nofollow noopener\" target=\"_blank\">Ryszarda Rynkowskiego<\/a> przechodzi bardzo trudny czas. W czwartek 18 wrze\u015bnia media obieg\u0142a smutna wiadomo\u015b\u0107 o \u015bmierci ma\u0142\u017conki muzyka. Edyta Rynkowska zmar\u0142a w wieku 52 lat. Cia\u0142o kobiety znalaz\u0142 cz\u0142onek rodziny w jej mieszkaniu w Brodnicy. Na miejscu natychmiastowo pojawi\u0142y si\u0119 odpowiednie s\u0142u\u017cby w tym prokurator, kt\u00f3ry podj\u0105\u0142 decyzje o zabezpieczeniu cia\u0142a do sekcji zw\u0142ok, kt\u00f3ra odb\u0119dzie w poniedzia\u0142ek 22 wrze\u015bnia.<\/p>\n<p>Dalszy ci\u0105g artyku\u0142u pod materia\u0142em wideo<\/p>\n<p> Kiedy mia\u0142 si\u0119 odby\u0107 pierwszy koncert Ryszarda Rynkowskiego? <\/p>\n<p> Jakie miasta by\u0142y zaplanowane w trasie koncertowej? <\/p>\n<p> Co powiedzia\u0142 mened\u017cer Ryszarda Rynkowskiego na temat koncert\u00f3w? <\/p>\n<p> Jakie by\u0142y okoliczno\u015bci \u015bmierci ma\u0142\u017conki Rynkowskiego? <\/p>\n<p>  \u017bona Ryszarda Rynkowskiego nie \u017cyje. Mened\u017cer wprost o koncertach artysty<\/p>\n<p class=\"ods-c-paragraph\">Wed\u0142ug wst\u0119pnych informacji przekazanych przez prokuratur\u0119 nie znaleziono dowod\u00f3w wskazuj\u0105cych na udzia\u0142 os\u00f3b trzecich. Na miejscu \u015bmierci wykonano ogl\u0119dziny zar\u00f3wno cia\u0142a, jak i mieszkania. Jak ustali\u0142y media, <a href=\"https:\/\/plejada.pl\/newsy\/zona-ryszarda-rynkowskiego-zmarla-nagle-artysta-byl-na-miejscu-tragedii\/whqjr2p\" id=\"236bc9ad-3963-4122-bf3f-ffae14db3c1c\" rel=\"nofollow noopener\" target=\"_blank\">Ryszard Rynkowski pojawi\u0142 si\u0119 w Brodnicy nied\u0142ugo po zdarzeniu<\/a>. Artyst\u0119 przywioz\u0142a jego c\u00f3rka Marta, pochodz\u0105ca z pierwszego ma\u0142\u017ce\u0144stwa piosenkarza. <\/p>\n<p><img decoding=\"async\" src=\"https:\/\/www.europesays.com\/pl\/wp-content\/uploads\/2025\/09\/1tBk9lBaHR0cHM6Ly9vY2RuLmV1L3B1bHNjbXMvTURBXy82ZmNhZDVmYTMwMzU3YWM3MjBkMzk3ZTg2ZDhjYzA4Zi5qcGeRlQLNA.jpeg\" height=\"529\" width=\"940\" alt=\"Ryszard Rynkowski z \u017con\u0105\" loading=\"lazy\" class=\"ods-c-image__img ods-c-image__img--vertical\"\/><\/p>\n<p>Ryszard Rynkowski z \u017con\u0105Andras Szylagyi \/ MW Media<\/p>\n<p class=\"ods-c-paragraph\">Tymczasem fani zastanawiaj\u0105 si\u0119, jak tragiczne wydarzenie wp\u0142ynie na zapowiadane koncerty, kt\u00f3re ciesz\u0105 si\u0119 du\u017cym zainteresowaniem publiczno\u015bci. Trasa koncertowa, podczas kt\u00f3rej Ryszard Rynkowski mia\u0142 zaprezentowa\u0107 swoje najwi\u0119ksze przeboje, obejmowa\u0142a takie miasta jak Warszawa, W\u0142oc\u0142awek, Piotrk\u00f3w Trybunalski, Kwidzyn, Radom, Pi\u0142a czy Pozna\u0144. Wed\u0142ug informacji dost\u0119pnych na platformach sprzeda\u017cowych znaczna cz\u0119\u015b\u0107 bilet\u00f3w, w przedziale cenowym od 138 do 169 z\u0142, zosta\u0142a ju\u017c wykupiona.<\/p>\n<p class=\"ods-c-paragraph\">Mened\u017cer artysty, Bogdan Zep, w rozmowie z &#8222;Faktem&#8221; przyzna\u0142 jednak, \u017ce decyzja w sprawie trasy koncertowej nie zosta\u0142a jeszcze podj\u0119ta. Jak zauwa\u017cy\u0142, trudno powiedzie\u0107, jak \u015bmier\u0107 artysty wp\u0142ynie na niego i czy b\u0119dzie zdolny do funkcjonowania. Wszystko wskazuje na to, \u017ce nadchodz\u0105ce wydarzenia z udzia\u0142em Rynkowskiego stoj\u0105 pod znakiem zapytania.<\/p>\n<p>   <img decoding=\"async\" src=\"https:\/\/www.europesays.com\/pl\/wp-content\/uploads\/2025\/09\/iMYk9lBaHR0cHM6Ly9vY2RuLmV1L3B1bHNjbXMvTURBXy8xYWI5Y2E5Y2ZiNDNkNWYzNmRhZDEzMGU0ZGZiOWNiMi5qcGeSlQMAA.jpeg\" height=\"627\" width=\"940\" alt=\"Ryszard Rynkowski straci\u0142 drug\u0105 \u017con\u0105\" loading=\"lazy\" class=\"ods-c-image__img ods-c-image__img--viewport-width\"\/><\/p>\n<p>Ryszard Rynkowski straci\u0142 drug\u0105 \u017con\u0105Stanis\u0142aw Rozp\u0119dzik \/ PAP<\/p>\n<p class=\"ods-c-paragraph\">Dzi\u0119kujemy, \u017ce przeczyta\u0142a\u015b\/e\u015b nasz artyku\u0142 do ko\u0144ca. W serwisie Plejada.pl ka\u017cdego dnia piszemy o najwa\u017cniejszych wydarzeniach show-biznesowych. B\u0105d\u017a na bie\u017c\u0105co! <a rel=\"nofollow noopener\" href=\"https:\/\/news.google.com\/publications\/CAAiEF0PeAlb7W1llpV_mwV2rL4qFAgKIhBdD3gJW-1tZZaVf5sFdqy-?hl=pl&amp;gl=PL&amp;ceid=PL%3Apl\" id=\"61591586-9d0d-46ac-b114-af6a4b8a4c08\" target=\"_blank\">Obserwuj<\/a> Plejad\u0119 w Wiadomo\u015bciach Google. Odwied\u017a nas tak\u017ce na <a rel=\"nofollow noopener\" href=\"https:\/\/www.facebook.com\/plejadapl\" id=\"d5703f1c-40b5-4fc3-abd8-aed5b2bf15ba\" target=\"_blank\">Facebooku<\/a>, <a rel=\"nofollow noopener\" href=\"https:\/\/www.instagram.com\/plejadapl\/\" id=\"5bfb2949-e2af-4245-b2b4-a78ecd477543\" target=\"_blank\">Instagramie<\/a>, <a rel=\"nofollow noopener\" href=\"https:\/\/www.youtube.com\/c\/plejada\" id=\"644d3b23-9132-4359-a504-7584d3ce2336\" target=\"_blank\">YouTubie<\/a> oraz <a rel=\"nofollow noopener\" href=\"https:\/\/www.tiktok.com\/@plejada_pl\" id=\"ea01d45a-de21-4656-b439-9e9ceaeca340\" target=\"_blank\">TikToku<\/a>.<\/p>\n<p class=\"ods-c-paragraph\">Chcesz podzieli\u0107 si\u0119 ciekawym newsem lub zaproponowa\u0107 temat? Skontaktuj si\u0119 z nami, pisz\u0105c maila na adres: <a rel=\"nofollow noopener\" href=\"https:\/\/plejada.pl\/newsy\/zona-ryszarda-rynkowskiego-nie-zyje-muzyk-wlasnie-mial-wrocic-na-scene\/mailto:plejada@redakcjaonet.pl\" id=\"cbc0f14a-92e4-4e50-a3af-2c3126934858\" target=\"_blank\">plejada@redakcjaon<\/a><a href=\"https:\/\/et.pl\" id=\"e5a1da00-841a-404b-81a7-87f816b2dc7b\" rel=\"nofollow noopener\" target=\"_blank\">et.pl<\/a>.<\/p>\n<p><script async src=\"\/\/www.instagram.com\/embed.js\"><\/script><script async src=\"\/\/www.tiktok.com\/embed.js\"><\/script><\/p>\n","protected":false},"excerpt":{"rendered":"Rodzina Ryszarda Rynkowskiego przechodzi bardzo trudny czas. W czwartek 18 wrze\u015bnia media obieg\u0142a smutna wiadomo\u015b\u0107 o \u015bmierci ma\u0142\u017conki&hellip;\n","protected":false},"author":2,"featured_media":7477,"comment_status":"","ping_status":"","sticky":false,"template":"","format":"standard","meta":{"footnotes":""},"categories":[5],"tags":[32,33,36,37,27,34,35,1252,28,31,48,25,125,46,42,38,40,39,41,2111,47,511,29,30,26],"class_list":{"0":"post-7476","1":"post","2":"type-post","3":"status-publish","4":"format-standard","5":"has-post-thumbnail","7":"category-naglowki","8":"tag-breaking-news","9":"tag-breakingnews","10":"tag-featured-news","11":"tag-featurednews","12":"tag-headlines","13":"tag-latest-news","14":"tag-latestnews","15":"tag-muzyka","16":"tag-naglowki","17":"tag-najwazniejsze-artykuly","18":"tag-nat_styl","19":"tag-news","20":"tag-newsy","21":"tag-omp","22":"tag-pl","23":"tag-poland","24":"tag-polish","25":"tag-polska","26":"tag-polski","27":"tag-ryszard_rynkowski","28":"tag-screening_general","29":"tag-smierc","30":"tag-top-stories","31":"tag-topstories","32":"tag-wiadomosci"},"share_on_mastodon":{"url":"","error":""},"_links":{"self":[{"href":"https:\/\/www.europesays.com\/pl\/wp-json\/wp\/v2\/posts\/7476","targetHints":{"allow":["GET"]}}],"collection":[{"href":"https:\/\/www.europesays.com\/pl\/wp-json\/wp\/v2\/posts"}],"about":[{"href":"https:\/\/www.europesays.com\/pl\/wp-json\/wp\/v2\/types\/post"}],"author":[{"embeddable":true,"href":"https:\/\/www.europesays.com\/pl\/wp-json\/wp\/v2\/users\/2"}],"replies":[{"embeddable":true,"href":"https:\/\/www.europesays.com\/pl\/wp-json\/wp\/v2\/comments?post=7476"}],"version-history":[{"count":0,"href":"https:\/\/www.europesays.com\/pl\/wp-json\/wp\/v2\/posts\/7476\/revisions"}],"wp:featuredmedia":[{"embeddable":true,"href":"https:\/\/www.europesays.com\/pl\/wp-json\/wp\/v2\/media\/7477"}],"wp:attachment":[{"href":"https:\/\/www.europesays.com\/pl\/wp-json\/wp\/v2\/media?parent=7476"}],"wp:term":[{"taxonomy":"category","embeddable":true,"href":"https:\/\/www.europesays.com\/pl\/wp-json\/wp\/v2\/categories?post=7476"},{"taxonomy":"post_tag","embeddable":true,"href":"https:\/\/www.europesays.com\/pl\/wp-json\/wp\/v2\/tags?post=7476"}],"curies":[{"name":"wp","href":"https:\/\/api.w.org\/{rel}","templated":true}]}}