{"id":76073,"date":"2025-10-30T15:29:10","date_gmt":"2025-10-30T15:29:10","guid":{"rendered":"https:\/\/www.europesays.com\/pl\/76073\/"},"modified":"2025-10-30T15:29:10","modified_gmt":"2025-10-30T15:29:10","slug":"ciezko-jest-o-taka-prawdziwa","status":"publish","type":"post","link":"https:\/\/www.europesays.com\/pl\/76073\/","title":{"rendered":"Ci\u0119\u017cko jest o tak\u0105 PRAWDZIW\u0104"},"content":{"rendered":"<p>Wszystko jest u nas dobrze, je\u015bli chodzi o zwi\u0105zek, ale wydaje mi si\u0119, \u017ce zaobserwowa\u0142am wiele takich przypadk\u00f3w, wiele takich sytuacji, gdzie w dzisiejszych czasach w\u0142a\u015bnie to w tym pokoleniu Z, ale nie tylko, ci\u0119\u017cko jest o tak\u0105 prawdziw\u0105 mi\u0142o\u015b\u0107, \u017ce te zwi\u0105zki s\u0105 bardzo powierzchowne, \u017ce niby jeste\u015bcie razem, ale ka\u017cdy ma gdzie\u015b tam na boku jakie\u015b swoje drugie \u017cycie. I dla mnie to jest bardzo takie, bardzo mn\u0105 to wstrz\u0105sa<\/p>\n<p>&#8211; powiedzia\u0142a.<\/p>\n","protected":false},"excerpt":{"rendered":"Wszystko jest u nas dobrze, je\u015bli chodzi o zwi\u0105zek, ale wydaje mi si\u0119, \u017ce zaobserwowa\u0142am wiele takich przypadk\u00f3w,&hellip;\n","protected":false},"author":2,"featured_media":76074,"comment_status":"","ping_status":"","sticky":false,"template":"","format":"standard","meta":{"footnotes":""},"categories":[22],"tags":[122,42,38,40,39,41,123],"class_list":{"0":"post-76073","1":"post","2":"type-post","3":"status-publish","4":"format-standard","5":"has-post-thumbnail","7":"category-rozrywka","8":"tag-entertainment","9":"tag-pl","10":"tag-poland","11":"tag-polish","12":"tag-polska","13":"tag-polski","14":"tag-rozrywka"},"share_on_mastodon":{"url":"https:\/\/pubeurope.com\/@pl\/115463832354844803","error":""},"_links":{"self":[{"href":"https:\/\/www.europesays.com\/pl\/wp-json\/wp\/v2\/posts\/76073","targetHints":{"allow":["GET"]}}],"collection":[{"href":"https:\/\/www.europesays.com\/pl\/wp-json\/wp\/v2\/posts"}],"about":[{"href":"https:\/\/www.europesays.com\/pl\/wp-json\/wp\/v2\/types\/post"}],"author":[{"embeddable":true,"href":"https:\/\/www.europesays.com\/pl\/wp-json\/wp\/v2\/users\/2"}],"replies":[{"embeddable":true,"href":"https:\/\/www.europesays.com\/pl\/wp-json\/wp\/v2\/comments?post=76073"}],"version-history":[{"count":0,"href":"https:\/\/www.europesays.com\/pl\/wp-json\/wp\/v2\/posts\/76073\/revisions"}],"wp:featuredmedia":[{"embeddable":true,"href":"https:\/\/www.europesays.com\/pl\/wp-json\/wp\/v2\/media\/76074"}],"wp:attachment":[{"href":"https:\/\/www.europesays.com\/pl\/wp-json\/wp\/v2\/media?parent=76073"}],"wp:term":[{"taxonomy":"category","embeddable":true,"href":"https:\/\/www.europesays.com\/pl\/wp-json\/wp\/v2\/categories?post=76073"},{"taxonomy":"post_tag","embeddable":true,"href":"https:\/\/www.europesays.com\/pl\/wp-json\/wp\/v2\/tags?post=76073"}],"curies":[{"name":"wp","href":"https:\/\/api.w.org\/{rel}","templated":true}]}}