{"id":76721,"date":"2025-10-30T22:11:13","date_gmt":"2025-10-30T22:11:13","guid":{"rendered":"https:\/\/www.europesays.com\/pl\/76721\/"},"modified":"2025-10-30T22:11:13","modified_gmt":"2025-10-30T22:11:13","slug":"william-i-kate-podjeli-kategoryczna-decyzje-to-koniec-rmf-fm","status":"publish","type":"post","link":"https:\/\/www.europesays.com\/pl\/76721\/","title":{"rendered":"William i Kate podj\u0119li kategoryczn\u0105 decyzj\u0119. To koniec :: RMF FM"},"content":{"rendered":"<p>Angloj\u0119zyczne media donosz\u0105 o decyzji, jak\u0105 ksi\u0105\u017c\u0119 William i ksi\u0119\u017cna Kate mieli podj\u0105\u0107 w zwi\u0105zku z ostatnim zamieszaniem wok\u00f3\u0142 ksi\u0119cia Andrzeja. To koniec pob\u0142a\u017cania \u2013 przysz\u0142y kr\u00f3l Wielkiej Brytanii i jego ma\u0142\u017conka chc\u0105 wprowadzi\u0107 podej\u015bcie \u201ezero tolerancji\u201d.<\/p>\n<p><img decoding=\"async\" alt=\"\" src=\"https:\/\/www.europesays.com\/pl\/wp-content\/uploads\/2025\/10\/07bde6755ac469de04962d5930cb7372.jpg\" class=\"w-100\"\/><\/p>\n<p>Od teraz \u201ezero tolerancji\u201d, fot. Victoria Jones\/Shutterstock<\/p>\n<p>&#13;<br \/>\n\tSkandal z ksi\u0119ciem Andrzejem w rodzinie kr\u00f3lewskiej<\/p>\n<p>&#13;<br \/>\n\tPrzed niespe\u0142na dwoma tygodniami ksi\u0105\u017c\u0119 Andrzej, brat kr\u00f3la Karola III, wyda\u0142 o\u015bwiadczenie, w kt\u00f3rym poinformowa\u0142, \u017ce rezygnuje z tytu\u0142\u00f3w kr\u00f3lewskich \u2013 tym z tytu\u0142u ksi\u0119cia Yorku. Jak w\u00f3wczas t\u0142umaczy\u0142, decyzj\u0119 podj\u0105\u0142, by kierowane wobec niego oskar\u017cenia \u201enie odci\u0105ga\u0142y uwagi od pracy Jego Kr\u00f3lewskiej Mo\u015bci i rodziny kr\u00f3lewskiej\u201d.<\/p>\n<p>&#13;<br \/>\n\tJu\u017c wiele lat wcze\u015bniej wybuch\u0142 skandal, gdy na jaw wysz\u0142y powi\u0105zania ksi\u0119cia z przest\u0119pc\u0105 seksualnym Jeffreyem Epsteinem. Andrzej konsekwentnie zaprzecza zarzutom. Wcze\u015bniej zrzeka\u0142 si\u0119 ju\u017c innych tytu\u0142\u00f3w, m.in. w 2022 roku, gdy przesta\u0142 tytu\u0142owa\u0107 si\u0119 Jego Kr\u00f3lewsk\u0105 Wysoko\u015bci\u0105 (HRH) w zwi\u0105zku ze spraw\u0105 cywiln\u0105 wniesion\u0105 przez Virgini\u0119 Giuffre, ostatecznie zako\u0144czon\u0105 ugod\u0105.<\/p>\n<p>\t<a href=\"https:\/\/www.rmf.fm\/magazyn\/news,84374,ksiaze-zrzeka-sie-tytulu-skandal-w-brytyjskiej-rodzinie-krolewskiej.html\" rel=\"nofollow noopener\" target=\"_blank\"><img decoding=\"async\" src=\"https:\/\/www.europesays.com\/pl\/wp-content\/uploads\/2025\/10\/d5438ae2fa9ba1743d49a8f9654731d9.jpg\" width=\"290\"\/><\/a><a href=\"https:\/\/www.rmf.fm\/magazyn\/news,84374,ksiaze-zrzeka-sie-tytulu-skandal-w-brytyjskiej-rodzinie-krolewskiej.html\" rel=\"nofollow noopener\" target=\"_blank\">Ksi\u0105\u017c\u0119 zrzeka si\u0119 tytu\u0142u. Skandal w brytyjskiej rodzinie kr\u00f3lewskiej<\/a><\/p>\n<p>Ksi\u0105\u017c\u0119 Andrzej rezygnuje z kr\u00f3lewskich tytu\u0142\u00f3w, w tym z tytu\u0142u ksi\u0119cia Yorku \u2013 podaje BBC. Decyzja mia\u0142a zapa\u015b\u0107 po rozmowie z kr\u00f3lem Karolem III. Wcze\u015bniej 65-latek znalaz\u0142 si\u0119 w centrum skandalu z uwagi na doniesienia  o&#8230;<\/p>\n<p>\n&#13;<br \/>\n\tWilliam i Kate m\u00f3wi\u0105 \u201edo\u015b\u0107\u201d<\/p>\n<p>&#13;<br \/>\n\tTeraz z brytyjskiego dworu nap\u0142ywaj\u0105 nowe wie\u015bci. Wed\u0142ug medialnych doniesie\u0144 ostatnie wydarzenia sprawi\u0142y, \u017ce nast\u0119pca brytyjskiego tronu wraz z ma\u0142\u017conk\u0105 jeszcze bardziej zaostrzyli swoj\u0105 postaw\u0119 wobec skandali w rodzinie kr\u00f3lewskiej. William i Kate po cichu zdecydowali si\u0119 pono\u0107 wprowadzi\u0107 polityk\u0119 \u201ezero tolerancji\u201d.<\/p>\n<p>&#13;<br \/>\n\t\u201eZaw\u0142aszcza <a href=\"https:\/\/www.rmf.fm\/magazyn\/tag,ksi%C4%85%C5%BC%C4%99%20William.html\" rel=\"nofollow noopener\" target=\"_blank\">ksi\u0105\u017c\u0119 William<\/a> nie jest zadowolony, jak monarchia radzi sobie z sytuacj\u0105 Andrzeja. Patrzy w przysz\u0142o\u015b\u0107 z nadziej\u0105 na rozwi\u0105zania. Jest znacznie bardziej bezwzgl\u0119dny ni\u017c jego ojciec. Zawsze przyjmuje twardsz\u0105 lini\u0119. Widzi narastaj\u0105ce szkody dla reputacji rodziny kr\u00f3lewskiej i rozwa\u017ca zdecydowane dzia\u0142ania, by przeciwdzia\u0142a\u0107 dalszym skandalom\u201d \u2013 m\u00f3wi brytyjska dziennikarka Helena Chard, cytowana przez Fox News.<\/p>\n<p>&#13;<br \/>\n\tOd teraz \u201ezero tolerancji\u201d<\/p>\n<p>&#13;<br \/>\n\tWilliam ma uwa\u017ca\u0107, \u017ce jego ojciec \u201ezbyt d\u0142ugo stosowa\u0142 delikatne podej\u015bcie\u201d wobec brata. Chce, by kr\u00f3l zaj\u0105\u0142 bardziej kategoryczne stanowisko. \u201eWola\u0142by szybkie, czyste zerwanie z Andrzejem, zanim sytuacja si\u0119 pogorszy\u201d \u2013 m\u00f3wi Chard. Wed\u0142ug ekspert\u00f3w kr\u00f3lewskich to w\u0142a\u015bnie William, wspierany przez Kate, odegra\u0142 znacz\u0105c\u0105 rol\u0119 w odsuni\u0119ciu Andrzeja na boczny tor, a gdy zostanie kr\u00f3lem, ca\u0142kowicie wykluczy go z \u017cycia rodziny kr\u00f3lewskiej.<\/p>\n<blockquote><p>&#13;<\/p>\n<p>&#13;<br \/>\n\t\tPlan \u201ezero tolerancji\u201d ksi\u0119cia Williama i ksi\u0119\u017cnej Kate ju\u017c zmienia dynamik\u0119 rodziny kr\u00f3lewskiej \u2013 oceni\u0142a w rozmowie z Fox News ekspertka ds. monarchii Hilary Fordwich.<\/p>\n<p>&#13;\n<\/p><\/blockquote>\n<p>&#13;<br \/>\n\t\u201eDzia\u0142aj\u0105 proaktywnie za kulisami, by konkretnie przeciwdzia\u0142a\u0107 skandalom, wprowadzaj\u0105c znacznie wy\u017cszy poziom dyscypliny. Wszystko po to, by chroni\u0107 przysz\u0142o\u015b\u0107 monarchii przez wykluczanie tych, kt\u00f3rzy w jakikolwiek spos\u00f3b zagra\u017caj\u0105 jej reputacji\u201d \u2013 dodaje, kwituj\u0105c: \u201eWilliam patrzy znacznie bardziej d\u0142ugoterminowo na \u017cywotno\u015b\u0107, reputacj\u0119, a nawet istnienie monarchii\u201d.<\/p>\n","protected":false},"excerpt":{"rendered":"Angloj\u0119zyczne media donosz\u0105 o decyzji, jak\u0105 ksi\u0105\u017c\u0119 William i ksi\u0119\u017cna Kate mieli podj\u0105\u0107 w zwi\u0105zku z ostatnim zamieszaniem&hellip;\n","protected":false},"author":2,"featured_media":76722,"comment_status":"","ping_status":"","sticky":false,"template":"","format":"standard","meta":{"footnotes":""},"categories":[14],"tags":[32,33,12347,27,12343,18879,34,35,28,31,25,40,41,12346,80,29,30,26,82,83,84],"class_list":{"0":"post-76721","1":"post","2":"type-post","3":"status-publish","4":"format-standard","5":"has-post-thumbnail","7":"category-swiat","8":"tag-breaking-news","9":"tag-breakingnews","10":"tag-brytyjska-rodzina-krolewska","11":"tag-headlines","12":"tag-ksiaze-william","13":"tag-ksiezna-kate","14":"tag-latest-news","15":"tag-latestnews","16":"tag-naglowki","17":"tag-najwazniejsze-artykuly","18":"tag-news","19":"tag-polish","20":"tag-polski","21":"tag-rodzina-krolewska","22":"tag-swiat","23":"tag-top-stories","24":"tag-topstories","25":"tag-wiadomosci","26":"tag-world","27":"tag-world-news","28":"tag-worldnews"},"share_on_mastodon":{"url":"https:\/\/pubeurope.com\/@pl\/115465413339733767","error":""},"_links":{"self":[{"href":"https:\/\/www.europesays.com\/pl\/wp-json\/wp\/v2\/posts\/76721","targetHints":{"allow":["GET"]}}],"collection":[{"href":"https:\/\/www.europesays.com\/pl\/wp-json\/wp\/v2\/posts"}],"about":[{"href":"https:\/\/www.europesays.com\/pl\/wp-json\/wp\/v2\/types\/post"}],"author":[{"embeddable":true,"href":"https:\/\/www.europesays.com\/pl\/wp-json\/wp\/v2\/users\/2"}],"replies":[{"embeddable":true,"href":"https:\/\/www.europesays.com\/pl\/wp-json\/wp\/v2\/comments?post=76721"}],"version-history":[{"count":0,"href":"https:\/\/www.europesays.com\/pl\/wp-json\/wp\/v2\/posts\/76721\/revisions"}],"wp:featuredmedia":[{"embeddable":true,"href":"https:\/\/www.europesays.com\/pl\/wp-json\/wp\/v2\/media\/76722"}],"wp:attachment":[{"href":"https:\/\/www.europesays.com\/pl\/wp-json\/wp\/v2\/media?parent=76721"}],"wp:term":[{"taxonomy":"category","embeddable":true,"href":"https:\/\/www.europesays.com\/pl\/wp-json\/wp\/v2\/categories?post=76721"},{"taxonomy":"post_tag","embeddable":true,"href":"https:\/\/www.europesays.com\/pl\/wp-json\/wp\/v2\/tags?post=76721"}],"curies":[{"name":"wp","href":"https:\/\/api.w.org\/{rel}","templated":true}]}}