{"id":77432,"date":"2025-10-31T10:32:17","date_gmt":"2025-10-31T10:32:17","guid":{"rendered":"https:\/\/www.europesays.com\/pl\/77432\/"},"modified":"2025-10-31T10:32:17","modified_gmt":"2025-10-31T10:32:17","slug":"umiarkowany-stopien-niepelnosprawnosci-co-przysluguje-lista-2026","status":"publish","type":"post","link":"https:\/\/www.europesays.com\/pl\/77432\/","title":{"rendered":"Umiarkowany stopie\u0144 niepe\u0142nosprawno\u015bci. Co przys\u0142uguje [LISTA 2026]"},"content":{"rendered":"<p>rozwi\u0144 &gt;<\/p>\n<p>Umiarkowany stopie\u0144 niepe\u0142nosprawno\u015bci. Co oznacza i na jak d\u0142ugo?<\/p>\n<p>Przepisy ustawy o rehabilitacji zawodowej i spo\u0142ecznej oraz zatrudnianiu os\u00f3b niepe\u0142nosprawnych okre\u015blaj\u0105 trzy stopnie niepe\u0142nosprawno\u015bci: znaczny, umiarkowany i lekki. Zgodnie z t\u0105 ustaw\u0105, do umiarkowanego stopnia niepe\u0142nosprawno\u015bci zaliczamy osob\u0119 z naruszon\u0105 sprawno\u015bci\u0105 organizmu, niezdoln\u0105 do pracy albo zdoln\u0105 do pracy jedynie w warunkach pracy chronionej lub wymagaj\u0105c\u0105 czasowej albo cz\u0119\u015bciowej pomocy innych os\u00f3b w celu pe\u0142nienia r\u00f3l spo\u0142ecznych.<\/p>\n<p>Orzeczenie o stopniu niepe\u0142nosprawno\u015bci wydaje powiatowy zesp\u00f3\u0142 do spraw orzekania o niepe\u0142nosprawno\u015bci (PZON), a w drugiej instancji wojew\u00f3dzki zesp\u00f3\u0142 do spraw orzekania o niepe\u0142nosprawno\u015bci (WZON). Od orzeczenia wojew\u00f3dzkiego zespo\u0142u s\u0142u\u017cy odwo\u0142anie do s\u0105du pracy i ubezpiecze\u0144 spo\u0142ecznych.<\/p>\n<p>Stopie\u0144 niepe\u0142nosprawno\u015bci orzeka si\u0119 na czas okre\u015blony lub na sta\u0142e.<\/p>\n<p>Po ostatnich zmianach orzeczenie na czas okre\u015blony o stopniu niepe\u0142nosprawno\u015bci jest wydawane na okres nie kr\u00f3tszy ni\u017c 7 lat w przypadku potwierdzenia u osoby zainteresowanej spe\u0142niaj\u0105cej warunki zaliczenia do okre\u015blonego stopnia niepe\u0142nosprawno\u015bci zespo\u0142u Downa lub rzadkiej choroby genetycznej o jednorodnym i niezmiennym przebiegu (wykaz tych chor\u00f3b stanowi za\u0142\u0105cznik do rozporz\u0105dzenia w sprawie orzekania o niepe\u0142nosprawno\u015bci i stopniu niepe\u0142nosprawno\u015bci).<\/p>\n<p>Dalszy ci\u0105g materia\u0142u pod wideo<\/p>\n<p>Do czego uprawnia orzeczenie o umiarkowanym stopniu niepe\u0142nosprawno\u015bci?<\/p>\n<p>Ostateczne i prawomocne orzeczenie stanowi podstaw\u0119 do wydania legitymacji dokumentuj\u0105cej niepe\u0142nosprawno\u015b\u0107. Stopie\u0144 oraz symbol przyczyny niepe\u0142nosprawno\u015bci w legitymacji wpisuje si\u0119 na wniosek osoby z niepe\u0142nosprawno\u015bci\u0105. Legitymacja w codziennym \u017cyciu u\u0142awia korzystanie z r\u00f3\u017cnorodnych ulg np. w komunikacji miejskiej i publicznej.<\/p>\n<p>W orzeczeniu znajdziemy szereg istotnych element\u00f3w m.in. wskazania czy symbol przyczyny niepe\u0142nosprawno\u015bci, od kt\u00f3rych zale\u017cy zakres dost\u0119pnych ulg czy \u015bwiadcze\u0144 np. korzystania z terapii zaj\u0119ciowej czy specjalistycznych szkole\u0144.<\/p>\n<p>Umiarkowany stopie\u0144 niepe\u0142nosprawno\u015bci. Jakie przywileje w pracy?<\/p>\n<p>Przede wszystkim zaliczenie do umiarkowanego stopnia niepe\u0142nosprawno\u015bci nie wyklucza mo\u017cliwo\u015bci zatrudnienia tej osoby u pracodawcy niezapewniaj\u0105cego warunk\u00f3w pracy chronionej, w przypadkach:<\/p>\n<ul style=\"list-style-type: disc;\">\n<li value=\"1\">przystosowania przez pracodawc\u0119 stanowiska pracy do potrzeb osoby niepe\u0142nosprawnej;<\/li>\n<li value=\"2\">wykonywania pracy zdalnej.<\/li>\n<\/ul>\n<p>Co istotne, pracownik niepe\u0142nosprawny w stopniu umiarkowanym ma zagwarantowanych kilka wa\u017cnych przywilej\u00f3w takich jak m.in.:<\/p>\n<ul style=\"list-style-type: disc;\">\n<li value=\"1\">czas pracy nieprzekraczaj\u0105cy 7 godzin na dob\u0119 i 35 godzin tygodniowo;<\/li>\n<li value=\"2\">prawo do dodatkowych 10 dni urlopu w ci\u0105gu roku kalendarzowego;<\/li>\n<li value=\"3\">zwolnienie od pracy w celu uczestniczenia w turnusie rehabilitacyjnym.<\/li>\n<\/ul>\n<p>Co z MOPS dla umiarkowanego stopnia niepe\u0142nosprawno\u015bci w 2026 roku?<\/p>\n<p>Trzeba pami\u0119ta\u0107, i\u017c uzyskanie \u015bwiadcze\u0144 z pomocy spo\u0142ecznej uzale\u017cnione jest nie tylko od posiadanego umiarkowanego stopnia niepe\u0142nosprawno\u015bci, ale te\u017c od spe\u0142niania innych kryteri\u00f3w. Przyk\u0142adowo, dla zasi\u0142ku piel\u0119gnacyjnego wa\u017cny jest moment powstania niepe\u0142nosprawno\u015bci, a do otrzymania zasi\u0142ku sta\u0142ego, okresowego czy celowego \u2013 spe\u0142nianie kryteri\u00f3w dochodowych.<\/p>\n<p>Wprawdzie rz\u0105d zapowiada coroczn\u0105 waloryzacj\u0119 prog\u00f3w uprawniaj\u0105cych do \u015bwiadcze\u0144 z pomocy spo\u0142ecznej, jednak w tym momencie nadal obowi\u0105zuj\u0105 dotychczasowe przepisy. Wszystko wskazuje zatem na to, i\u017c w 2026 r. progi dochodowe si\u0119 nie zmieni\u0105 i nadal b\u0119d\u0105 wynosi\u0142y 823 z\u0142 dla osoby samotnej i 1010 z\u0142 dla osoby w rodzinie. Od kryteri\u00f3w tych zale\u017c\u0105 takie \u015bwiadczenia jak:<\/p>\n<p>\u2022 zasi\u0142ek sta\u0142y (maksymalnie 1209 z\u0142);<\/p>\n<p>\u2022 zasi\u0142ek okresowy;<\/p>\n<p>\u2022 zasi\u0142ek celowy.<\/p>\n<p>Pr\u00f3g dochodowy nie jest wymagany dla zasi\u0142ku piel\u0119gnacyjnego. Dla stopnia umiarkowanego wa\u017cne jest, by niepe\u0142nosprawno\u015b\u0107 powsta\u0142a w wieku do uko\u0144czenia 21. roku \u017cycia. W przysz\u0142ym roku nie powinna zmieni\u0107 si\u0119 wysoko\u015b\u0107 zasi\u0142ku piel\u0119gnacyjnego, kt\u00f3ry wynosi 215,84 z\u0142 miesi\u0119cznie.<\/p>\n<p>Warto pami\u0119ta\u0107 i w o\u015brodkach pomocy spo\u0142ecznej \u015bwiadczone s\u0105 r\u00f3wnie\u017c us\u0142ugi opieku\u0144cze (w tym specjalistyczne), bezp\u0142atne poradnictwo prawne i psychologiczne. Ich zakres zale\u017cy od konkretnej gminy.<\/p>\n<p>PFRON dla umiarkowanego stopnia niepe\u0142nosprawno\u015bci w 2026 r.<\/p>\n<p>Jedn\u0105 z najwa\u017cniejszych form wsparcia os\u00f3b z niepe\u0142nosprawno\u015bciami jest dofinansowanie wynagrodze\u0144, jakie Pa\u0144stwowy Fundusz Rehabilitacji Os\u00f3b Niepe\u0142nosprawnych wyp\u0142aca pracodawcom. Po ostatnich zmianach, dop\u0142ata do pensji pracownika z umiarkowanym stopniem niepe\u0142nosprawno\u015bci wynosi 1 550 z\u0142. W przypadku pracownika ze schorzeniami szczeg\u00f3lnymi (osoby: z orzeczonymi chorobami psychicznymi, upo\u015bledzeniem umys\u0142owym, ca\u0142o\u015bciowymi zaburzeniami rozwojowymi, epilepsj\u0105, niewidome) dofinansowanie zwi\u0119ksza si\u0119 o 1 035 z\u0142 (dla pracownik\u00f3w z umiarkowanym stopniem niepe\u0142nosprawno\u015bci b\u0119dzie to w sumie 2 585 z\u0142).<\/p>\n<p>Osoby z umiarkowanym stopniem niepe\u0142nosprawno\u015bci, kt\u00f3re spe\u0142niaj\u0105 okre\u015blone progi dochodowe mog\u0105 ubiega\u0107 si\u0119 te\u017c przyk\u0142adowo o dofinansowanie do turnusu rehabilitacyjnego i sprz\u0119tu rehabilitacyjnego. Dla os\u00f3b bezrobotnych przewidziano dotacj\u0119 na rozpocz\u0119cie dzia\u0142alno\u015bci gospodarczej czy refundacj\u0119 sk\u0142adek ZUS.<\/p>\n<p>Warto te\u017c \u015bledzi\u0107 dost\u0119pne programy w swoim lokalnym Powiatowym Centrum Pomocy Rodzinie (PCPR). Informacj\u0119 o aktualnych sta\u017cach i programach mo\u017cna te\u017c uzyska\u0107 w urz\u0119dach pracy.<\/p>\n<p>Umiarkowany stopie\u0144 niepe\u0142nosprawno\u015bci a \u015bwiadczenie wspieraj\u0105ce w 2026 r.<\/p>\n<p>Przepisy nie okre\u015blaj\u0105 konkretnie, kt\u00f3re stopnie niepe\u0142nosprawno\u015bci uprawniaj\u0105 do otrzymania \u015bwiadczenia wspieraj\u0105cego. Istotnym warunkiem jest tu uzyskanie decyzji ustalaj\u0105cej poziom potrzeby wsparcia. Bior\u0105c pod uwag\u0119 do\u015b\u0107 wysokie wymagania w zakresie punktacji WZON dotychczas najwi\u0119ksze szanse na to \u015bwiadczenie mia\u0142y osoby z niepe\u0142nosprawno\u015bci\u0105 w stopniu znacznym. Dobr\u0105 wiadomo\u015bci\u0105 dla os\u00f3b z umiarkowanym stopniem niepe\u0142nosprawno\u015bci jest obni\u017cenie punktacji pocz\u0105wszy od 2026 r.<\/p>\n<p>Zgodnie z harmonogramem od 1 stycznia 2026 r. \u015bwiadczenie wspieraj\u0105ce z Zak\u0142adu Ubezpiecze\u0144 Spo\u0142ecznych b\u0119dzie przys\u0142ugiwa\u0142o r\u00f3wnie\u017c osobom, kt\u00f3re w decyzji WZON ustalaj\u0105cej poziom potrzeby wsparcia maj\u0105 od 70 do 76 punkt\u00f3w. Mniej optymistyczne s\u0105 mo\u017cliwe do uzyskania kwoty. W przypadku otrzymania od WZON 70 punkt\u00f3w b\u0119dzie mo\u017cna liczy\u0107 na \u015bwiadczenie w wysoko\u015bci 752 z\u0142, czyli 40 procent renty socjalnej. Dla osoby posiadaj\u0105cej od 75 o 79 punkt\u00f3w \u015bwiadczenie na pocz\u0105tku 2026 r. b\u0119dzie wynosi\u0142o 1 128 z\u0142, Od 1 marca 2026 r. kwoty te zostan\u0105 podwy\u017cszone w zwi\u0105zku z waloryzacj\u0105 renty socjalnej.<\/p>\n<p>Przypomnijmy, i\u017c aktualnie przyznanie \u015bwiadczenia osobie posiadaj\u0105cej 70 punkt\u00f3w jest mo\u017cliwe tylko wyj\u0105tkowo w okre\u015blonych sytuacjach.<\/p>\n<p>Umiarkowany stopie\u0144 niepe\u0142nosprawno\u015bci [FAQ]Czy osoba z umiarkowanym stopniem niepe\u0142nosprawno\u015bci ma prawo do karty parkingowej?<\/p>\n<p>Osoba niepe\u0142nosprawna w stopniu umiarkowanym, kt\u00f3ra ma znacznie ograniczone mo\u017cliwo\u015bci samodzielnego poruszania si\u0119, ma prawo do otrzymania karty parkingowej. Jednak w jej przypadku orzeczenie poza odpowiednim wskazaniem musi te\u017c zawiera\u0107 mie\u0107 jeden z symboli, kt\u00f3ry oznacza przyczyn\u0119 niepe\u0142nosprawno\u015bci:<\/p>\n<p>\u2022 04-O (choroby narz\u0105du wzroku),<\/p>\n<p>\u2022 05-R (upo\u015bledzenie narz\u0105du ruchu)<\/p>\n<p>\u2022 10-N (choroba neurologiczna).<\/p>\n<p>Czy osoba z umiarkowanym stopniem niepe\u0142nosprawno\u015bci ma prawo do ulgi rehabilitacyjnej?<\/p>\n<p>Osoba z umiarkowanym stopniem niepe\u0142nosprawno\u015bci mo\u017ce skorzysta\u0107 z ulgi rehabilitacyjnej, je\u017celi ponios\u0142a wydatki na rehabilitacj\u0119 lub wydatki zwi\u0105zane z u\u0142atwieniem wykonywania czynno\u015bci \u017cyciowych wymienione w przepisach ustawy o PIT.<\/p>\n<p>Czy dziecko mo\u017ce mie\u0107 orzeczenie o umiarkowanym stopniu niepe\u0142nosprawno\u015bci?<\/p>\n<p>Dzieciom do uko\u0144czenia 16. roku \u017cycia wydaje si\u0119 orzeczenie o niepe\u0142nosprawno\u015bci (bez stopnia). Dopiero starsze dziecko mo\u017ce otrzyma\u0107 orzeczenie o stopniu niepe\u0142nosprawno\u015bci.<\/p>\n<p>Czy orzeczenie o umiarkowanym stopniu niepe\u0142nosprawno\u015bci wystarczy do uzyskania renty z ZUS?<\/p>\n<p>Nie, do otrzymania \u015bwiadcze\u0144 rentowych z Zak\u0142adu Ubezpiecze\u0144 Spo\u0142ecznych wymagane jest orzeczenie, kt\u00f3re wydaje lekarz orzecznik i komisja lekarska ZUS.<\/p>\n<p>Umiarkowany stopie\u0144 niepe\u0142nosprawno\u015bci. Co planuje rz\u0105d?<\/p>\n<p>W tym momencie trwaj\u0105 prace legislacyjne nad wprowadzeniem ustawowej asystencji osobistej i bonu senioralnego. To nowe \u015bwiadczenia, z kt\u00f3rych od 2026 r. ma skorzysta\u0107 cz\u0119\u015b\u0107 os\u00f3b z niepe\u0142nosprawno\u015bciami. B\u0119d\u0105 to g\u0142\u00f3wnie osoby w podesz\u0142ym wieku (w przypadku bonu) i osoby potrzebuj\u0105ce pomocy w codziennym funkcjonowaniu (asystencja osobista).<\/p>\n<p>Ponadto, z analizy priorytetowych zada\u0144 na drug\u0105 kadencj\u0119 wynika, i\u017c rz\u0105d chce pracowa\u0107 m.in. nad:<\/p>\n<p>1. przeprowadzeniem przegl\u0105du \u015bwiadcze\u0144 i wypracowaniem regu\u0142 ich zbiegu;<\/p>\n<p>2. dokonaniem przegl\u0105du stosowania przepis\u00f3w ustawy o \u015bwiadczeniu wspieraj\u0105cym oraz procedur post\u0119powania w sprawach dotycz\u0105cych ustalania poziomu potrzeby wsparcia;<\/p>\n<p>3. opracowaniem kompleksowego modelu orzekania o niepe\u0142nosprawno\u015bci, odpowiadaj\u0105cego na indywidualne potrzeby os\u00f3b z niepe\u0142nosprawno\u015bciami, systemu \u015bwiadcze\u0144, ulg podatkowych i innych form wsparcia oraz rozwi\u0105za\u0144 umo\u017cliwiaj\u0105cych wdro\u017cenie modelu w Polsce;<\/p>\n<p>4. coroczn\u0105 weryfikacj\u0105 (zamiast 3-letniej) kryterium dochodowego uprawniaj\u0105cego do uzyskania \u015bwiadcze\u0144 z pomocy spo\u0142ecznej;<\/p>\n<p>5. opracowaniem jasnej i jednoznacznej definicji dochodu oraz dostosowanie do niej kryteri\u00f3w dochodowych w pomocy spo\u0142ecznej.<\/p>\n<p>Aktualnie nie wiemy jeszcze, nad kt\u00f3rymi z tych zmian Ministerstwo Rodziny, Pracy i Polityki Spo\u0142ecznej b\u0119dzie pracowa\u0142o ju\u017c w 2026 r. i w jaki spos\u00f3b wp\u0142yn\u0119\u0142yby one na sytuacj\u0119 os\u00f3b z umiarkowanym stopniem niepe\u0142nosprawno\u015bci.<\/p>\n<p>Ustawa z dnia 27 sierpnia 1997 r. o rehabilitacji zawodowej i spo\u0142ecznej oraz zatrudnianiu os\u00f3b niepe\u0142nosprawnych (j. t. Dz. U. z 2025 r., poz. 913; ost. zm. Dz. U. z 2023 r., poz. 1234)<\/p>\n<p class=\"infor-promocja\">Polecamy: <a href=\"https:\/\/sklep.infor.pl\/kalendarz-2026?mark=0_0000000000033&amp;utm_source=serwisy-internetowe&amp;utm_medium=link-w-artykule&amp;utm_campaign=artykul-autor-33\" rel=\"dofollow noopener\" class=\"art-inner-link\" target=\"_blank\">Kalendarz 2026<\/a><\/p>\n","protected":false},"excerpt":{"rendered":"rozwi\u0144 &gt; Umiarkowany stopie\u0144 niepe\u0142nosprawno\u015bci. Co oznacza i na jak d\u0142ugo? Przepisy ustawy o rehabilitacji zawodowej i spo\u0142ecznej&hellip;\n","protected":false},"author":2,"featured_media":77433,"comment_status":"","ping_status":"","sticky":false,"template":"","format":"standard","meta":{"footnotes":""},"categories":[16],"tags":[113,112,12944,4778,4506,7837,42,38,40,39,41,19001],"class_list":{"0":"post-77432","1":"post","2":"type-post","3":"status-publish","4":"format-standard","5":"has-post-thumbnail","7":"category-biznes","8":"tag-biznes","9":"tag-business","10":"tag-co-nas-czeka-w-2026-r","11":"tag-mops","12":"tag-orzeczenie-o-niepelnosprawnosci","13":"tag-pfron","14":"tag-pl","15":"tag-poland","16":"tag-polish","17":"tag-polska","18":"tag-polski","19":"tag-umiarkowany-stopien-niepelnosprawnosci"},"share_on_mastodon":{"url":"https:\/\/pubeurope.com\/@pl\/115468326945825549","error":""},"_links":{"self":[{"href":"https:\/\/www.europesays.com\/pl\/wp-json\/wp\/v2\/posts\/77432","targetHints":{"allow":["GET"]}}],"collection":[{"href":"https:\/\/www.europesays.com\/pl\/wp-json\/wp\/v2\/posts"}],"about":[{"href":"https:\/\/www.europesays.com\/pl\/wp-json\/wp\/v2\/types\/post"}],"author":[{"embeddable":true,"href":"https:\/\/www.europesays.com\/pl\/wp-json\/wp\/v2\/users\/2"}],"replies":[{"embeddable":true,"href":"https:\/\/www.europesays.com\/pl\/wp-json\/wp\/v2\/comments?post=77432"}],"version-history":[{"count":0,"href":"https:\/\/www.europesays.com\/pl\/wp-json\/wp\/v2\/posts\/77432\/revisions"}],"wp:featuredmedia":[{"embeddable":true,"href":"https:\/\/www.europesays.com\/pl\/wp-json\/wp\/v2\/media\/77433"}],"wp:attachment":[{"href":"https:\/\/www.europesays.com\/pl\/wp-json\/wp\/v2\/media?parent=77432"}],"wp:term":[{"taxonomy":"category","embeddable":true,"href":"https:\/\/www.europesays.com\/pl\/wp-json\/wp\/v2\/categories?post=77432"},{"taxonomy":"post_tag","embeddable":true,"href":"https:\/\/www.europesays.com\/pl\/wp-json\/wp\/v2\/tags?post=77432"}],"curies":[{"name":"wp","href":"https:\/\/api.w.org\/{rel}","templated":true}]}}