{"id":78318,"date":"2025-10-31T21:00:26","date_gmt":"2025-10-31T21:00:26","guid":{"rendered":"https:\/\/www.europesays.com\/pl\/78318\/"},"modified":"2025-10-31T21:00:26","modified_gmt":"2025-10-31T21:00:26","slug":"warszawscy-straznicy-miejscy-porazeni-pradem-podczas-interwencji","status":"publish","type":"post","link":"https:\/\/www.europesays.com\/pl\/78318\/","title":{"rendered":"Warszawscy stra\u017cnicy miejscy pora\u017ceni pr\u0105dem podczas interwencji"},"content":{"rendered":"<p class=\"Paragraph_desktopParagraph__U31Gm\">Stra\u017cnicy zostali wezwani przez mieszka\u0144c\u00f3w Pragi Po\u0142udnie w sprawie nieobyczajnych zachowa\u0144 w pustostanie przy ul. Ml\u0105dzkiej. Zgodnie ze zg\u0142oszeniem w budynku mia\u0142y regularnie odbywa\u0107 si\u0119 g\u0142o\u015bne, niepokoj\u0105ce spotkania.<\/p>\n<p>Furtka pod napi\u0119ciem <\/p>\n<p class=\"Paragraph_desktopParagraph__U31Gm\">Kiedy funkcjonariusze pr\u00f3bowali wej\u015b\u0107 na teren posesji, metalowa furtka porazi\u0142a ich pr\u0105dem.<\/p>\n<p class=\"Paragraph_desktopParagraph__U31Gm\">\u2014 Spr\u00f3bowa\u0142am jeszcze raz i zn\u00f3w kopn\u0105\u0142 mnie pr\u0105d \u2014 relacjonuje starszy inspektor Anna Trzaska z VII Oddzia\u0142u Terenowego. \u2014 A kiedy odepchni\u0119ta furtka zbli\u017ca\u0142a si\u0119 do futryny, wyskoczy\u0142 spomi\u0119dzy nich snop iskier, jak czasem z trakcji tramwajowej. Z uwagi na zagro\u017cenie dla os\u00f3b postronnych natychmiast wezwali\u015bmy administratora nieruchomo\u015bci \u2014 doda\u0142a funkcjonariuszka.<\/p>\n<ul class=\"OchatFollowUps_wrapper__1ry7X\">\n<li class=\"OchatFollowUps_item__Dhyly OchatFollowUps_itemDesktop__R6aBv\">Gdzie mia\u0142a miejsce ta niebezpieczna interwencja?<\/li>\n<li class=\"OchatFollowUps_item__Dhyly OchatFollowUps_itemDesktop__R6aBv\">Co sta\u0142o si\u0119 z funkcjonariuszami podczas interwencji?<\/li>\n<li class=\"OchatFollowUps_item__Dhyly OchatFollowUps_itemDesktop__R6aBv\">Jakie by\u0142y przyczyny pora\u017cenia pr\u0105dem?<\/li>\n<li class=\"OchatFollowUps_item__Dhyly OchatFollowUps_itemDesktop__R6aBv\">Czy w pustostanie znajdowa\u0142y si\u0119 osoby podczas akcji?<\/li>\n<\/ul>\n<p>Przebicie w instalacji elektrycznej <\/p>\n<p class=\"Paragraph_desktopParagraph__U31Gm\">Na miejsce przyby\u0142 elektryk, kt\u00f3ry przy\u0142o\u017cy\u0142 miernik do ogrodzenia i potwierdzi\u0142, \u017ce przez metalow\u0105 siatk\u0119 p\u0142ynie pr\u0105d. Jak si\u0119 okaza\u0142o, nie by\u0142o to celowe zabezpieczenie przed intruzami, lecz przebicie w instalacji. Usterk\u0119 szybko usuni\u0119to i zabezpieczono.<\/p>\n<p>Fina\u0142 akcji przy Ml\u0105dzkiej <\/p>\n<p class=\"Paragraph_desktopParagraph__U31Gm\">Po usuni\u0119ciu zagro\u017cenia stra\u017cnicy weszli na teren posesji. W pustostanie nikogo nie by\u0142o, jednak budynek by\u0142 otwarty, a w \u015brodku znajdowa\u0142y si\u0119 \u015blady obecno\u015bci ludzi. Jeszcze tego samego dnia nieruchomo\u015b\u0107 zosta\u0142a uprz\u0105tni\u0119ta, a wej\u015bcie na jej teren \u2014 zamkni\u0119te.<\/p>\n<p><img decoding=\"async\" class=\"Image_image__0tuHp \" height=\"587\" width=\"782\" src=\"https:\/\/www.europesays.com\/pl\/wp-content\/uploads\/2025\/10\/O_wk9kuTURBXy8wYjhhYmI1ZC04OTM3LTQ4NzktOTViMy00MGIxNGFmMjczYTYuanBlZ5KVAs0DrADCw5UCAM0CS8LD3gADoTABo.jpeg\" alt=\"\u017ar\u00f3d\u0142o: Stra\u017c Miejska m.st. Warszawy\" loading=\"lazy\" \/>Tu Stolica<\/p>\n<p>\u017ar\u00f3d\u0142o: Stra\u017c Miejska m.st. Warszawy<\/p>\n<p><img decoding=\"async\" class=\"Image_image__0tuHp \" height=\"587\" width=\"822\" src=\"https:\/\/www.europesays.com\/pl\/wp-content\/uploads\/2025\/10\/0Rnk9kuTURBXy83ZjlmNzEwZi0xNDgwLTRkOWEtYjNjYS0zZjYxOGY2MmJhNTguanBlZ5KVAs0DrADCw5UCAM0CS8LD3gADoTABo.jpeg\" alt=\"\u017ar\u00f3d\u0142o: Stra\u017c Miejska m.st. Warszawy\" loading=\"lazy\" \/>Tu Stolica<\/p>\n<p>\u017ar\u00f3d\u0142o: Stra\u017c Miejska m.st. Warszawy<\/p>\n","protected":false},"excerpt":{"rendered":"Stra\u017cnicy zostali wezwani przez mieszka\u0144c\u00f3w Pragi Po\u0142udnie w sprawie nieobyczajnych zachowa\u0144 w pustostanie przy ul. Ml\u0105dzkiej. Zgodnie ze&hellip;\n","protected":false},"author":2,"featured_media":78319,"comment_status":"","ping_status":"","sticky":false,"template":"","format":"standard","meta":{"footnotes":""},"categories":[5],"tags":[32,33,244,36,37,27,34,35,1565,28,31,53,25,52,68,51,55,42,38,40,39,41,47,29,30,8908,50,26],"class_list":{"0":"post-78318","1":"post","2":"type-post","3":"status-publish","4":"format-standard","5":"has-post-thumbnail","7":"category-naglowki","8":"tag-breaking-news","9":"tag-breakingnews","10":"tag-ctr_tst","11":"tag-featured-news","12":"tag-featurednews","13":"tag-headlines","14":"tag-latest-news","15":"tag-latestnews","16":"tag-ms","17":"tag-naglowki","18":"tag-najwazniejsze-artykuly","19":"tag-new_header","20":"tag-news","21":"tag-onet3","22":"tag-onet3d","23":"tag-onet3d_2i","24":"tag-phx","25":"tag-pl","26":"tag-poland","27":"tag-polish","28":"tag-polska","29":"tag-polski","30":"tag-screening_general","31":"tag-top-stories","32":"tag-topstories","33":"tag-tu_stolica","34":"tag-v2021","35":"tag-wiadomosci"},"share_on_mastodon":{"url":"https:\/\/pubeurope.com\/@pl\/115470796395438186","error":""},"_links":{"self":[{"href":"https:\/\/www.europesays.com\/pl\/wp-json\/wp\/v2\/posts\/78318","targetHints":{"allow":["GET"]}}],"collection":[{"href":"https:\/\/www.europesays.com\/pl\/wp-json\/wp\/v2\/posts"}],"about":[{"href":"https:\/\/www.europesays.com\/pl\/wp-json\/wp\/v2\/types\/post"}],"author":[{"embeddable":true,"href":"https:\/\/www.europesays.com\/pl\/wp-json\/wp\/v2\/users\/2"}],"replies":[{"embeddable":true,"href":"https:\/\/www.europesays.com\/pl\/wp-json\/wp\/v2\/comments?post=78318"}],"version-history":[{"count":0,"href":"https:\/\/www.europesays.com\/pl\/wp-json\/wp\/v2\/posts\/78318\/revisions"}],"wp:featuredmedia":[{"embeddable":true,"href":"https:\/\/www.europesays.com\/pl\/wp-json\/wp\/v2\/media\/78319"}],"wp:attachment":[{"href":"https:\/\/www.europesays.com\/pl\/wp-json\/wp\/v2\/media?parent=78318"}],"wp:term":[{"taxonomy":"category","embeddable":true,"href":"https:\/\/www.europesays.com\/pl\/wp-json\/wp\/v2\/categories?post=78318"},{"taxonomy":"post_tag","embeddable":true,"href":"https:\/\/www.europesays.com\/pl\/wp-json\/wp\/v2\/tags?post=78318"}],"curies":[{"name":"wp","href":"https:\/\/api.w.org\/{rel}","templated":true}]}}