{"id":78538,"date":"2025-11-01T01:37:11","date_gmt":"2025-11-01T01:37:11","guid":{"rendered":"https:\/\/www.europesays.com\/pl\/78538\/"},"modified":"2025-11-01T01:37:11","modified_gmt":"2025-11-01T01:37:11","slug":"inflacja-spada-nie-tylko-w-polsce-nowe-dane-ze-strefy-euro-mapa","status":"publish","type":"post","link":"https:\/\/www.europesays.com\/pl\/78538\/","title":{"rendered":"Inflacja spada nie tylko w Polsce. Nowe dane ze strefy euro [MAPA]"},"content":{"rendered":"<p data-section=\"detail-body\">O 3,4 proc. rok do roku podro\u017ca\u0142y w krajach strefy euro us\u0142ugi, \u017cywno\u015b\u0107 o 2,5 proc., wyroby przemys\u0142owe o 0,6 proc., a energia razem z paliwami stania\u0142a o 1 proc. To wszystko sk\u0142ada si\u0119 na spadek rocznej inflacji (HICP) do 2,1 proc. w pa\u017adzierniku z 2,2 proc. we wrze\u015bniu \u2014 wynika z danych Eurostatu.<\/p>\n<p class=\"article_p\" data-section=\"detail-body\">Innymi s\u0142owy w strefie euro dzieje si\u0119 podobnie do tego, co obserwujemy w Polsce, bo wed\u0142ug pi\u0105tkowych danych <a href=\"https:\/\/businessinsider.com.pl\/gospodarka\/inflacja-w-pazdzierniku-zaskoczyla-ekonomistow-gus-publikuje-szybki-szacunek\/jlpjvm5\" id=\"46136b59-2bf9-4f01-bbf8-cce01e21a533\" rel=\"nofollow noopener\" target=\"_blank\">inflacja CPI spad\u0142a do 2,8 proc. rdr<\/a> z 2,9 proc. miesi\u0105c wcze\u015bniej.<\/p>\n<p class=\"article_p\" data-section=\"detail-body\">Ceny najszybciej ros\u0142y w krajach ba\u0142tyckich, czyli w Estonii (4,5 proc. rdr) i na \u0141otwie (4,2 proc.). Ponad \u015bredni\u0105 dla strefy euro inflacja by\u0142a te\u017c w: Austrii, Chorwacji, na S\u0142owacji i na Litwie. Druga strona medalu, czyli najni\u017csza inflacja w pa\u017adzierniku cechowa\u0142a: Cypr, Francj\u0119 i W\u0142ochy.<\/p>\n<p class=\"article_p\" data-section=\"detail-body\">Najwi\u0119kszy spadek rocznego wska\u017anika inflacji w por\u00f3wnaniu z wrze\u015bniem nast\u0105pi\u0142 w Estonii i na S\u0142owacji &#8211; po 0,8 pkt proc. Jednak to kraje, kt\u00f3re notowa\u0142y najwy\u017csze poziomy inflacji w strefie euro. Mocny spadek dynamiki cen odnotowa\u0142a te\u017c Finlandia, gdzie nast\u0105pi\u0142o zej\u015bcie z poziomu 2,2 proc. rdr we wrze\u015bniu do 1,1 proc. w pa\u017adzierniku.<\/p>\n<p>            Czytaj tak\u017ce w BUSINESS INSIDER<\/p>\n<p class=\"article_p\" data-section=\"detail-body\">By\u0142o jednak jednocze\u015bnie pi\u0119\u0107 kraj\u00f3w, w kt\u00f3rych inflacja przy\u015bpieszy\u0142a: S\u0142owenia, Cypr, Hiszania, Austria i Portugalia. <\/p>\n<p class=\"article_p\" data-section=\"detail-body\">W przypadku Austrii decydowa\u0142 najwi\u0119kszy wzrost cen w strefie euro, a chodzi o wzrost cen energii o 12,3 proc. rdr w tym paliw. Energia dro\u017ca\u0142a tylko w pi\u0119ciu na 12 kraj\u00f3w strefy euro. Poza Austri\u0105 by\u0142y to: Chorwacja (+3,7 proc. rdr), Holandia (+2,1 proc. rdr), Belgia (+1,2 proc. rdr) i S\u0142owacja (+1,1 proc.).<\/p>\n<p class=\"article_p\" data-section=\"detail-body\">Mocno (+7,5 proc. rdr) dro\u017ca\u0142y us\u0142ugi na S\u0142owacji i w Chorwacji (+7,3 proc.).  <\/p>\n","protected":false},"excerpt":{"rendered":"O 3,4 proc. rok do roku podro\u017ca\u0142y w krajach strefy euro us\u0142ugi, \u017cywno\u015b\u0107 o 2,5 proc., wyroby przemys\u0142owe&hellip;\n","protected":false},"author":2,"featured_media":78539,"comment_status":"","ping_status":"","sticky":false,"template":"","format":"standard","meta":{"footnotes":""},"categories":[16],"tags":[113,112,42,38,40,39,41],"class_list":{"0":"post-78538","1":"post","2":"type-post","3":"status-publish","4":"format-standard","5":"has-post-thumbnail","7":"category-biznes","8":"tag-biznes","9":"tag-business","10":"tag-pl","11":"tag-poland","12":"tag-polish","13":"tag-polska","14":"tag-polski"},"share_on_mastodon":{"url":"https:\/\/pubeurope.com\/@pl\/115471885453865070","error":""},"_links":{"self":[{"href":"https:\/\/www.europesays.com\/pl\/wp-json\/wp\/v2\/posts\/78538","targetHints":{"allow":["GET"]}}],"collection":[{"href":"https:\/\/www.europesays.com\/pl\/wp-json\/wp\/v2\/posts"}],"about":[{"href":"https:\/\/www.europesays.com\/pl\/wp-json\/wp\/v2\/types\/post"}],"author":[{"embeddable":true,"href":"https:\/\/www.europesays.com\/pl\/wp-json\/wp\/v2\/users\/2"}],"replies":[{"embeddable":true,"href":"https:\/\/www.europesays.com\/pl\/wp-json\/wp\/v2\/comments?post=78538"}],"version-history":[{"count":0,"href":"https:\/\/www.europesays.com\/pl\/wp-json\/wp\/v2\/posts\/78538\/revisions"}],"wp:featuredmedia":[{"embeddable":true,"href":"https:\/\/www.europesays.com\/pl\/wp-json\/wp\/v2\/media\/78539"}],"wp:attachment":[{"href":"https:\/\/www.europesays.com\/pl\/wp-json\/wp\/v2\/media?parent=78538"}],"wp:term":[{"taxonomy":"category","embeddable":true,"href":"https:\/\/www.europesays.com\/pl\/wp-json\/wp\/v2\/categories?post=78538"},{"taxonomy":"post_tag","embeddable":true,"href":"https:\/\/www.europesays.com\/pl\/wp-json\/wp\/v2\/tags?post=78538"}],"curies":[{"name":"wp","href":"https:\/\/api.w.org\/{rel}","templated":true}]}}