{"id":78623,"date":"2025-11-01T04:38:08","date_gmt":"2025-11-01T04:38:08","guid":{"rendered":"https:\/\/www.europesays.com\/pl\/78623\/"},"modified":"2025-11-01T04:38:08","modified_gmt":"2025-11-01T04:38:08","slug":"meta-quest-3-i-quest-3s-wykorzystaja-windowsa-11-w-innym-wymiarze-wirtualne-monitory-jak-w-apple-vision-pro","status":"publish","type":"post","link":"https:\/\/www.europesays.com\/pl\/78623\/","title":{"rendered":"Meta Quest 3 i Quest 3S wykorzystaj\u0105 Windowsa 11 w innym wymiarze. Wirtualne monitory jak w Apple Vision Pro"},"content":{"rendered":"<p><img decoding=\"async\" class=\"teaserfoto\" src=\"https:\/\/www.europesays.com\/pl\/wp-content\/uploads\/2025\/11\/48803.png\" alt=\"Meta Quest 3 i Quest 3S wykorzystaj\u0105 Windowsa 11 w innym wymiarze. Wirtualne monitory jak w Apple Vision Pro\"\/>Gogle do wirtualnej i rozszerzonej rzeczywisto\u015bci maj\u0105 dzi\u015b naprawd\u0119 przyzwoite mo\u017cliwo\u015bci. Najnowsze modele od firmy Meta z serii Quest 3 wci\u0105\u017c otrzymuj\u0105 nowe aktualizacje, kt\u00f3re jeszcze bardziej zwi\u0119kszaj\u0105 ich mo\u017cliwo\u015bci. W\u0142a\u015bnie ukaza\u0142a si\u0119 kolejna, kt\u00f3ra oficjalnie wprowadza mo\u017cliwo\u015b\u0107 bezprzewodowego po\u0142\u0105czenia gogli z komputerem z systemem Windows 11, dzi\u0119ki czemu otrzymujemy do dyspozycji kilka wirtualnych monitor\u00f3w. Jest wi\u0119c podobnie, jak w Apple Vision Pro.<\/p>\n<p>Gogle Meta Quest 3 i Quest 3S maj\u0105 ju\u017c mo\u017cliwo\u015b\u0107 szybkiego po\u0142\u0105czenia si\u0119 z komputerem, na kt\u00f3rym zainstalowany jest Windows 11. To rozwi\u0105zanie daje sposobno\u015b\u0107 skorzystania z kilku wirtualnych monitor\u00f3w &#8211; bezprzewodowo.<\/p>\n<p class=\"center\"><a class=\"colorbox\" href=\"https:\/\/www.purepc.pl\/image\/news\/2025\/10\/31_meta_quest_3_i_quest_3s_wykorzystaja_windowsa_11_w_innym_wymiarze_wirtualne_monitory_jak_w_apple_vision_pro_1_b.jpg\" rel=\"nofollow noopener\" target=\"_blank\"><img decoding=\"async\" src=\"https:\/\/www.europesays.com\/pl\/wp-content\/uploads\/2025\/11\/31_meta_quest_3_i_quest_3s_wykorzystaja_windowsa_11_w_innym_wymiarze_wirtualne_monitory_jak_w_apple_.jpeg\" alt=\"Meta Quest 3 i Quest 3S wykorzystaj\u0105 Windowsa 11 w innym wymiarze. Wirtualne monitory jak w Apple Vision Pro [1]\"\/><\/a><\/p>\n<p><a title=\"Meta Quest 3S - debiut przyst\u0119pnych cenowo gogli do VR i AR. Meta zrobi\u0142a dwa kroki naprz\u00f3d i jeden wstecz\" href=\"https:\/\/www.purepc.pl\/meta-quest-3s-debiut-przystepnych-cenowo-gogli-do-vr-i-ar-meta-zrobila-dwa-kroki-naprzod-i-jeden-wstecz\" rel=\"nofollow noopener\" target=\"_blank\">Meta Quest 3S &#8211; debiut przyst\u0119pnych cenowo gogli do VR i AR. Meta zrobi\u0142a dwa kroki naprz\u00f3d i jeden wstecz<\/a><\/p>\n<p>Omawiana mo\u017cliwo\u015b\u0107 by\u0142a tak naprawd\u0119 dost\u0119pna ju\u017c w po\u0142owie grudnia 2024 roku w ramach &#8222;publicznej wersji zapoznawczej&#8221; (Public Preview). Teraz m\u00f3wimy ju\u017c o stabilnej ods\u0142onie, przy kt\u00f3rej nie trzeba w\u0142\u0105cza\u0107 funkcji eksperymentalnych. Zasadniczo do skorzystania z bezprzewodowego po\u0142\u0105czenia gogli Meta <a href=\"https:\/\/www.purepc.pl\/tagi\/quest-3\" rel=\"nofollow noopener\" target=\"_blank\">Quest 3<\/a> oraz Quest 3S z komputerem, wymagany jest obecnie system <a href=\"https:\/\/www.purepc.pl\/tagi\/windows-11\" rel=\"nofollow noopener\" target=\"_blank\">Windows 11<\/a> w wersji przynajmniej 24H2, a tak\u017ce zainstalowana na nim aplikacja Mixed Reality Link (<a href=\"https:\/\/support.microsoft.com\/pl-pl\/windows\/%C5%82%C4%85cze-windows-mixed-reality-informacje-4155d287-182d-4003-b189-b42a4e357fc5#:~:text=11%20zainstaluj%20aplikacj%C4%99-,%C5%81%C4%85cze%20z%20rzeczywisto%C5%9Bci%C4%85%20mieszan%C4%85,-ze%20sklepu%20Microsoft\" rel=\"nofollow noopener\" target=\"_blank\">\u0141\u0105cze z rzeczywisto\u015bci\u0105 mieszan\u0105<\/a>). Do tego dochodzi konieczno\u015b\u0107 zaktualizowania gogli od <a href=\"https:\/\/www.purepc.pl\/tagi\/meta\" rel=\"nofollow noopener\" target=\"_blank\">Mety<\/a> do Horizon OS v81. Po wykonaniu tych krok\u00f3w i pod\u0142\u0105czeniu obu urz\u0105dze\u0144 do tej samej sieci bezprzewodowej, nad klawiatur\u0105 komputera powinni\u015bmy zauwa\u017cy\u0107 przycisk &#8222;Sparuj&#8221;. Kilka krok\u00f3w p\u00f3\u017aniej i przed naszymi oczami uka\u017ce si\u0119 kilka wirtualnych ekran\u00f3w o &#8222;wysokiej rozdzielczo\u015bci&#8221;. Tak naprawd\u0119 mo\u017cemy si\u0119 r\u00f3wnie\u017c po\u0142\u0105czy\u0107 z pecetem w chmurze (<a href=\"https:\/\/www.purepc.pl\/tagi\/windows-365\" rel=\"nofollow noopener\" target=\"_blank\">Windows 365<\/a>), a przy tym mamy mo\u017cliwo\u015b\u0107 wybrania trybu: wirtualne \u015brodowisko lub tzw. passthrough, czyli widok z kamer, gdzie monitory b\u0119d\u0105 widoczne w \u015bwiecie rzeczywistym.\u00a0<\/p>\n<p>*Wymagania minimalne i zalecane sprawdzimy <a href=\"https:\/\/support.microsoft.com\/pl-pl\/windows\/%C5%82%C4%85cze-windows-mixed-reality-informacje-4155d287-182d-4003-b189-b42a4e357fc5\" rel=\"nofollow noopener\" target=\"_blank\">TUTAJ<\/a>.<\/p>\n<p class=\"center\"><a class=\"colorbox\" href=\"https:\/\/www.purepc.pl\/image\/news\/2025\/10\/31_meta_quest_3_i_quest_3s_wykorzystaja_windowsa_11_w_innym_wymiarze_wirtualne_monitory_jak_w_apple_vision_pro_2_b.jpg\" rel=\"nofollow noopener\" target=\"_blank\"><img decoding=\"async\" src=\"https:\/\/www.europesays.com\/pl\/wp-content\/uploads\/2025\/11\/1761971887_846_31_meta_quest_3_i_quest_3s_wykorzystaja_windowsa_11_w_innym_wymiarze_wirtualne_monitory_jak_w_apple_.jpeg\" alt=\"Meta Quest 3 i Quest 3S wykorzystaj\u0105 Windowsa 11 w innym wymiarze. Wirtualne monitory jak w Apple Vision Pro [2]\"\/><\/a><\/p>\n<p class=\"center\"><a class=\"colorbox\" href=\"https:\/\/www.purepc.pl\/image\/news\/2025\/10\/31_meta_quest_3_i_quest_3s_wykorzystaja_windowsa_11_w_innym_wymiarze_wirtualne_monitory_jak_w_apple_vision_pro_0_b.jpg\" rel=\"nofollow noopener\" target=\"_blank\"><img decoding=\"async\" src=\"https:\/\/www.europesays.com\/pl\/wp-content\/uploads\/2025\/11\/1761971888_813_31_meta_quest_3_i_quest_3s_wykorzystaja_windowsa_11_w_innym_wymiarze_wirtualne_monitory_jak_w_apple_.jpeg\" alt=\"Meta Quest 3 i Quest 3S wykorzystaj\u0105 Windowsa 11 w innym wymiarze. Wirtualne monitory jak w Apple Vision Pro [3]\"\/><\/a><\/p>\n<p><a title=\"Meta Quest 3 - nowe gogle VR s\u0105 ju\u017c dost\u0119pne do kupienia. Pierwsze osoby otrzymaj\u0105 darmow\u0105 zawarto\u015b\u0107\" href=\"https:\/\/www.purepc.pl\/meta-quest-3-nowe-gogle-vr-sa-juz-dostepne-do-kupienia-pierwsze-osoby-otrzymaja-darmowa-zawartosc\" rel=\"nofollow noopener\" target=\"_blank\">Meta Quest 3 &#8211; nowe gogle VR s\u0105 ju\u017c dost\u0119pne do kupienia. Pierwsze osoby otrzymaj\u0105 darmow\u0105 zawarto\u015b\u0107<\/a><\/p>\n<p>Na starszej wersji systemu Windows, a nawet na macOS, tak\u017ce jeste\u015bmy w stanie po\u0142\u0105czy\u0107 si\u0119 ze wspomnianymi goglami. Natomiast w tych przypadkach trzeba skorzysta\u0107 z innej aplikacji &#8211; Meta Quest Remote Desktop. Instrukcje dotycz\u0105ce zar\u00f3wno po\u0142\u0105czenia z najnowszym Windowsem 11, jak i napomkni\u0119tymi systemami, mo\u017cemy znale\u017a\u0107 <a href=\"https:\/\/www.meta.com\/pl-pl\/help\/quest\/1370025034331518\/\" rel=\"nofollow noopener\" target=\"_blank\">POD TYM ADRESEM<\/a>. Je\u017celi interesuj\u0105 nas wszystkie nowo\u015bci, jakie zawita\u0142y wraz z aktualizacj\u0105 Horizon OS v81, to z om\u00f3wieniem od Mety zapoznamy si\u0119 <a href=\"https:\/\/www.meta.com\/pl-pl\/blog\/horizon-os-v81-update-mixed-reality-link-store-discoverability\/\" rel=\"nofollow noopener\" target=\"_blank\">TUTAJ<\/a>. Trzeba przyzna\u0107, \u017ce nowa opcja opracowana wsp\u00f3lnie z Microsoftem z pewno\u015bci\u0105 oka\u017ce si\u0119 przydatna dla wielu os\u00f3b i przywodzi na my\u015bl opcj\u0119 z o wiele dro\u017cszych Apple Vision Pro (a przynajmniej w moim przypadku).<\/p>\n<p class=\"center\">\n<p>\u0179r\u00f3d\u0142o: The Verge, Meta, Microsoft<\/p>\n","protected":false},"excerpt":{"rendered":"Gogle do wirtualnej i rozszerzonej rzeczywisto\u015bci maj\u0105 dzi\u015b naprawd\u0119 przyzwoite mo\u017cliwo\u015bci. Najnowsze modele od firmy Meta z serii&hellip;\n","protected":false},"author":2,"featured_media":78624,"comment_status":"","ping_status":"","sticky":false,"template":"","format":"standard","meta":{"footnotes":""},"categories":[20],"tags":[4192,491,1308,19279,120,118,119,42,38,40,39,41,19280,19281,116,114,115,121,117,407,878,3273],"class_list":{"0":"post-78623","1":"post","2":"type-post","3":"status-publish","4":"format-standard","5":"has-post-thumbnail","7":"category-nauka-i-technika","8":"tag-gogle-vr","9":"tag-meta","10":"tag-microsoft","11":"tag-mixed-reality-link","12":"tag-nauka","13":"tag-nauka-i-technika","14":"tag-naukatechnika","15":"tag-pl","16":"tag-poland","17":"tag-polish","18":"tag-polska","19":"tag-polski","20":"tag-quest-3","21":"tag-quest-3s","22":"tag-science","23":"tag-science-and-technology","24":"tag-sciencetechnology","25":"tag-technika","26":"tag-technology","27":"tag-vr","28":"tag-windows","29":"tag-windows-11"},"share_on_mastodon":{"url":"https:\/\/pubeurope.com\/@pl\/115472597275925509","error":""},"_links":{"self":[{"href":"https:\/\/www.europesays.com\/pl\/wp-json\/wp\/v2\/posts\/78623","targetHints":{"allow":["GET"]}}],"collection":[{"href":"https:\/\/www.europesays.com\/pl\/wp-json\/wp\/v2\/posts"}],"about":[{"href":"https:\/\/www.europesays.com\/pl\/wp-json\/wp\/v2\/types\/post"}],"author":[{"embeddable":true,"href":"https:\/\/www.europesays.com\/pl\/wp-json\/wp\/v2\/users\/2"}],"replies":[{"embeddable":true,"href":"https:\/\/www.europesays.com\/pl\/wp-json\/wp\/v2\/comments?post=78623"}],"version-history":[{"count":0,"href":"https:\/\/www.europesays.com\/pl\/wp-json\/wp\/v2\/posts\/78623\/revisions"}],"wp:featuredmedia":[{"embeddable":true,"href":"https:\/\/www.europesays.com\/pl\/wp-json\/wp\/v2\/media\/78624"}],"wp:attachment":[{"href":"https:\/\/www.europesays.com\/pl\/wp-json\/wp\/v2\/media?parent=78623"}],"wp:term":[{"taxonomy":"category","embeddable":true,"href":"https:\/\/www.europesays.com\/pl\/wp-json\/wp\/v2\/categories?post=78623"},{"taxonomy":"post_tag","embeddable":true,"href":"https:\/\/www.europesays.com\/pl\/wp-json\/wp\/v2\/tags?post=78623"}],"curies":[{"name":"wp","href":"https:\/\/api.w.org\/{rel}","templated":true}]}}