{"id":78770,"date":"2025-11-01T07:22:08","date_gmt":"2025-11-01T07:22:08","guid":{"rendered":"https:\/\/www.europesays.com\/pl\/78770\/"},"modified":"2025-11-01T07:22:08","modified_gmt":"2025-11-01T07:22:08","slug":"wyjatkowe-groby-na-powazkach-kogo-odwiedzaja-warszawiacy-w-tym-roku-kobieta-onet","status":"publish","type":"post","link":"https:\/\/www.europesays.com\/pl\/78770\/","title":{"rendered":"Wyj\u0105tkowe groby na Pow\u0105zkach. Kogo odwiedzaj\u0105 warszawiacy w tym roku &#8211; Kobieta Onet"},"content":{"rendered":"<ol>\n<li><a href=\"https:\/\/news.google.com\/rss\/articles\/CBMipgFBVV95cUxNTGVSTWQyalB5VzRrbk5wUmJBX1FLYmx0ZGlta0N6UWRsT1N0N3BKckxlM0FoUHItQmVhV3R6dlExZ3NWTlJxRjFyWmQyYjRCd29hbjFDMU8tc19vMW9qNnR4Y2otTmNvWEQzckE3OFg2RXY4Q040OTRsZmRkM3dfN2tRWW9fOTlpTENzYlA1YnJWaGEwcEZLS05MZUZSdnpBZ1lYcWpB?oc=5\" target=\"_blank\" rel=\"nofollow noopener\">Wyj\u0105tkowe groby na Pow\u0105zkach. Kogo odwiedzaj\u0105 warszawiacy w tym roku<\/a>&nbsp;&nbsp;Kobieta Onet<\/li>\n<li><a href=\"https:\/\/news.google.com\/rss\/articles\/CBMiyAFBVV95cUxOaHFDMmdMLVpZUHU1SWQ5QlUyZHJ5ODZYYWItY0RHdWJGX2h1YUctcVNocnpLeU5RUDlmeFoxZGoxQzlUUDdOVVhUYmF2YlIyWVZBM3huUGVCZlVrQjRDa2l1OXhqU05MRXlJZ1oyNzBlaFhOU09DMFNUYjhZM3EtLUZoeVBINkJhZXgwX2tCMVJkbGVZMnlSYWR6Qi04Zjg2SzRHN3pqalB5ekxndGpnVzVZb0M1S1VlMF9lVmhKRDZEeGxLMEs5VQ?oc=5\" target=\"_blank\" rel=\"nofollow noopener\">Groby artyst\u00f3w na Starych Pow\u0105zkach w Warszawie. U Ireny Jarockiej mn\u00f3stwo zdj\u0119\u0107<\/a>&nbsp;&nbsp;Onet<\/li>\n<li><a href=\"https:\/\/news.google.com\/rss\/articles\/CBMipAFBVV95cUxPZHBzQ250UDhGeHVuckdZUk51RHVvQkxrSG5fMEZuc1JBdlllRlN6eEJvM25zODVkNk5lZGV5dUdfMnctQUUwNENGV1ZmdmdnQlVPaEtsTF9FZVlsUTdIV0VUVW5GM1pEWEN3Z2N6cFRmRFhpbVBQTUxjV0dnNkF2M3pQSHZtV3JqU0NzYl93Qk9TU0gyNmttOHJlanVvUHVXcmQ1cQ?oc=5\" target=\"_blank\" rel=\"nofollow noopener\">Odwiedzi\u0142 Pow\u0105zki Wojskowe. Nowa moda na stoiskach przed cmentarzem<\/a>&nbsp;&nbsp;Fakt<\/li>\n<li><a href=\"https:\/\/news.google.com\/rss\/articles\/CBMirAFBVV95cUxQSnJYZVpLU1NYaTNHNHlPSkE2VU9rYlZCanVKQXhEZV9ocEFlcDJYa1NQUTFleC1mQUNBUkFSdUVtV0NSc21xc2Z1VVh6bXNBNU1ZY3RVWTYxMjhHbFhsUVRFMHBsUmR5N2lCVmhYaW1yOUxMNjE0ZnhUVXhOWk0tMnFzWmtseER0cDJ6LUlyWXYzRFdKLUluMGtOdlpOQzIxOWgzNDRwYUl6Q0Iy?oc=5\" target=\"_blank\" rel=\"nofollow noopener\">Groby znanych Polak\u00f3w na Pow\u0105zkach Wojskowych. Tu le\u017c\u0105 m.in. Ko\u0142aczkowska i Stoparczyk<\/a>&nbsp;&nbsp;Plejada<\/li>\n<li><a href=\"https:\/\/news.google.com\/rss\/articles\/CBMivwFBVV95cUxNaU43bTVJVFI5MnQyUXROZ001eWd6MmJIUmQ4cG85bDd0NUdsZjJmbG0tdjBVRXZnMTFmcUMxdUxYWGVVanlMaXlOXy12TnRfWGZmRkF0YWdfcEg5SG90M1VVQWtaNDV1RXhBUHEzVU1GYVl6aDFnMjI2RUlvOEw4YXRHS0ZwTTd4cE4tSDctZWI0THM0VF9odml3Mk1WQVBnaXMteXk4RUJ3SXFNZ2QwdmJUYkVVNDgweDg0VGEzYw?oc=5\" target=\"_blank\" rel=\"nofollow noopener\">Pami\u0119\u0107 zapisana w kamieniu. Turystyka funeralna to opcja na City Break<\/a>&nbsp;&nbsp;podcasty.polskieradio.pl<\/li>\n<\/ol>\n","protected":false},"excerpt":{"rendered":"Wyj\u0105tkowe groby na Pow\u0105zkach. Kogo odwiedzaj\u0105 warszawiacy w tym roku&nbsp;&nbsp;Kobieta Onet Groby artyst\u00f3w na Starych Pow\u0105zkach w Warszawie.&hellip;\n","protected":false},"author":2,"featured_media":78771,"comment_status":"","ping_status":"","sticky":false,"template":"","format":"standard","meta":{"footnotes":"","_share_on_mastodon":"0"},"categories":[12],"tags":[32,33,17267,36,37,27,1667,322,10627,34,35,28,31,48,25,46,19340,4897,42,38,40,39,41,19339,47,4630,29,30,435,26],"class_list":["post-78770","post","type-post","status-publish","format-standard","has-post-thumbnail","category-polska","tag-breaking-news","tag-breakingnews","tag-cmentarze_groby","tag-featured-news","tag-featurednews","tag-headlines","tag-joanna_kolaczkowska","tag-katarzyna_stoparczyk","tag-kora_piosenkarka","tag-latest-news","tag-latestnews","tag-naglowki","tag-najwazniejsze-artykuly","tag-nat_styl","tag-news","tag-omp","tag-pawel_krolikowski","tag-perso_tst0","tag-pl","tag-poland","tag-polish","tag-polska","tag-polski","tag-powazki","tag-screening_general","tag-stanislaw_sojka","tag-top-stories","tag-topstories","tag-warszawa","tag-wiadomosci"],"share_on_mastodon":{"url":"https:\/\/pubeurope.com\/@pl\/115473242107479863","error":""},"_links":{"self":[{"href":"https:\/\/www.europesays.com\/pl\/wp-json\/wp\/v2\/posts\/78770","targetHints":{"allow":["GET"]}}],"collection":[{"href":"https:\/\/www.europesays.com\/pl\/wp-json\/wp\/v2\/posts"}],"about":[{"href":"https:\/\/www.europesays.com\/pl\/wp-json\/wp\/v2\/types\/post"}],"author":[{"embeddable":true,"href":"https:\/\/www.europesays.com\/pl\/wp-json\/wp\/v2\/users\/2"}],"replies":[{"embeddable":true,"href":"https:\/\/www.europesays.com\/pl\/wp-json\/wp\/v2\/comments?post=78770"}],"version-history":[{"count":0,"href":"https:\/\/www.europesays.com\/pl\/wp-json\/wp\/v2\/posts\/78770\/revisions"}],"wp:featuredmedia":[{"embeddable":true,"href":"https:\/\/www.europesays.com\/pl\/wp-json\/wp\/v2\/media\/78771"}],"wp:attachment":[{"href":"https:\/\/www.europesays.com\/pl\/wp-json\/wp\/v2\/media?parent=78770"}],"wp:term":[{"taxonomy":"category","embeddable":true,"href":"https:\/\/www.europesays.com\/pl\/wp-json\/wp\/v2\/categories?post=78770"},{"taxonomy":"post_tag","embeddable":true,"href":"https:\/\/www.europesays.com\/pl\/wp-json\/wp\/v2\/tags?post=78770"}],"curies":[{"name":"wp","href":"https:\/\/api.w.org\/{rel}","templated":true}]}}