{"id":79016,"date":"2025-11-01T09:58:07","date_gmt":"2025-11-01T09:58:07","guid":{"rendered":"https:\/\/www.europesays.com\/pl\/79016\/"},"modified":"2025-11-01T09:58:07","modified_gmt":"2025-11-01T09:58:07","slug":"gwiazdy-sportu-ktore-odeszly-w-ostatnim-roku-wspominamy-sportowcow-zmarlych-w-ostatnich-miesiacach-sport-tvp-pl","status":"publish","type":"post","link":"https:\/\/www.europesays.com\/pl\/79016\/","title":{"rendered":"Gwiazdy sportu, kt\u00f3re odesz\u0142y w ostatnim roku. Wspominamy sportowc\u00f3w zmar\u0142ych w ostatnich miesi\u0105cach &#8211; sport.tvp.pl"},"content":{"rendered":"<ol>\n<li><a href=\"https:\/\/news.google.com\/rss\/articles\/CBMiqwFBVV95cUxNbTBCdFp2MUlIX2RidFpmRXVMVTNsakhhVFJ0WjMtcFVVVFdVNXZLajAxc3p3cXJpU2hXNkhWTGRoZ25zSTg5RjRyd0JSYlMtTzV2N2dBR3VtaVVjMUVaYWpqLUQ2NmNZVVllTU95ay1HMzNvQ1lkREVoRWhsa3J6cnZsZnNJRTl2emxzM3NheWg4REF3X3VMNUpPN3JLZTNOU0dCMnFoZWdIdmfSAbABQVVfeXFMUGR0ZnNhZm56cFRadzRWVk1fX250QUJuOUo0Ukp5Ml8tS1lRaEczb3daN3NCZlo2RUYtZnNIVXlkMDBZaXpnWkxld2l2bE8tZi1HcHZFZTM5Y3YzR2FnbTNGa1RzcEh6aEp3c1loUkZzUkFUYmZDaDdweGlWbWVaVWNGN25ucURsQVJwbnpjZDNoWjM3QmFwZDFZRDYzb3FhWlJ4eVR2bVF5OHNYUEVFRW0?oc=5\" target=\"_blank\" rel=\"nofollow noopener\">Gwiazdy sportu, kt\u00f3re odesz\u0142y w ostatnim roku. Wspominamy sportowc\u00f3w zmar\u0142ych w ostatnich miesi\u0105cach<\/a>&nbsp;&nbsp;sport.tvp.pl<\/li>\n<li><a href=\"https:\/\/news.google.com\/rss\/articles\/CBMirwFBVV95cUxOZGN2X3FfbWxTamtkZjIxNWJ0YlB3bUpDSGN2NnRjd1M4YmNDNFdHNTNTSVRMZmtYMURhb2lBckFQZ2RSazVpNllENEtKUE1ZMlBSSGlfT3RCQk5oQWNreGRRRnM4ZUdrOXppd2I5dldqVHZtVjZtcTdZZXVNRmZ6S1o4OGdqQ0VlTmNoYzVXN19VdjlRTnNpZVpVdnRUWkduNDRBWk5abnBMRkRWNTEw?oc=5\" target=\"_blank\" rel=\"nofollow noopener\">1 listopada. Wszystkich \u015awi\u0119tych. Oni odeszli w ostatnim roku<\/a>&nbsp;&nbsp;SportoweFakty<\/li>\n<li><a href=\"https:\/\/news.google.com\/rss\/articles\/CBMivwFBVV95cUxOc2llOF8zLUhObWY2YTJKV0R4eV8xbEF4NVdoRnE0LU01TUN0ZXdLUm8yT3hYYWNuWmNsV04tbzYtcWQ3RzhSbVR0T25yTFZPX0puODhfekdQOW5pcDF1TnR1YzdLSk0ydkdaQUFoYnd5ZDdSYl9Ea1lSeTZCcXhhTnllNU9qZThrRkZRVGxBS1ZYVDY3TzRLWEM0MGRvVXdtbFFYQ2tLYUVYWjNkRkxQVVFvZEc3TlBKZEVrRkZ3MA?oc=5\" target=\"_blank\" rel=\"nofollow noopener\">\u015awiat sportu nie b\u0119dzie ju\u017c taki sam. Oni odeszli w ostatnich 12 miesi\u0105cach<\/a>&nbsp;&nbsp;Przegl\u0105d Sportowy Onet<\/li>\n<li><a href=\"https:\/\/news.google.com\/rss\/articles\/CBMioAFBVV95cUxQelZlVmxZTjhBd1hJQ1R3S1B2XzhVTVNOZGpUVk5hRFJWRk5MbkdoU1ZEcVdoNEpCRVVsNG9pWTRxbzdhdE5ZQW0tM2NFVTc1VDM1Nkl0YXNVbWNvTFk4LWZCSVZEQ1N5LWo0eW9vMTNJTWpGYVhVWWVJSWlFS1p2eEo4VUZBVjMxRnFjVnF1LUpJbnZfelNYNldQdEVZUXBW?oc=5\" target=\"_blank\" rel=\"nofollow noopener\">Wszystkich \u015awi\u0119tych. Te gwiazdy sportu odesz\u0142y od nas w 2025 roku<\/a>&nbsp;&nbsp;Sport w INTERIA.PL<\/li>\n<li><a href=\"https:\/\/news.google.com\/rss\/articles\/CBMisgFBVV95cUxQUWpZREcySU5xdTdLZkVNaTFzbG5rUXc3c2RUYVFXVFFjSEFpRTJMSWpNVXJYdTlOMHJHMzZnVjFKWmNKZ1N2NjlieXRHNUx6ZEs1UzdHWC1WYmluaEZvcDBUQmx0VHZwN18yaHpTWFNyaUxYbC1jaUV3Wkh2X2xxTGFkUVRiN1VTb1R1dE5GYXlYMjdjbS1mY29MUjNNWm1tX2tEaWI0V0tkNVZJZ1IwWmtR0gG3AUFVX3lxTE5NaTJ1dDNWVnZuQ05aQlQzalB1NkE1cVZPYlVzSkR5dklsLUpiaG01ckhDcmVyT2ZraGFUQk1wVUhJZnE2ZWFrT0IyaGRqLWZmNVEtRWJ3cmdFblJNRDFWaXNvdl9iR0lESHB0OXhvZ1pKM0l2NldBLXpDd3lubUM1a0h1cEFUX1FVcTdOd1VvdXVCeWctN1c0eTNqWldmTHdzNjlZNHkxVFBKQ3pOR01mZFpXYllkaw?oc=5\" target=\"_blank\" rel=\"nofollow noopener\">1 listopada. Dzie\u0144 Wszystkich \u015awi\u0119tych. Sportowcy, kt\u00f3rzy odeszli w 2025 roku<\/a>&nbsp;&nbsp;Sport Wprost<\/li>\n<\/ol>\n","protected":false},"excerpt":{"rendered":"Gwiazdy sportu, kt\u00f3re odesz\u0142y w ostatnim roku. Wspominamy sportowc\u00f3w zmar\u0142ych w ostatnich miesi\u0105cach&nbsp;&nbsp;sport.tvp.pl 1 listopada. Wszystkich \u015awi\u0119tych. Oni&hellip;\n","protected":false},"author":2,"featured_media":79017,"comment_status":"","ping_status":"","sticky":false,"template":"","format":"standard","meta":{"footnotes":""},"categories":[24],"tags":[16330,42,38,40,39,41,127,334,126,17738],"class_list":{"0":"post-79016","1":"post","2":"type-post","3":"status-publish","4":"format-standard","5":"has-post-thumbnail","7":"category-sport","8":"tag-1-listopada","9":"tag-pl","10":"tag-poland","11":"tag-polish","12":"tag-polska","13":"tag-polski","14":"tag-sport","15":"tag-sport-tvp-pl","16":"tag-sports","17":"tag-wszystkich-swietych"},"share_on_mastodon":{"url":"https:\/\/pubeurope.com\/@pl\/115473855801690623","error":""},"_links":{"self":[{"href":"https:\/\/www.europesays.com\/pl\/wp-json\/wp\/v2\/posts\/79016","targetHints":{"allow":["GET"]}}],"collection":[{"href":"https:\/\/www.europesays.com\/pl\/wp-json\/wp\/v2\/posts"}],"about":[{"href":"https:\/\/www.europesays.com\/pl\/wp-json\/wp\/v2\/types\/post"}],"author":[{"embeddable":true,"href":"https:\/\/www.europesays.com\/pl\/wp-json\/wp\/v2\/users\/2"}],"replies":[{"embeddable":true,"href":"https:\/\/www.europesays.com\/pl\/wp-json\/wp\/v2\/comments?post=79016"}],"version-history":[{"count":0,"href":"https:\/\/www.europesays.com\/pl\/wp-json\/wp\/v2\/posts\/79016\/revisions"}],"wp:featuredmedia":[{"embeddable":true,"href":"https:\/\/www.europesays.com\/pl\/wp-json\/wp\/v2\/media\/79017"}],"wp:attachment":[{"href":"https:\/\/www.europesays.com\/pl\/wp-json\/wp\/v2\/media?parent=79016"}],"wp:term":[{"taxonomy":"category","embeddable":true,"href":"https:\/\/www.europesays.com\/pl\/wp-json\/wp\/v2\/categories?post=79016"},{"taxonomy":"post_tag","embeddable":true,"href":"https:\/\/www.europesays.com\/pl\/wp-json\/wp\/v2\/tags?post=79016"}],"curies":[{"name":"wp","href":"https:\/\/api.w.org\/{rel}","templated":true}]}}