{"id":79198,"date":"2025-11-01T12:02:22","date_gmt":"2025-11-01T12:02:22","guid":{"rendered":"https:\/\/www.europesays.com\/pl\/79198\/"},"modified":"2025-11-01T12:02:22","modified_gmt":"2025-11-01T12:02:22","slug":"jaroslaw-jakimowicz-zostal-uniewinniony-gorzko-mowi-o-bylych-kolegach-z-tvp","status":"publish","type":"post","link":"https:\/\/www.europesays.com\/pl\/79198\/","title":{"rendered":"Jaros\u0142aw Jakimowicz zosta\u0142 uniewinniony. Gorzko m\u00f3wi o by\u0142ych kolegach z TVP"},"content":{"rendered":"<p class=\"ods-c-paragraph \">S\u0105d Okr\u0119gowy w Krakowie, IV Wydzia\u0142 Karny Odwo\u0142awczy, na skutek apelacji wniesionej przez obro\u0144c\u0119 <a href=\"https:\/\/plejada.pl\/jaroslaw-jakimowicz\" id=\"f377a7aa-2c75-4b3f-a50c-872e7c1bf595\" rel=\"nofollow noopener\" target=\"_blank\">Jaros\u0142awa Jakimowicza<\/a>, zmieni\u0142 wyrok S\u0105du Rejonowego dla Krakowa\u2013Podg\u00f3rza. W grudniu 2024 r. by\u0142y prezenter <a href=\"https:\/\/plejada.pl\/newsy\/jaroslaw-jakimowicz-uslyszal-werdykt-sadu-wiadomo-co-mu-grozi\/rsfpfvd\" id=\"66c6fe09-990e-4c8e-8d42-c66d5afe55d7\" rel=\"nofollow noopener\" target=\"_blank\">zosta\u0142 uznany za winnego zniewa\u017cenia grupy os\u00f3b<\/a> za pomoc\u0105 \u015brodk\u00f3w masowego komunikowania, jednak po odwo\u0142aniu s\u0105d drugiej instancji 28 pa\u017adziernika 2025 r. uniewinni\u0142 go od zarzucanego czynu i przekaza\u0142 spraw\u0119 S\u0105dowi Rejonowemu dla Krakowa \u2013 Podg\u00f3rza do ponownego rozpoznania.<\/p>\n<p class=\"ods-c-paragraph \">S\u0119dzia Maciej Czajka, rzecznik prasowy ds. karnych S\u0105du Okr\u0119gowego w Krakowie przekaza\u0142 Plejadzie wa\u017cne uzupe\u0142nienie szczeg\u00f3\u0142\u00f3w wyroku.<\/p>\n<blockquote class=\"ods-o-quota\">\n<p class=\"ods-o-quota__paragraph\">Jaros\u0142aw Jakimowicz zosta\u0142 uniewinniony tylko od jednego zarzutu tj. zniewa\u017cenia Maxa B. poprzez u\u017cycie s\u0142\u00f3w &#8222;chory umys\u0142owo&#8221;. W pozosta\u0142ym zakresie wyrok zosta\u0142 uchylony i przekazany do ponownego rozpoznania S\u0105dowi Rejonowemu dla Krakowa-Podg\u00f3rza. Oznacza to, \u017ce post\u0119powanie o zniewa\u017cenie innych os\u00f3b: Grzegorza P., Micha\u0142a G., Jakuba \u017b. i Paw\u0142a D. b\u0119dzie si\u0119 toczy\u0142o od pocz\u0105tku (czyli pozosta\u0142e 4 zarzuty)<\/p>\n<\/blockquote>\n<p class=\"ods-c-paragraph \">\u2013 wyja\u015bnia s\u0119dzia Maciej Czajka.<\/p>\n<p>Dalszy ci\u0105g artyku\u0142u pod materia\u0142em wideo<\/p>\n<p> Jakie zarzuty zosta\u0142y uniewinnione Jaros\u0142awa Jakimowicza? <\/p>\n<p> Dlaczego Jaros\u0142aw Jakimowicz jest zaniepokojony sytuacj\u0105 swojej rodziny? <\/p>\n<p> Kto nie wstawi\u0142 si\u0119 za Jaros\u0142awem Jakimowiczem? <\/p>\n<p> Jakie koszty poni\u00f3s\u0142 Jaros\u0142aw Jakimowicz zwi\u0105zane z wyrokiem? <\/p>\n<p>  Jaros\u0142aw Jakimowicz wygra\u0142 w s\u0105dzie. By\u0142y gwiazdor TVP Info zosta\u0142 uniewinniony<\/p>\n<p class=\"ods-c-paragraph \">Przypomnijmy, \u017ce spraw\u0119 przeciwko Jaros\u0142awowi Jakimowiczowi nag\u0142o\u015bni\u0142 O\u015brodek Monitorowania Zachowa\u0144 Rasistowskich i Ksenofobicznych (OMZRiK), kt\u00f3ry zarzuca\u0142 mu &#8222;wulgarne ataki&#8221; w mediach spo\u0142eczno\u015bciowych. &#8222;W sumie ponad 26 tys. z\u0142 b\u0119dzie kosztowa\u0142o Jaros\u0142awa Jakimowicza publiczne zniewa\u017canie ludzi&#8221; \u2013 pisa\u0142 w grudniu OMZRiK po pierwszym wyroku.<\/p>\n<p class=\"ods-c-paragraph \">Po uchyleniu orzeczenia Jaros\u0142aw Jakimowicz skomentowa\u0142 spraw\u0119 w rozmowie z Plejad\u0105, nie szcz\u0119dz\u0105c gorzkich s\u0142\u00f3w pod adresem m.in. Konrada Dulkowskiego, prezesa zarz\u0105du organizacji.<\/p>\n<p class=\"ods-c-paragraph \">\u2013 Wszystko jest inspirowane i finansowane przez O\u015brodek Monitorowania Zachowa\u0144 Rasistowskich i Ksenofobicznych, kt\u00f3ry wy\u0142udza pieni\u0105dze od ludzi. Od kilku lat ta organizacja szczuje na mnie, grozi mi i nakr\u0119ca ludzi, wmawiaj\u0105c im, \u017ce je\u015bli wp\u0142ac\u0105 pieni\u0105dze, to zostan\u0119 skazany.<\/p>\n<blockquote class=\"ods-o-quota\">\n<p class=\"ods-o-quota__paragraph\">Kuriozum wyroku z 31 grudnia polega na tym, \u017ce s\u0105d \u2013 spo\u015br\u00f3d kilku os\u00f3b, kt\u00f3re mnie oskar\u017ca\u0142y \u2013 w og\u00f3le nie przes\u0142ucha\u0142 dw\u00f3ch, przyjmuj\u0105c jedynie ich zeznania na pi\u015bmie. Zeznania te by\u0142y dodatkowo uwiarygadniane przez Konrada Dulkowskiego oraz O\u015brodek Monitorowania Zachowa\u0144 Rasistowskich i Ksenofobicznych<\/p>\n<\/blockquote>\n<p class=\"ods-c-paragraph \">\u2013 m\u00f3wi nam gwiazdor &#8222;M\u0142odych wilk\u00f3w&#8221;.<\/p>\n<p><img decoding=\"async\" src=\"https:\/\/www.europesays.com\/pl\/wp-content\/uploads\/2025\/11\/7d5k9lBaHR0cHM6Ly9vY2RuLmV1L3B1bHNjbXMvTURBXy9jZjI3OTU5OGM4OTQ5Y2U3MzQxM2YwNGJmNDUxMmMwMS5qcGeRlQLNA.jpeg\" height=\"529\" width=\"940\" alt=\"Jaros\u0142aw Jakimowicz (2020 r.)\" loading=\"lazy\" class=\"ods-c-image__img ods-c-image__img--vertical\"\/><\/p>\n<p>Jaros\u0142aw Jakimowicz (2020 r.)MW Media Warszawa \/ MW Media<\/p>\n<p class=\"ods-c-paragraph \">Dalej Jaros\u0142aw Jakimowicz przyznaje w romowie z nami, \u017ce by\u0142 zaskoczony wyrokiem pierwszej instancji.<\/p>\n<p class=\"ods-c-paragraph \">\u2013 Zebrali jak\u0105\u015b grup\u0119 os\u00f3b, kt\u00f3re twierdzi\u0142y, \u017ce im ubli\u017ca\u0142em, zaczepia\u0142em je, wyzywa\u0142em i zachowywa\u0142em si\u0119 wobec nich w nieodpowiedni spos\u00f3b. Sprawa trafi\u0142a do s\u0105du i, ku mojemu ogromnemu zaskoczeniu, 31 grudnia ubieg\u0142ego roku s\u0105d w Krakowie-Podg\u00f3rzu wyda\u0142 wyrok skazuj\u0105cy mnie w sprawie karnej.<\/p>\n<blockquote class=\"ods-o-quota\">\n<p class=\"ods-o-quota__paragraph\">To by\u0142o dla mnie co\u015b zupe\u0142nie niebywa\u0142ego. Nie sprawdzono mojego adresu IP, telefonu, billing\u00f3w \u2013 w\u0142a\u015bciwie niczego. Ca\u0142o\u015b\u0107 wygl\u0105da\u0142a na bardzo niechlujnie przeprowadzon\u0105. Pomy\u015bla\u0142em wtedy: jak to mo\u017cliwe, \u017ce kto\u015b mo\u017ce powiedzie\u0107 &#8222;to on do mnie pisa\u0142&#8221;, bez \u017cadnej weryfikacji?<\/p>\n<\/blockquote>\n<p class=\"ods-c-paragraph \">\u2013 relacjonuje.<\/p>\n<p class=\"ods-c-paragraph \">Jak podkre\u015bla Jakimowicz, s\u0105d \u2013 jego zdaniem \u2013 opar\u0142 si\u0119 na niezweryfikowanych dowodach. \u2013 Nie zweryfikowano profili w mediach spo\u0142eczno\u015bciowych, telefon\u00f3w ani komputera, a mimo to zawierzono Dulkowskiemu, kt\u00f3ry twierdzi\u0142, \u017ce to na sto procent ja pisa\u0142em dane wpisy. To kuriozalne, \u017ce w takiej sytuacji zapad\u0142 wyrok w sprawie karnej, z \u0142\u0105cznymi kosztami przekraczaj\u0105cymi 20 tys. z\u0142otych. W ten spos\u00f3b niszczy si\u0119 niewinn\u0105 rodzin\u0119 \u2013 t\u0142umaczy Jaros\u0142aw Jakimowicz.<\/p>\n<p><img decoding=\"async\" src=\"https:\/\/www.europesays.com\/pl\/wp-content\/uploads\/2025\/11\/Rsvk9lBaHR0cHM6Ly9vY2RuLmV1L3B1bHNjbXMvTURBXy8zNDNkNTVhNWY3ODlhZTMzMWJkMDVjZjMzZDhlNWI2Mi5qcGeRlQLNA.jpeg\" height=\"529\" width=\"940\" alt=\"Jaros\u0142aw Jakimowicz\" loading=\"lazy\" class=\"ods-c-image__img ods-c-image__img--vertical\"\/><\/p>\n<p>Jaros\u0142aw JakimowiczANDRAS SZILAGYI\/MWMEDIA WARSZAWA \/ MW Media<\/p>\n<p> Jakimowicz wygra\u0142 w s\u0105dzie. Gorzko m\u00f3wi o by\u0142ych wsp\u00f3\u0142pracownikach z TVP: w \u017caden spos\u00f3b nie wstawili si\u0119 za mn\u0105   <\/p>\n<p class=\"ods-c-paragraph \">By\u0142y gwiazdor TVP Info zaznacza te\u017c, \u017ce cz\u0119\u015b\u0107 zarzut\u00f3w zosta\u0142a ju\u017c wcze\u015bniej oddalona.<\/p>\n<blockquote class=\"ods-o-quota\">\n<p class=\"ods-o-quota__paragraph\">W odniesieniu do jednego z oskar\u017conych, kt\u00f3rego wypowiedzi komentowa\u0142em w programie TVP Info Micha\u0142a Rachonia, s\u0105d mnie uniewinni\u0142. Mia\u0142em prawo broni\u0107 swojej wiary i Ko\u015bcio\u0142a. <\/p>\n<\/blockquote>\n<p class=\"ods-c-paragraph \">\u2013 Max Bojarski, bo o niego chodzi, w swoich wypowiedziach atakowa\u0142 wiar\u0119 katolick\u0105 i Ko\u015bci\u00f3\u0142, wi\u0119c moj\u0105 reakcj\u0119 uznano za uzasadnion\u0105. \u017baden prawnik TVP Info, wydawca programu Krystian Krawiel ani <a href=\"https:\/\/plejada.pl\/michal-rachon\" id=\"976e8c1b-64c9-4530-9b52-8bec874e3d23\" rel=\"nofollow noopener\" target=\"_blank\">Micha\u0142 Racho\u0144<\/a> w \u017caden spos\u00f3b nie wstawili si\u0119 za mn\u0105 i nie pomogli.<\/p>\n<blockquote class=\"ods-o-quota\">\n<p class=\"ods-o-quota__paragraph\">Poza tym skazano mnie za co\u015b, czego nie zrobi\u0142em. Bez dowod\u00f3w. Absurd, Franz Kafka. Najbardziej bolesne w tym wszystkim jest jednak to, \u017ce cierpi przede wszystkim moja rodzina<\/p>\n<\/blockquote>\n<p class=\"ods-c-paragraph \">\u2013 podkre\u015bla 56-latek.<\/p>\n<p>Jaros\u0142aw Jakimowicz: wszystko odbija si\u0119 na mojej rodzinie<\/p>\n<p class=\"ods-c-paragraph \">Jaros\u0142aw Jakimowicz opowiada, \u017ce skutki medialnego &#8222;zainteresowania&#8221; jego osob\u0105 ponosz\u0105 r\u00f3wnie\u017c jego bliscy.<\/p>\n<blockquote class=\"ods-o-quota\">\n<p class=\"ods-o-quota__paragraph\">M\u00f3j m\u0142odszy syn aplikowa\u0142 do bardzo odpowiedzialnej pracy dla pa\u0144stwa. Przeszed\u0142 ca\u0142\u0105 procedur\u0119 rekrutacyjn\u0105 i tam naprawd\u0119 wszystko dok\u0142adnie sprawdzaj\u0105. Wiedz\u0105 o kandydacie praktycznie wszystko. Za ka\u017cdym razem, gdy kto\u015b tam si\u0119 dowiaduje, \u017ce jego ojcem jestem ja, natychmiast pojawia si\u0119 pytanie: &#8222;to ten Jakimowicz jest twoim ojcem?&#8221;.<\/p>\n<\/blockquote>\n<p class=\"ods-c-paragraph \">\u2013 I wtedy on nie wie, jak reagowa\u0107. Nogi mu si\u0119 uginaj\u0105, bo zastanawia si\u0119, czy to oznacza koniec jego kariery, czy dopiero jej pocz\u0105tek. Dlaczego on ma to za ka\u017cdym razem prze\u017cywa\u0107? \u2013 m\u00f3wi z gorycz\u0105.<\/p>\n<blockquote class=\"ods-o-quota\">\n<p class=\"ods-o-quota__paragraph\">Moja by\u0142a \u017cona, Joanna Sarapata, z kt\u00f3r\u0105 mamy naprawd\u0119 bardzo dobr\u0105 relacj\u0119 \u2013 jest malark\u0105, od lat tworzy, przebywa w artystycznym \u015brodowisku \u2013 i to wszystko odbija si\u0119 na niej i tak\u017ce na starszym synu Jovanie. Ka\u017cdy ocenia ich przez pryzmat tego, \u017ce s\u0105 ze mn\u0105 zwi\u0105zani. Nie musz\u0119 chyba dodawa\u0107, \u017ce nie pomaga im to w \u017cyciu.<\/p>\n<\/blockquote>\n<p class=\"ods-c-paragraph \">\u2013 Tak naprawd\u0119 ten wyrok uniewinniaj\u0105cy bardziej mnie przygni\u00f3t\u0142, ni\u017c ucieszy\u0142. Nawet m\u00f3j mecenas zapyta\u0142 zdziwiony: &#8222;panie Jarku, dlaczego si\u0119 pan nie cieszy?&#8221;. A ja odpowiedzia\u0142em: &#8222;Wie pan co, jestem przera\u017cony. Jakie ja mam te wyroki i za co w\u0142a\u015bciwie?&#8221;. W takich sytuacjach okazuje si\u0119, \u017ce mo\u017cna skaza\u0107 ka\u017cdego, bez konkretnych dowod\u00f3w \u2013 podsumowuje Jaros\u0142aw Jakimowicz w rozmowie z Plejad\u0105.<\/p>\n<p><img decoding=\"async\" src=\"https:\/\/www.europesays.com\/pl\/wp-content\/uploads\/2025\/11\/pwRk9lBaHR0cHM6Ly9vY2RuLmV1L3B1bHNjbXMvTURBXy9kMzU4YTM4OWQwMWNjZThhMzM2MWM4YTIzNjAwMWY2MS5qcGeSlQMAA.jpeg\" height=\"529\" width=\"940\" alt=\"Jaros\u0142aw Jakimowicz\" loading=\"lazy\" class=\"ods-c-image__img ods-c-image__img--vertical\"\/><\/p>\n<p>Jaros\u0142aw JakimowiczAndras Szilagyi \/ MW Media<\/p>\n<p class=\"ods-c-paragraph \">Dzi\u0119kujemy, \u017ce przeczyta\u0142a\u015b\/e\u015b nasz artyku\u0142 do ko\u0144ca.\u202fW serwisie Plejada.pl ka\u017cdego dnia piszemy o najwa\u017cniejszych wydarzeniach show-biznesowych.\u202fB\u0105d\u017a na bie\u017c\u0105co!\u202f<a rel=\"nofollow noopener\" href=\"https:\/\/news.google.com\/publications\/CAAiEF0PeAlb7W1llpV_mwV2rL4qFAgKIhBdD3gJW-1tZZaVf5sFdqy-?hl=pl&amp;gl=PL&amp;ceid=PL%3Apl\" id=\"321f719a-f0cb-4c30-be29-fc3c4bb466da\" target=\"_blank\">Obserwuj<\/a>\u202fPlejad\u0119 w Wiadomo\u015bciach Google. Odwied\u017a nas tak\u017ce na\u202f<a rel=\"nofollow noopener\" href=\"https:\/\/www.facebook.com\/plejadapl\" id=\"e83baf17-566f-4a6f-9094-f64aa8c3aefb\" target=\"_blank\">Facebooku<\/a>,\u202f<a rel=\"nofollow noopener\" href=\"https:\/\/www.instagram.com\/plejadapl\/\" id=\"68c07e0c-08ac-481c-8d85-7d397cd97b2b\" target=\"_blank\">Instagramie<\/a>,\u202f<a rel=\"nofollow noopener\" href=\"https:\/\/www.youtube.com\/c\/plejada\" id=\"6fb3976d-f7fd-4e9b-8e95-c3139a5cd23b\" target=\"_blank\">YouTubie<\/a>\u202foraz\u202f<a rel=\"nofollow noopener\" href=\"https:\/\/www.tiktok.com\/@plejada_pl\" id=\"e8df0202-8547-4936-9cb8-0604629b02f3\" target=\"_blank\">TikToku<\/a>.<\/p>\n<p class=\"ods-c-paragraph \">Chcesz podzieli\u0107 si\u0119 ciekawym newsem lub zaproponowa\u0107 temat? Skontaktuj si\u0119 z nami, pisz\u0105c maila na adres:\u202f<a rel=\"nofollow noopener\" href=\"https:\/\/plejada.pl\/newsy\/jaroslaw-jakimowicz-zostal-uniewinniony-gorzko-mowi-o-bylych-kolegach-z-tvp\/mailto:plejada@redakcjaonet.pl\" id=\"fe3fc1f2-0aa8-4c9a-9c97-530d1553478f\" target=\"_blank\">plejada@redakcjaonet.pl<\/a>.<\/p>\n<p><script async src=\"\/\/www.instagram.com\/embed.js\"><\/script><script async src=\"\/\/www.tiktok.com\/embed.js\"><\/script><\/p>\n","protected":false},"excerpt":{"rendered":"S\u0105d Okr\u0119gowy w Krakowie, IV Wydzia\u0142 Karny Odwo\u0142awczy, na skutek apelacji wniesionej przez obro\u0144c\u0119 Jaros\u0142awa Jakimowicza, zmieni\u0142 wyrok&hellip;\n","protected":false},"author":2,"featured_media":79199,"comment_status":"","ping_status":"","sticky":false,"template":"","format":"standard","meta":{"footnotes":""},"categories":[12],"tags":[32,33,36,37,27,19415,34,35,19416,28,31,48,25,125,46,4887,42,38,40,39,41,47,29,30,3504,338,26],"class_list":{"0":"post-79198","1":"post","2":"type-post","3":"status-publish","4":"format-standard","5":"has-post-thumbnail","7":"category-polska","8":"tag-breaking-news","9":"tag-breakingnews","10":"tag-featured-news","11":"tag-featurednews","12":"tag-headlines","13":"tag-jaroslaw_jakimowicz","14":"tag-latest-news","15":"tag-latestnews","16":"tag-michal_rachon","17":"tag-naglowki","18":"tag-najwazniejsze-artykuly","19":"tag-nat_styl","20":"tag-news","21":"tag-newsy","22":"tag-omp","23":"tag-perso_tst1","24":"tag-pl","25":"tag-poland","26":"tag-polish","27":"tag-polska","28":"tag-polski","29":"tag-screening_general","30":"tag-top-stories","31":"tag-topstories","32":"tag-tvp_info","33":"tag-tylko_w_plejadzie","34":"tag-wiadomosci"},"share_on_mastodon":{"url":"https:\/\/pubeurope.com\/@pl\/115474343473716339","error":""},"_links":{"self":[{"href":"https:\/\/www.europesays.com\/pl\/wp-json\/wp\/v2\/posts\/79198","targetHints":{"allow":["GET"]}}],"collection":[{"href":"https:\/\/www.europesays.com\/pl\/wp-json\/wp\/v2\/posts"}],"about":[{"href":"https:\/\/www.europesays.com\/pl\/wp-json\/wp\/v2\/types\/post"}],"author":[{"embeddable":true,"href":"https:\/\/www.europesays.com\/pl\/wp-json\/wp\/v2\/users\/2"}],"replies":[{"embeddable":true,"href":"https:\/\/www.europesays.com\/pl\/wp-json\/wp\/v2\/comments?post=79198"}],"version-history":[{"count":0,"href":"https:\/\/www.europesays.com\/pl\/wp-json\/wp\/v2\/posts\/79198\/revisions"}],"wp:featuredmedia":[{"embeddable":true,"href":"https:\/\/www.europesays.com\/pl\/wp-json\/wp\/v2\/media\/79199"}],"wp:attachment":[{"href":"https:\/\/www.europesays.com\/pl\/wp-json\/wp\/v2\/media?parent=79198"}],"wp:term":[{"taxonomy":"category","embeddable":true,"href":"https:\/\/www.europesays.com\/pl\/wp-json\/wp\/v2\/categories?post=79198"},{"taxonomy":"post_tag","embeddable":true,"href":"https:\/\/www.europesays.com\/pl\/wp-json\/wp\/v2\/tags?post=79198"}],"curies":[{"name":"wp","href":"https:\/\/api.w.org\/{rel}","templated":true}]}}