{"id":8035,"date":"2025-09-21T14:01:11","date_gmt":"2025-09-21T14:01:11","guid":{"rendered":"https:\/\/www.europesays.com\/pl\/8035\/"},"modified":"2025-09-21T14:01:11","modified_gmt":"2025-09-21T14:01:11","slug":"blizniaczki-syjamskie-z-janikowa-po-20-latach-od-rozdzielenia-onet","status":"publish","type":"post","link":"https:\/\/www.europesays.com\/pl\/8035\/","title":{"rendered":"Bli\u017aniaczki syjamskie z Janikowa po 20 latach od rozdzielenia &#8211; Onet"},"content":{"rendered":"<ol>\n<li><a href=\"https:\/\/news.google.com\/rss\/articles\/CBMivgFBVV95cUxORGxwZm13bThEcFlVa2hWMjVSN05zaTNERGdNSUh1aFZrd2J6TzZHMnlvbUNxd2lOTENfNFB3OHlNM2JnUHN0SVhwWEVrSEtRdTdseEZPa09qejEwR3ZjakN4SUNTUjROZEV4bFNCQ2ltSUR2NFBOcm1KaHdUU2xXc3NyejJZcmxFUC1QcmlGR3kxN2VkeFE0T2FmaWExaVBJd1MxcXVfaXRsWXFIaEJ6RVZ2blRBVFA0TVAtQkpB?oc=5\" target=\"_blank\" rel=\"nofollow noopener\">Bli\u017aniaczki syjamskie z Janikowa po 20 latach od rozdzielenia<\/a>&nbsp;&nbsp;Onet<\/li>\n<li><a href=\"https:\/\/news.google.com\/rss\/articles\/CBMiWEFVX3lxTE5uN01FaEVKSmg0TEliM2RiU0hfT1hwZldFQmhBVWp2QWdaWkcxRHI4QWJqZE9rNHBBa29mdWRYWnFwZ1MtWlRsR3Uxc3NvQWQ4a3k4dVlmM3Q?oc=5\" target=\"_blank\" rel=\"nofollow noopener\">Bli\u017aniaczki<\/a>&nbsp;&nbsp;TVP Bydgoszcz<\/li>\n<li><a href=\"https:\/\/news.google.com\/rss\/articles\/CBMiwgFBVV95cUxQY2Z3TmFPaTN2ZHBrQW1oa3pneFNsaGZlYVhOOUswanpKeGJvOGZYdzRFRnR2QzM5Tm5RU09iTjJQWWZoSDA0SmNmYkd1V1B2VTNSY3JLd0VWODlSUlRrSkdsbjhPdmJWbXF5LVFrRjBQaTQ0dGk5ZWV6eFIzaFZubXRUQ0tLaHlKV2xSc1QyaEZrVjlhcjZVU3NEd3ZEeEpIQkFmS2JYRlBaZlhrN2l2b1FVN01EYTVtOGMtblBiVXVOdw?oc=5\" target=\"_blank\" rel=\"nofollow noopener\">Bli\u017aniaczki z Janikowa w \u201ePytaniu na \u015bniadanie\u201d TVP2. Opowiedzia\u0142y o \u017cyciu 20 lat po operacji<\/a>&nbsp;&nbsp;TVP Bydgoszcz<\/li>\n<li><a href=\"https:\/\/news.google.com\/rss\/articles\/CBMiwwFBVV95cUxQQVR3cUNxZjNPX3NWcGIxcEtEVmcwWnQtZVZKOXpjVDF2THNVQ2dfRDN1TkpJWWRFa01RejlINUN0NkRSRzY2UDRDZ1FacFJhZ0o2UWd0Rjc1SzN0QVZlTE1tcVctTWdmNDdwMFFfYUpHR18yZzFkQXJYVXczR0tYZ2xoX204anpHaGxvclJfOGh2NUZLNzFGM3k4VUhXRllCeFBDczBhc2F0Z2NQUVVnejhwRElwSGp3ZHNmellRQjBoZzA?oc=5\" target=\"_blank\" rel=\"nofollow noopener\">Rozdzielono je 20 lat temu. Tak \u017cyj\u0105 bli\u017aniaczki syjamskie z Janikowa<\/a>&nbsp;&nbsp;Plotek.pl<\/li>\n<li><a href=\"https:\/\/news.google.com\/rss\/articles\/CBMi4wFBVV95cUxQcEdDc2VHcVZnOTNZNVhHbkpTbHZyaURHUFBEMHp1MWtrVTRQdi15VlVoQ2E2SXRac1UtX19PMTRLSW9FUS1DOHVoel9CYTFSbFZIeE81elFuRE1wRUQ1MHZ3RjQ2WkJqSEswYW5VaThBdGJNVTN6YmF2bmNZLUpEOUtzbHREVXFPZWxDeEZobXRFdjVhbm10dTUwc1hoSGpNWmlUWXE5d1RVLXhmZVZBc21vd3lIbzNMY2xnaEc5akhFTG40amczc2pPa0kyMkV1S0g5OVh0RU9pME1ud2U4ZmZQNA?oc=5\" target=\"_blank\" rel=\"nofollow noopener\">Olga i Daria Ko\u0142acz w &#8222;Pytaniu na \u015aniadanie&#8221;. Co dzi\u015b s\u0142ycha\u0107 u rozdzielonych bli\u017aniaczek syjamskich z Janikowa?<\/a>&nbsp;&nbsp;pudelek.pl<\/li>\n<\/ol>\n","protected":false},"excerpt":{"rendered":"Bli\u017aniaczki syjamskie z Janikowa po 20 latach od rozdzielenia&nbsp;&nbsp;Onet Bli\u017aniaczki&nbsp;&nbsp;TVP Bydgoszcz Bli\u017aniaczki z Janikowa w \u201ePytaniu na \u015bniadanie\u201d&hellip;\n","protected":false},"author":2,"featured_media":8036,"comment_status":"","ping_status":"","sticky":false,"template":"","format":"standard","meta":{"footnotes":"","_share_on_mastodon":"0"},"categories":[12],"tags":[3427,3426,32,33,1679,36,37,27,67,34,35,28,31,53,25,52,68,51,3428,55,42,38,40,39,41,47,196,29,30,65,50,26],"class_list":["post-8035","post","type-post","status-publish","format-standard","has-post-thumbnail","category-polska","tag-arabia_saudyjska","tag-blizniaczki_syjamskie","tag-breaking-news","tag-breakingnews","tag-det_prem_tst1","tag-featured-news","tag-featurednews","tag-headlines","tag-intextvideo_splayer","tag-latest-news","tag-latestnews","tag-naglowki","tag-najwazniejsze-artykuly","tag-new_header","tag-news","tag-onet3","tag-onet3d","tag-onet3d_2i","tag-operacje","tag-phx","tag-pl","tag-poland","tag-polish","tag-polska","tag-polski","tag-screening_general","tag-styl_zycia","tag-top-stories","tag-topstories","tag-update_me","tag-v2021","tag-wiadomosci"],"share_on_mastodon":{"url":"","error":""},"_links":{"self":[{"href":"https:\/\/www.europesays.com\/pl\/wp-json\/wp\/v2\/posts\/8035","targetHints":{"allow":["GET"]}}],"collection":[{"href":"https:\/\/www.europesays.com\/pl\/wp-json\/wp\/v2\/posts"}],"about":[{"href":"https:\/\/www.europesays.com\/pl\/wp-json\/wp\/v2\/types\/post"}],"author":[{"embeddable":true,"href":"https:\/\/www.europesays.com\/pl\/wp-json\/wp\/v2\/users\/2"}],"replies":[{"embeddable":true,"href":"https:\/\/www.europesays.com\/pl\/wp-json\/wp\/v2\/comments?post=8035"}],"version-history":[{"count":0,"href":"https:\/\/www.europesays.com\/pl\/wp-json\/wp\/v2\/posts\/8035\/revisions"}],"wp:featuredmedia":[{"embeddable":true,"href":"https:\/\/www.europesays.com\/pl\/wp-json\/wp\/v2\/media\/8036"}],"wp:attachment":[{"href":"https:\/\/www.europesays.com\/pl\/wp-json\/wp\/v2\/media?parent=8035"}],"wp:term":[{"taxonomy":"category","embeddable":true,"href":"https:\/\/www.europesays.com\/pl\/wp-json\/wp\/v2\/categories?post=8035"},{"taxonomy":"post_tag","embeddable":true,"href":"https:\/\/www.europesays.com\/pl\/wp-json\/wp\/v2\/tags?post=8035"}],"curies":[{"name":"wp","href":"https:\/\/api.w.org\/{rel}","templated":true}]}}