{"id":80568,"date":"2025-11-02T11:44:08","date_gmt":"2025-11-02T11:44:08","guid":{"rendered":"https:\/\/www.europesays.com\/pl\/80568\/"},"modified":"2025-11-02T11:44:08","modified_gmt":"2025-11-02T11:44:08","slug":"antyukrainski-aktywista-zatrzymany-za-jazde-po-narkotykach","status":"publish","type":"post","link":"https:\/\/www.europesays.com\/pl\/80568\/","title":{"rendered":"Antyukrai\u0144ski aktywista zatrzymany za jazd\u0119 po narkotykach"},"content":{"rendered":"<p>            <a href=\"https:\/\/s-trojmiasto.pl\/zdj\/c\/n\/9\/4169\/888x0\/4169160-Screen-z-relacji-podczas-ktorej-zatrzymano-Nazara.webp\" target=\"_blank\" data-slide-name=\"797319\" data-lightbox-target=\"photo full\" data-sub-html=\"&lt;h4&gt;Screen z relacji, podczas kt\u00f3rej zatrzymano Nazara.&lt;\/h4&gt;&lt;p&gt;fot. facebook.com&lt;\/p&gt;&#010;\" class=\"photoMarker__link\" data-filter-brightness=\"brightness--100\" rel=\"nofollow noopener\"><\/p>\n<p>    <img decoding=\"async\" style=\"height:519px; aspect-ratio: 1.4439\/1; filter:brightness(1);\" alt=\"Screen z relacji, podczas kt\u00f3rej zatrzymano Nazara.\" src=\"https:\/\/www.europesays.com\/pl\/wp-content\/uploads\/2025\/11\/4169160-Screen-z-relacji-podczas-ktorej-zatrzymano-Nazara.webp.webp\" class=\"photoMarker__img \" data-slider=\"img\" fetchpriority=\"high\"\/><\/p>\n<p>            <\/a><\/p>\n<p class=\"lead\">M\u0119\u017cczyzna pos\u0142uguj\u0105cy si\u0119 pseudonimem John Nazar, kt\u00f3ry od kilku miesi\u0119cy zrywa w\u00a0Tr\u00f3jmie\u015bcie ukrai\u0144skie flagi, zosta\u0142 w\u00a0pi\u0105tek wieczorem zatrzymany przez policj\u0119 w\u00a0trakcie kontroli drogowej &#8211; wszystko podczas jego relacji prowadzonej na \u017cywo w\u00a0internecie. Policja potwierdza tylko, \u017ce faktycznie zatrzymano kierowc\u0119 na ul. Morskiej w\u00a0Gdyni, a\u00a0wst\u0119pne badanie narkotestem wykaza\u0142o obecno\u015b\u0107 zakazanych substancji w\u00a0jego organizmie.<\/p>\n<p>Ledwie kilka dni temu informowali\u015bmy o\u00a0akcji aktywisty, kt\u00f3ry <a data-tklik=\"455358\" target=\"_self\" href=\"https:\/\/www.trojmiasto.pl\/wiadomosci\/Zakryl-antywojenne-murale-bialo-czerwona-wstega-Aktywista-znow-w-akcji-n209751.html\" rel=\"nofollow noopener\">zakry\u0142 bia\u0142o-czerwonym materia\u0142em 100 m antywojennego muralu<\/a> przy przystanku PKM Jasie\u0144. T\u0105 akcj\u0105 pochwali\u0142 si\u0119 sam Nazar w\u00a0swoich mediach spo\u0142eczno\u015bciowych. Podobnie jak innymi podobnymi wyczynami, bo od kilku miesi\u0119cy zrywa w\u00a0Tr\u00f3jmie\u015bcie ukrai\u0144skie flagi i\u00a0zast\u0119puje je polskimi.<\/p>\n<p>Wed\u0142ug policji ma te\u017c na koncie mniej dwuznaczne zachowania, w\u00a0jawny spos\u00f3b kryminalne.<\/p>\n<p>W lipcu tego roku <a data-tklik=\"275883\" target=\"_self\" href=\"https:\/\/www.trojmiasto.pl\/wiadomosci\/9-zarzutow-dla-mezczyzny-ktory-sciagal-ukrainskie-flagi-n205427.html\" rel=\"nofollow noopener\">44-latka zatrzymano i przedstawiono mu dziewi\u0119\u0107 zarzut\u00f3w<\/a>, w\u00a0tym: nawo\u0142ywanie do nienawi\u015bci, gro\u017aby karalne, naruszenie nietykalno\u015bci cielesnej, naruszenie miru domowego i\u00a0zniewa\u017canie.<\/p>\n<p>            <a href=\"https:\/\/s-trojmiasto.pl\/zdj\/c\/n\/9\/4169\/600x0\/4169163-44-letniego-aktywiste-zatrzymano-juz-raz-w-lipcu-tego-roku-Uslyszal-wowczas-dziewiec-roznych-zarzutow-kryminalnych-Zdjecie-z-lipca-tego-roku.webp\" target=\"_blank\" data-slide-name=\"797320\" data-lightbox-target=\"photo full\" data-sub-html=\"&lt;h4&gt;44-letniego aktywist\u0119 zatrzymano ju\u017c raz - w lipcu tego roku. Us\u0142ysza\u0142 w\u00f3wczas dziewi\u0119\u0107 r\u00f3\u017cnych zarzut\u00f3w kryminalnych. Zdj\u0119cie z lipca tego roku.&lt;\/h4&gt;&lt;p&gt;fot. KMP w Gdyni&lt;\/p&gt;&#010;\" class=\"photoMarker__link\" data-filter-brightness=\"brightness--100\" rel=\"nofollow noopener\"><\/p>\n<p>    <img decoding=\"async\" style=\"height:404px; aspect-ratio: 1.48515\/1; filter:brightness(1);\" alt=\"44-letniego aktywist\u0119 zatrzymano ju\u017c raz - w lipcu tego roku. Us\u0142ysza\u0142 w\u00f3wczas dziewi\u0119\u0107 r\u00f3\u017cnych zarzut\u00f3w kryminalnych. Zdj\u0119cie z lipca tego roku.\" src=\"https:\/\/www.europesays.com\/pl\/wp-content\/uploads\/2025\/11\/4169163-44-letniego-aktywiste-zatrzymano-juz-raz-w-lipcu-tego-roku-Uslyszal-wowczas.webp.webp\" class=\"photoMarker__img lazy\" data-slider=\"img\"\/><\/p>\n<p>            <\/a><\/p>\n<p>Bardzo mo\u017cliwe, \u017ce w\u00a0najbli\u017cszych godzinach katalog ten uzupe\u0142ni te\u017c jazda samochodem po narkotykach. W\u00a0pi\u0105tek wieczorem m\u0119\u017cczyzna prowadzi\u0142 w\u00a0swoich mediach spo\u0142eczno\u015bciowych relacj\u0119 na \u017cywo z\u00a0kontroli drogowej, do kt\u00f3rej dosz\u0142o na ul. Morskiej w\u00a0Gdyni.<\/p>\n<p>Przez kilkana\u015bcie minut Nazar drwi\u0142 z\u00a0policjant\u00f3w, m\u00f3wi\u0142 im, \u017ce &#8222;powinni zaj\u0105\u0107 si\u0119 Ukrai\u0144cami, a\u00a0nie Polakami&#8221;, podburza\u0142 te\u017c swoich widz\u00f3w. W\u00a0mi\u0119dzyczasie policjanci przeprowadzali u\u00a0niego test na obecno\u015b\u0107 narkotyk\u00f3w w\u00a0organizmie. Nagranie urwa\u0142o si\u0119 w\u00a0momencie, gdy jeden z\u00a0policjant\u00f3w zabra\u0142 Nazarowi telefon.<\/p>\n<p>Policja: Zatrzymano kierowc\u0119, kt\u00f3ry jecha\u0142 po narkotykach<\/p>\n<p>Zapytali\u015bmy gdy\u0144skich policjant\u00f3w o\u00a0spraw\u0119. Ci nie chcieli nam potwierdzi\u0107, \u017ce chodzi w\u0142a\u015bnie o\u00a0aktywist\u0119, ale przyznali, \u017ce tego dnia, w\u00a0tym miejscu i\u00a0o tej w\u0142a\u015bnie porze zatrzymano 44-letniego kierowc\u0119.<\/p>\n<p>&#8211; W\u00a0zwi\u0105zku z\u00a0podejrzeniem prowadzenia samochodu pod wp\u0142ywem alkoholu i\u00a0nietypowym zachowaniem, kieruj\u0105cego poddano badaniu alkotestem z\u00a0wynikiem 0,00 mg\/l. Nast\u0119pnie wykonano badanie testerem narkotykowym, kt\u00f3ry pokaza\u0142 wynik pozytywny na zawarto\u015b\u0107 jednej z\u00a0substancji psychoaktywnych. Dodatkowo od kierowcy pobrano krew do dalszych bada\u0144 pod k\u0105tem obecno\u015bci \u015brodk\u00f3w zabronionych. M\u0119\u017cczyzna zosta\u0142 zatrzymany i\u00a0przewieziony do jednostki policji. Je\u015bli badanie krwi potwierdzi obecno\u015b\u0107 narkotyk\u00f3w w\u00a0organizmie 44-latka, m\u0119\u017cczyzna us\u0142yszy zarzuty &#8211; m\u00f3wi asp. Krzysztof Czarnecki z\u00a0KMP w\u00a0Gdyni.\n                <\/p>\n","protected":false},"excerpt":{"rendered":"M\u0119\u017cczyzna pos\u0142uguj\u0105cy si\u0119 pseudonimem John Nazar, kt\u00f3ry od kilku miesi\u0119cy zrywa w\u00a0Tr\u00f3jmie\u015bcie ukrai\u0144skie flagi, zosta\u0142 w\u00a0pi\u0105tek wieczorem zatrzymany&hellip;\n","protected":false},"author":2,"featured_media":80569,"comment_status":"","ping_status":"","sticky":false,"template":"","format":"standard","meta":{"footnotes":""},"categories":[12],"tags":[1088,19639,2227,32,33,18709,36,37,16070,1048,1064,27,1096,1089,1766,19637,1085,1091,10785,1095,34,35,1094,1926,7215,19638,28,31,19641,19643,25,1097,19532,14113,15186,42,38,414,40,39,41,1093,19640,3150,1087,1090,19642,29,30,4000,26,8804,1092],"class_list":{"0":"post-80568","1":"post","2":"type-post","3":"status-publish","4":"format-standard","5":"has-post-thumbnail","7":"category-polska","8":"tag-aktualne-wydarzenia","9":"tag-aktywista","10":"tag-badanie","11":"tag-breaking-news","12":"tag-breakingnews","13":"tag-droga","14":"tag-featured-news","15":"tag-featurednews","16":"tag-flaga","17":"tag-gdansk","18":"tag-gdynia","19":"tag-headlines","20":"tag-hotele","21":"tag-imprezy","22":"tag-internet","23":"tag-john-nazar","24":"tag-kierowca","25":"tag-kino","26":"tag-kontrola","27":"tag-kwatery","28":"tag-latest-news","29":"tag-latestnews","30":"tag-mapa","31":"tag-mezczyzna","32":"tag-miesiac","33":"tag-morska","34":"tag-naglowki","35":"tag-najwazniejsze-artykuly","36":"tag-narkotest","37":"tag-narkotyk","38":"tag-news","39":"tag-noclegi","40":"tag-obecnosc","41":"tag-organizm","42":"tag-piatek","43":"tag-pl","44":"tag-poland","45":"tag-policja","46":"tag-polish","47":"tag-polska","48":"tag-polski","49":"tag-przewodnik","50":"tag-pseudonim","51":"tag-relacja","52":"tag-sopot-noclegi","53":"tag-spektakle-firmy","54":"tag-substancja","55":"tag-top-stories","56":"tag-topstories","57":"tag-trojmiasto","58":"tag-wiadomosci","59":"tag-wieczor","60":"tag-wydarzenia"},"share_on_mastodon":{"url":"","error":"Validation failed: Text character limit of 500 exceeded"},"_links":{"self":[{"href":"https:\/\/www.europesays.com\/pl\/wp-json\/wp\/v2\/posts\/80568","targetHints":{"allow":["GET"]}}],"collection":[{"href":"https:\/\/www.europesays.com\/pl\/wp-json\/wp\/v2\/posts"}],"about":[{"href":"https:\/\/www.europesays.com\/pl\/wp-json\/wp\/v2\/types\/post"}],"author":[{"embeddable":true,"href":"https:\/\/www.europesays.com\/pl\/wp-json\/wp\/v2\/users\/2"}],"replies":[{"embeddable":true,"href":"https:\/\/www.europesays.com\/pl\/wp-json\/wp\/v2\/comments?post=80568"}],"version-history":[{"count":0,"href":"https:\/\/www.europesays.com\/pl\/wp-json\/wp\/v2\/posts\/80568\/revisions"}],"wp:featuredmedia":[{"embeddable":true,"href":"https:\/\/www.europesays.com\/pl\/wp-json\/wp\/v2\/media\/80569"}],"wp:attachment":[{"href":"https:\/\/www.europesays.com\/pl\/wp-json\/wp\/v2\/media?parent=80568"}],"wp:term":[{"taxonomy":"category","embeddable":true,"href":"https:\/\/www.europesays.com\/pl\/wp-json\/wp\/v2\/categories?post=80568"},{"taxonomy":"post_tag","embeddable":true,"href":"https:\/\/www.europesays.com\/pl\/wp-json\/wp\/v2\/tags?post=80568"}],"curies":[{"name":"wp","href":"https:\/\/api.w.org\/{rel}","templated":true}]}}