{"id":80621,"date":"2025-11-02T12:19:06","date_gmt":"2025-11-02T12:19:06","guid":{"rendered":"https:\/\/www.europesays.com\/pl\/80621\/"},"modified":"2025-11-02T12:19:06","modified_gmt":"2025-11-02T12:19:06","slug":"dyskusja-wokol-aresztu-dla-zbigniewa-ziobry-rzad-kladzie-te-sprawe","status":"publish","type":"post","link":"https:\/\/www.europesays.com\/pl\/80621\/","title":{"rendered":"Dyskusja wok\u00f3\u0142 aresztu dla Zbigniewa Ziobry. &#8222;Rz\u0105d k\u0142adzie t\u0119 spraw\u0119&#8221;"},"content":{"rendered":"<p class=\"ods-c-paragraph \">Witold Tumanowicz (Ruch Narodowy), Joanna Mucha (Polska 2050), Micha\u0142 Ko\u0142odziejczak (KO), Marcin Hora\u0142a (PiS), Paulina Piechna-Wi\u0119ckiewicz (Nowa Lewica) w programie &#8222;7. Dzie\u0144 Tygodnia w Radiu ZET&#8221; byli pytani o ostatnie zarzuty wobec Zbigniewa Ziobry.<\/p>\n<p class=\"ods-c-paragraph \">Prokuratura z\u0142o\u017cy\u0142a do Sejmu wniosek o uchylenie immunitetu, o poci\u0105gni\u0119ciu by\u0142ego ministra sprawiedliwo\u015bci do odpowiedzialno\u015bci zadecyduj\u0105 pos\u0142owie. <a href=\"https:\/\/wiadomosci.onet.pl\/kraj\/26-zarzutow-dla-zbigniewa-ziobry-szczegoly-wniosku-prokuratury\/7b76t7g\" id=\"bad10fc5-8d82-4859-a27b-0d7524533b0b\" rel=\"nofollow noopener\" target=\"_blank\">\u015aledczy podejrzewaj\u0105, \u017ce pope\u0142ni\u0142 on 26 przest\u0119pstw \u015bci\u015ble zwi\u0105zanych z pe\u0142nion\u0105 przez niego funkcj\u0105.<\/a> Jeden z zarzut\u00f3w dotyczy kierowania grup\u0105 przest\u0119pcz\u0105.<\/p>\n<p class=\"ods-c-paragraph \">Ko\u0142odziejczak stwierdzi\u0142, \u017ce z pewno\u015bci\u0105 zag\u0142osuje za uchyleniem immunitetu Ziobry. Podobnie jak Tumanowicz, kt\u00f3ry jednak jest przeciwny tymczasowemu aresztowaniu by\u0142ego ministra, &#8222;bo nie chce, \u017ceby koalicja rz\u0105dz\u0105ca mia\u0142a z tego odpowiedni obrazek&#8221;.<\/p>\n<p class=\"ods-c-paragraph \">Marcin Hora\u0142a stwierdzi\u0142 z kolei, \u017ce dzia\u0142ania rz\u0105du s\u0105 podejmowane &#8222;ku uciesze gawiedzi&#8221;.<\/p>\n<p class=\"ods-c-paragraph \">\u2014 Sam bym chcia\u0142, \u017ceby jakie\u015b w\u0105tpliwo\u015bci zwi\u0105zane z Funduszem Sprawiedliwo\u015bci zosta\u0142y wyja\u015bnione, jednak to, jak robi to obecny rz\u0105d, k\u0142adzie t\u0119 spraw\u0119. Minister, kt\u00f3ry ma nielegalnie powo\u0142anego prokuratura, produkuje zarzuty na zam\u00f3wienie polityczne i z g\u00f3ry wie, jaki b\u0119dzie wyrok \u2014 oceni\u0142 pose\u0142 PiS.<\/p>\n<p>Dalszy ci\u0105g artyku\u0142u pod materia\u0142em wideo<\/p>\n<p> Dlaczego Zbigniew Ziobro powinien by\u0107 aresztowany? <\/p>\n<p> Jakie zarzuty ci\u0105\u017c\u0105 na Zbigniewie Ziobrze? <\/p>\n<p> Kto z polityk\u00f3w popiera uchwa\u0142\u0119 o uchwa\u0142eniu immunitetu Ziobry? <\/p>\n<p> Co s\u0105dz\u0105 go\u015bcie programu o obecnych dzia\u0142aniach rz\u0105du? <\/p>\n<p>  Zbigniew Ziobro powinien trafi\u0107 do aresztu? &#8222;Jest obawa, \u017ce nie podda si\u0119 procedurom&#8221;<\/p>\n<p class=\"ods-c-paragraph \">Jak podkre\u015bli\u0142, &#8222;obecnie Zbigniew Ziobro jest niewinnym cz\u0142owiekiem&#8221;. \u2014 Mamy <a href=\"https:\/\/wiadomosci.onet.pl\/szczecin\/afera-melioracyjna-jest-surowy-wyrok-dla-stanislawa-gawlowskiego\/qm3jynv\" id=\"666dc2b7-268d-4a94-9a50-30adb8e21849\" rel=\"nofollow noopener\" target=\"_blank\">[senatora KO Stanis\u0142awa] Gaw\u0142owskiego, kt\u00f3ry zosta\u0142 skazany w pierwszej instancji za pi\u0119\u0107 lat na przest\u0119pstwo korupcyjne<\/a> i w jego przypadku jako\u015b nie zachodzi obawa, \u017ce ucieknie przed wyrokiem \u2014 m\u00f3wi\u0142 Marcin Hora\u0142a.<\/p>\n<p class=\"ods-c-paragraph \">Przerwa\u0142a mu Paulina Piechna-Wi\u0119ckiewicz. \u2014 W \u015bwietle tego, gdzie przebywa teraz Zbigniew Ziobro, to jasne jest, \u017ce zachodzi. (&#8230;) Jest obawa, \u017ce nie podda si\u0119 procedurom. Jest teraz na W\u0119grzech, gdzie PiS za\u0142o\u017cy nied\u0142ugo oddzia\u0142y, bo coraz wi\u0119cej polityk\u00f3w tam przybywa. To jest moim zdaniem wa\u017cne w kontek\u015bcie uzasadnienia do aresztowania. Ta afera musi by\u0107 wyja\u015bniona, sytuacja jest powa\u017cna \u2014 powiedzia\u0142a wiceministra.<\/p>\n<p class=\"ods-c-paragraph \">Joanna Mucha oceni\u0142a, \u017ce za rz\u0105d\u00f3w PiS &#8222;mieli\u015bmy do czynienia z pa\u0144stwem mafijnym&#8221;.<\/p>\n","protected":false},"excerpt":{"rendered":"Witold Tumanowicz (Ruch Narodowy), Joanna Mucha (Polska 2050), Micha\u0142 Ko\u0142odziejczak (KO), Marcin Hora\u0142a (PiS), Paulina Piechna-Wi\u0119ckiewicz (Nowa Lewica)&hellip;\n","protected":false},"author":2,"featured_media":80622,"comment_status":"","ping_status":"","sticky":false,"template":"","format":"standard","meta":{"footnotes":""},"categories":[12],"tags":[3299,6773,32,33,36,37,27,1163,49,34,35,17649,11693,28,31,48,25,46,19661,4887,42,38,40,39,41,47,29,30,26,19662],"class_list":{"0":"post-80621","1":"post","2":"type-post","3":"status-publish","4":"format-standard","5":"has-post-thumbnail","7":"category-polska","8":"tag-7_dzien_tygodnia_w_radiu_zet","9":"tag-andrzej_stankiewicz","10":"tag-breaking-news","11":"tag-breakingnews","12":"tag-featured-news","13":"tag-featurednews","14":"tag-headlines","15":"tag-joanna_mucha","16":"tag-kraj","17":"tag-latest-news","18":"tag-latestnews","19":"tag-marcin_horala","20":"tag-michal_kolodziejczak","21":"tag-naglowki","22":"tag-najwazniejsze-artykuly","23":"tag-nat_styl","24":"tag-news","25":"tag-omp","26":"tag-paulina_piechna_wieckiewicz","27":"tag-perso_tst1","28":"tag-pl","29":"tag-poland","30":"tag-polish","31":"tag-polska","32":"tag-polski","33":"tag-screening_general","34":"tag-top-stories","35":"tag-topstories","36":"tag-wiadomosci","37":"tag-witold_tumanowicz"},"share_on_mastodon":{"url":"https:\/\/pubeurope.com\/@pl\/115480072357406779","error":""},"_links":{"self":[{"href":"https:\/\/www.europesays.com\/pl\/wp-json\/wp\/v2\/posts\/80621","targetHints":{"allow":["GET"]}}],"collection":[{"href":"https:\/\/www.europesays.com\/pl\/wp-json\/wp\/v2\/posts"}],"about":[{"href":"https:\/\/www.europesays.com\/pl\/wp-json\/wp\/v2\/types\/post"}],"author":[{"embeddable":true,"href":"https:\/\/www.europesays.com\/pl\/wp-json\/wp\/v2\/users\/2"}],"replies":[{"embeddable":true,"href":"https:\/\/www.europesays.com\/pl\/wp-json\/wp\/v2\/comments?post=80621"}],"version-history":[{"count":0,"href":"https:\/\/www.europesays.com\/pl\/wp-json\/wp\/v2\/posts\/80621\/revisions"}],"wp:featuredmedia":[{"embeddable":true,"href":"https:\/\/www.europesays.com\/pl\/wp-json\/wp\/v2\/media\/80622"}],"wp:attachment":[{"href":"https:\/\/www.europesays.com\/pl\/wp-json\/wp\/v2\/media?parent=80621"}],"wp:term":[{"taxonomy":"category","embeddable":true,"href":"https:\/\/www.europesays.com\/pl\/wp-json\/wp\/v2\/categories?post=80621"},{"taxonomy":"post_tag","embeddable":true,"href":"https:\/\/www.europesays.com\/pl\/wp-json\/wp\/v2\/tags?post=80621"}],"curies":[{"name":"wp","href":"https:\/\/api.w.org\/{rel}","templated":true}]}}