{"id":80769,"date":"2025-11-02T13:56:07","date_gmt":"2025-11-02T13:56:07","guid":{"rendered":"https:\/\/www.europesays.com\/pl\/80769\/"},"modified":"2025-11-02T13:56:07","modified_gmt":"2025-11-02T13:56:07","slug":"francja-wpadla-w-tarapaty-i-moze-pociagnac-za-soba-cala-strefe-euro-opinia","status":"publish","type":"post","link":"https:\/\/www.europesays.com\/pl\/80769\/","title":{"rendered":"Francja wpad\u0142a w tarapaty \u2013 i mo\u017ce poci\u0105gn\u0105\u0107 za sob\u0105 ca\u0142\u0105 stref\u0119 euro [OPINIA]"},"content":{"rendered":"<p>&#8222;By\u0142 to najlepszy i najpi\u0119kniejszy czas, stulecie m\u0105dro\u015bci i nonsensu, epoka wiary i niewiary, okres \u015bwiat\u0142a i ciemno\u015bci&#8221;.<\/p>\n<p>Tak zaczyna si\u0119 &#8222;Opowie\u015b\u0107 o dw\u00f3ch miastach&#8221; Charlesa Dickensa. Chodzi o Londyn i Pary\u017c w XVIII w. &#8222;Francja bardzo szybko i gwa\u0142townie popad\u0142a w ruin\u0119, drukuj\u0105c papierowe pieni\u0105dze i trwoni\u0105c je (&#8230;) W Anglii nie mo\u017cna by\u0142o liczy\u0107 na porz\u0105dek i ochron\u0119 publiczn\u0105&#8221; \u2014 kontynuuje Dickens.<\/p>\n<p>Mo\u017cna w tym znale\u017a\u0107 istotne analogie do tera\u017aniejszo\u015bci. Oba kraje borykaj\u0105 si\u0119 z trudno\u015bciami politycznymi, gospodarczymi i finansowymi. Istnieje jednak mi\u0119dzy nimi zasadnicza r\u00f3\u017cnica \u2014 korzystna dla Francji, ale niebezpieczna dla pa\u0144stw UE.<\/p>\n<p class=\"Paragraph_desktopParagraph__U31Gm\">Zacznijmy od podobie\u0144stw. Oba rz\u0105dy mocno si\u0119 zad\u0142u\u017cy\u0142y. <a href=\"https:\/\/wiadomosci.onet.pl\/swiat\/francja-tonie-w-dlugach-i-gniewie-czy-znow-potrzebna-bedzie-rewolucja\/nwfs6tk\" id=\"58f65373-c1b5-45e1-8a86-8a8288611922\" rel=\"nofollow noopener\" target=\"_blank\">Francja od 2010 r. zwi\u0119kszy\u0142a sw\u00f3j stosunek d\u0142ugu do PKB o dobre 30 proc.<\/a> \u2014 szacuje si\u0119, \u017ce w tym roku wyniesie on 116,5 proc. W Wielkiej Brytanii w analogicznym okresie wzr\u00f3s\u0142 on o 27,5 proc. PKB \u2014 do 103,4 proc.<\/p>\n<p class=\"Paragraph_desktopParagraph__U31Gm\">W obu krajach skromny by\u0142 r\u00f3wnie\u017c roczny wzrost realnego PKB na mieszka\u0144ca \u2014 we Francji wyni\u00f3s\u0142 on 0,7 proc., w Wielkiej Brytanii (pomimo <a href=\"https:\/\/wiadomosci.onet.pl\/swiat\/nadchodzi-cios-brexitu-giganci-zabieraja-pieniadze-i-uciekaja-z-londynu\/02t7kj6\" id=\"dccc10db-84ab-46cb-b3d7-ecbe7b04c9f9\" rel=\"nofollow noopener\" target=\"_blank\">brexitu z 2016 r.<\/a>) 0,8 proc. W obu pa\u0144stwach na popularno\u015bci zyskuj\u0105 te\u017c partie populistyczne. Rz\u0105d Partii Pracy w Wielkiej Brytanii nadal ma jednak znaczn\u0105 wi\u0119kszo\u015b\u0107 w parlamencie, podczas gdy mniejszo\u015bciowy rz\u0105d we Francji jest praktycznie niezdolny do dzia\u0142ania.<\/p>\n<p class=\"Paragraph_desktopParagraph__U31Gm\">Pomimo podobie\u0144stw stopy procentowe w Wielkiej Brytanii s\u0105 znacznie wy\u017csze ni\u017c we Francji. Wynosz\u0105 one oko\u0142o 4,6 proc. dla dziesi\u0119cioletnich obligacji skarbowych, podczas gdy we Francji jest to tylko 3,4 proc. Ponadto kurs funta brytyjskiego spad\u0142 w ci\u0105gu tego roku o prawie 6 proc., co doprowadzi\u0142o do wzrostu inflacji w tym kraju.<\/p>\n<p class=\"Paragraph_desktopParagraph__U31Gm\">Wielka Brytania ma wprawdzie nieco s\u0142abszy bilans handlu zagranicznego ni\u017c Francja, ale nie wystarcza to do wyja\u015bnienia r\u00f3\u017cnicy w stopach procentowych i deprecjacji funta. Bardziej prawdopodobne jest, \u017ce Francja mo\u017ce ukrywa\u0107 si\u0119 za tarcz\u0105 ochronn\u0105 unii walutowej. W wi\u0119kszo\u015bci przypadk\u00f3w kraje strefy euro utrzymuj\u0105 niskie stopy procentowe i stabilny kurs euro.<\/p>\n<p class=\"Paragraph_desktopParagraph__U31Gm\">Cz\u0119sto jednak presja rynk\u00f3w finansowych powoduje powr\u00f3t do twardej polityki fiskalnej. Do\u015bwiadczy\u0142a tego brytyjska premier Liz Truss w pa\u017adzierniku 2022 r. \u2014 jej plany obni\u017cenia podatk\u00f3w wywo\u0142a\u0142y kryzys finansowy, kt\u00f3ry zmusi\u0142 j\u0105 do <a href=\"https:\/\/wiadomosci.onet.pl\/swiat\/wielki-upadek-liz-truss-absolutna-hanba-beznadziejny-balagan\/7s0g4t0\" id=\"63c01cb7-2bbf-4341-9c43-f9fbff0d5b80\" rel=\"nofollow noopener\" target=\"_blank\">rezygnacji po zaledwie 49 dniach sprawowania urz\u0119du.<\/a><\/p>\n<p class=\"Paragraph_desktopParagraph__U31Gm\">R\u00f3wnie\u017c socjalistyczny eksperyment francuskiego prezydenta Francoisa Mitterranda na pocz\u0105tku lat 80. XX w. zako\u0144czy\u0142 si\u0119 niepowodzeniem. Sta\u0142o si\u0119 to przez op\u00f3r rynk\u00f3w finansowych, kt\u00f3re m.in. poprzez kryzysy walutowe wymusi\u0142y polityczn\u0105 zmian\u0119. Prawdopodobnie to do\u015bwiadczenie bezsilno\u015bci politycznej by\u0142o jedn\u0105 z przyczyn, kt\u00f3re wiele lat p\u00f3\u017aniej zmotywowa\u0142y Mitterranda do wywalczenia unii walutowej.<\/p>\n<p class=\"Paragraph_desktopParagraph__U31Gm\">Obecnie wydaje si\u0119, \u017ce Francja chce da\u0107 sobie czas na opanowanie wymykaj\u0105cej si\u0119 spod kontroli polityki fiskalnej, podczas gdy rz\u0105d w Londynie poszukuje rozwi\u0105za\u0144. Spe\u0142ni\u0142y si\u0119 wcze\u015bniejsze obawy, \u017ce unia walutowa sk\u0142oni poszczeg\u00f3lne kraje do nadmiernego zad\u0142u\u017cenia. Kiedy dotyczy\u0142o to tylko &#8222;peryferii&#8221;, tak jak przed pierwszym kryzysem euro, szkody uda\u0142o si\u0119 naprawi\u0107 dzi\u0119ki wysi\u0142kom du\u017cych kraj\u00f3w i instytucji europejskich.<\/p>\n<p class=\"Paragraph_desktopParagraph__U31Gm\">Dzi\u015b jest jednak inna sytuacja. A to prowadzi to niepokoj\u0105cego wniosku \u2014 problemy Francji mog\u0105 doprowadzi\u0107 do upadku euro.<\/p>\n","protected":false},"excerpt":{"rendered":"&#8222;By\u0142 to najlepszy i najpi\u0119kniejszy czas, stulecie m\u0105dro\u015bci i nonsensu, epoka wiary i niewiary, okres \u015bwiat\u0142a i ciemno\u015bci&#8221;.&hellip;\n","protected":false},"author":2,"featured_media":80770,"comment_status":"","ping_status":"","sticky":false,"template":"","format":"standard","meta":{"footnotes":""},"categories":[14],"tags":[56,32,33,105,7943,1670,66,190,27,67,34,35,28,31,53,25,52,68,51,55,40,41,47,80,29,30,50,26,264,82,83,84,5126],"class_list":{"0":"post-80769","1":"post","2":"type-post","3":"status-publish","4":"format-standard","5":"has-post-thumbnail","7":"category-swiat","8":"tag-article_premium","9":"tag-breaking-news","10":"tag-breakingnews","11":"tag-ekonomia","12":"tag-euro","13":"tag-francja_francuz_francuzka_francuzi","14":"tag-give_me_perspective","15":"tag-gospodarka","16":"tag-headlines","17":"tag-intextvideo_splayer","18":"tag-latest-news","19":"tag-latestnews","20":"tag-naglowki","21":"tag-najwazniejsze-artykuly","22":"tag-new_header","23":"tag-news","24":"tag-onet3","25":"tag-onet3d","26":"tag-onet3d_2i","27":"tag-phx","28":"tag-polish","29":"tag-polski","30":"tag-screening_general","31":"tag-swiat","32":"tag-top-stories","33":"tag-topstories","34":"tag-v2021","35":"tag-wiadomosci","36":"tag-wielka_brytania_kraj","37":"tag-world","38":"tag-world-news","39":"tag-worldnews","40":"tag-zadluzenie"},"share_on_mastodon":{"url":"","error":"Validation failed: Text character limit of 500 exceeded"},"_links":{"self":[{"href":"https:\/\/www.europesays.com\/pl\/wp-json\/wp\/v2\/posts\/80769","targetHints":{"allow":["GET"]}}],"collection":[{"href":"https:\/\/www.europesays.com\/pl\/wp-json\/wp\/v2\/posts"}],"about":[{"href":"https:\/\/www.europesays.com\/pl\/wp-json\/wp\/v2\/types\/post"}],"author":[{"embeddable":true,"href":"https:\/\/www.europesays.com\/pl\/wp-json\/wp\/v2\/users\/2"}],"replies":[{"embeddable":true,"href":"https:\/\/www.europesays.com\/pl\/wp-json\/wp\/v2\/comments?post=80769"}],"version-history":[{"count":0,"href":"https:\/\/www.europesays.com\/pl\/wp-json\/wp\/v2\/posts\/80769\/revisions"}],"wp:featuredmedia":[{"embeddable":true,"href":"https:\/\/www.europesays.com\/pl\/wp-json\/wp\/v2\/media\/80770"}],"wp:attachment":[{"href":"https:\/\/www.europesays.com\/pl\/wp-json\/wp\/v2\/media?parent=80769"}],"wp:term":[{"taxonomy":"category","embeddable":true,"href":"https:\/\/www.europesays.com\/pl\/wp-json\/wp\/v2\/categories?post=80769"},{"taxonomy":"post_tag","embeddable":true,"href":"https:\/\/www.europesays.com\/pl\/wp-json\/wp\/v2\/tags?post=80769"}],"curies":[{"name":"wp","href":"https:\/\/api.w.org\/{rel}","templated":true}]}}