{"id":80844,"date":"2025-11-02T14:49:44","date_gmt":"2025-11-02T14:49:44","guid":{"rendered":"https:\/\/www.europesays.com\/pl\/80844\/"},"modified":"2025-11-02T14:49:44","modified_gmt":"2025-11-02T14:49:44","slug":"wszystkich-swietych-na-powazkach-setki-zniczy-na-grobach-kory-i-kolaczkowskiej","status":"publish","type":"post","link":"https:\/\/www.europesays.com\/pl\/80844\/","title":{"rendered":"Wszystkich \u015awi\u0119tych na Pow\u0105zkach. Setki zniczy na grobach Kory i Ko\u0142aczkowskiej"},"content":{"rendered":"<p class=\"ods-c-paragraph \">Na warszawskich Pow\u0105zkach Wojskowych w dniu <a href=\"https:\/\/www.onet.pl\/styl-zycia\/plejada\/groby-znanych-na-powazkach-wojskowych-tu-leza-min-kolaczkowska-i-stoparczyk\/wdtevp2,0898b825\" id=\"42831f54-9152-4df1-8afd-1d06e205d47f\" rel=\"nofollow noopener\" target=\"_blank\">Wszystkich \u015awi\u0119tych<\/a> panuje wyj\u0105tkowy klimat, kt\u00f3ry trudno por\u00f3wna\u0107 z jakimkolwiek innym miejscem. Cmentarz po zmroku zamienia si\u0119 w morze \u015bwiate\u0142. Tysi\u0105ce zniczy tworz\u0105 niezwyk\u0142y, niemal mistyczny krajobraz. Mi\u0119dzy alejkami spaceruj\u0105 ludzie, pogr\u0105\u017ceni w refleksji, wspominaj\u0105c tych, kt\u00f3rzy odcisn\u0119li trwa\u0142y \u015blad w polskiej kulturze. W\u015br\u00f3d licznych grob\u00f3w szczeg\u00f3ln\u0105 uwag\u0119 przyci\u0105gaj\u0105 mogi\u0142y <a href=\"https:\/\/plejada.pl\/joanna-kolaczkowska\" id=\"0f6f71e8-24ca-49d9-a837-221fb731496e\" rel=\"nofollow noopener\" target=\"_blank\">Joanny Ko\u0142aczkowskiej<\/a>, <a href=\"https:\/\/plejada.pl\/kora-olga-jackowska\" id=\"50648512-c279-415d-8072-6dcc8835a10b\" rel=\"nofollow noopener\" target=\"_blank\">Kory<\/a> i <a href=\"https:\/\/plejada.pl\/stanislaw-sojka-piosenkarz-stanislaw-soyka\" id=\"5ceb0fb2-6790-470c-8f64-291eb51aa2ff\" rel=\"nofollow noopener\" target=\"_blank\">Stanis\u0142awa Soyki<\/a>. Ton\u0105 w \u015bwietle setek p\u0142omieni, kt\u00f3re s\u0105 dowodem pami\u0119ci i wdzi\u0119czno\u015bci fan\u00f3w.<\/p>\n<p>Dalszy ci\u0105g artyku\u0142u pod materia\u0142em wideo<\/p>\n<p> Jakie groby s\u0105 szczeg\u00f3lnie wyr\u00f3\u017cnione na Pow\u0105zkach? <\/p>\n<p> Jaki klimat panuje na Pow\u0105zkach w Dzie\u0144 Wszystkich \u015awi\u0119tych? <\/p>\n<p> Ile zniczy zapalono na grobach artyst\u00f3w? <\/p>\n<p> Jakie uczucia towarzysz\u0105 odwiedzaj\u0105cym groby na Pow\u0105zkach? <\/p>\n<p class=\"ods-c-paragraph \">Przy grobach artyst\u00f3w nieustannie pojawiaj\u0105 si\u0119 nowe osoby. Kto\u015b dostawia nowy znicz, kto\u015b inny zatrzymuje si\u0119 na chwil\u0119 w milczeniu. Nie ma tu po\u015bpiechu, jest za to spok\u00f3j, nostalgia i ciep\u0142o bij\u0105ce od zapalonych \u015bwiate\u0142.<\/p>\n<p>Wszystkich \u015awi\u0119tych na Pow\u0105zkach Wojskowych. Groby Kory i Joanny Ko\u0142aczkowskiej roz\u015bwietlaj\u0105 setki zniczy Galeria zdj\u0119\u0107    Pawe\u0142 Kr\u00f3likowski    <img src=\"https:\/\/www.europesays.com\/pl\/wp-content\/uploads\/2025\/11\/cYEk9lCaHR0cHM6Ly9vY2RuLmV1L3B1bHNjbXMvTURBXy9iMGE4MjU4NDFiODljN2ExMDVkYTM5Zjc1MjdkOGFkNi5qcGVnkZUCz.jpeg\" height=\"529\" width=\"940\" alt=\"Pawe\u0142 Kr\u00f3likowski\" loading=\"lazy\" decoding=\"async\" class=\"ods-c-image__img ods-c-image__img--placeholder\"\/>     1\/45   <\/p>\n<p>\u017br\u00f3d\u0142o: Plejada<\/p>\n<p>        Andrzej Strzelecki    <img src=\"https:\/\/www.europesays.com\/pl\/wp-content\/uploads\/2025\/11\/QXPk9lCaHR0cHM6Ly9vY2RuLmV1L3B1bHNjbXMvTURBXy8xMjBiZjQyY2Y0MjgxYjcxYzU1ODU5MjJiZWZkMjAzYS5qcGVnkZUCz.jpeg\" height=\"529\" width=\"940\" alt=\"Andrzej Strzelecki\" loading=\"lazy\" decoding=\"async\" class=\"ods-c-image__img ods-c-image__img--placeholder\"\/>     2\/45   <\/p>\n<p>\u017br\u00f3d\u0142o: Plejada \/ Karol Lewandowski<\/p>\n<p>           Pomnik &#8222;Chwa\u0142a Lotnikom Polskim&#8221;    <img src=\"https:\/\/www.europesays.com\/pl\/wp-content\/uploads\/2025\/11\/AZMk9lCaHR0cHM6Ly9vY2RuLmV1L3B1bHNjbXMvTURBXy8wMzk2YmQxMGRiNzdmM2VjMzMwOWU0MjkxYjc5ZjJjNy5qcGVnkZUCz.jpeg\" height=\"529\" width=\"940\" alt=\"Pomnik &quot;Chwa\u0142a Lotnikom Polskim&quot;\" loading=\"lazy\" decoding=\"async\" class=\"ods-c-image__img ods-c-image__img--placeholder\"\/>     3\/45   <\/p>\n<p>\u017br\u00f3d\u0142o: Plejada \/ Karol Lewandowski<\/p>\n<p>        Emilian Kami\u0144ski    <img src=\"https:\/\/www.europesays.com\/pl\/wp-content\/uploads\/2025\/11\/WZ_k9lCaHR0cHM6Ly9vY2RuLmV1L3B1bHNjbXMvTURBXy8zMjNmMTRiOTIyNjFhOWFiYTljMTY3ZDE5MmVjNDJiYS5qcGVnkZUCz.jpeg\" height=\"529\" width=\"940\" alt=\"Emilian Kami\u0144ski\" loading=\"lazy\" decoding=\"async\" class=\"ods-c-image__img ods-c-image__img--placeholder\"\/>     4\/45   <\/p>\n<p>\u017br\u00f3d\u0142o: Plejada<\/p>\n<p>           Stanis\u0142aw Soyka    <img src=\"https:\/\/www.europesays.com\/pl\/wp-content\/uploads\/2025\/11\/nlCk9lCaHR0cHM6Ly9vY2RuLmV1L3B1bHNjbXMvTURBXy9lNzAzNzhiNzg4ZDYwYWEwNzMwMTRjZWYzNmYzZmRjMy5qcGVnkZUCz.jpeg\" height=\"529\" width=\"940\" alt=\"Stanis\u0142aw Soyka\" loading=\"lazy\" decoding=\"async\" class=\"ods-c-image__img ods-c-image__img--placeholder\"\/>     5\/45   <\/p>\n<p>\u017br\u00f3d\u0142o: Plejada \/ Karol Lewandowski<\/p>\n<p>        Stanis\u0142aw Soyka    <img src=\"https:\/\/www.europesays.com\/pl\/wp-content\/uploads\/2025\/11\/CNUk9lCaHR0cHM6Ly9vY2RuLmV1L3B1bHNjbXMvTURBXy9kMWY4NjEzMjYzOTgzNzAzMzI1YTMxOGU4ZjIxMjcyNy5qcGVnkZUCz.jpeg\" height=\"529\" width=\"940\" alt=\"Stanis\u0142aw Soyka\" loading=\"lazy\" decoding=\"async\" class=\"ods-c-image__img ods-c-image__img--placeholder\"\/>     6\/45   <\/p>\n<p>\u017br\u00f3d\u0142o: Plejada \/ Karol Lewandowski<\/p>\n<p>           Stanis\u0142aw Soyka    <img src=\"https:\/\/www.europesays.com\/pl\/wp-content\/uploads\/2025\/11\/-rmk9lCaHR0cHM6Ly9vY2RuLmV1L3B1bHNjbXMvTURBXy9mMGQxYTNlNDZiYzc4NWU1NWVkYjdhNTY5MmNkMWIwYy5qcGVnkZUCz.jpeg\" height=\"529\" width=\"940\" alt=\"Stanis\u0142aw Soyka\" loading=\"lazy\" decoding=\"async\" class=\"ods-c-image__img ods-c-image__img--placeholder\"\/>     7\/45   <\/p>\n<p>\u017br\u00f3d\u0142o: Plejada \/ Karol Lewandowski<\/p>\n<p>        Katarzyna Stoparczyk    <img src=\"https:\/\/www.europesays.com\/pl\/wp-content\/uploads\/2025\/11\/FOQk9lCaHR0cHM6Ly9vY2RuLmV1L3B1bHNjbXMvTURBXy9kM2Y5NjM2ZGI4Mjg5NjhlMzNjYjYyY2Q1MzYwMDNhMi5qcGVnkZUCz.jpeg\" height=\"529\" width=\"940\" alt=\"Katarzyna Stoparczyk\" loading=\"lazy\" decoding=\"async\" class=\"ods-c-image__img ods-c-image__img--placeholder\"\/>     8\/45   <\/p>\n<p>\u017br\u00f3d\u0142o: Plejada \/ Karol Lewandowski<\/p>\n<p>           Katarzyna Stoparczyk    <img src=\"https:\/\/www.europesays.com\/pl\/wp-content\/uploads\/2025\/11\/pWFk9lCaHR0cHM6Ly9vY2RuLmV1L3B1bHNjbXMvTURBXy81YjU5OGQ3NzljODI3MmU3MWVhZjJmNjg4NmYxMTFhZC5qcGVnkZUCz.jpeg\" height=\"529\" width=\"940\" alt=\"Katarzyna Stoparczyk\" loading=\"lazy\" decoding=\"async\" class=\"ods-c-image__img ods-c-image__img--placeholder\"\/>     9\/45   <\/p>\n<p>\u017br\u00f3d\u0142o: Plejada \/ Karol Lewandowski<\/p>\n<p>        Katarzyna Stoparczyk    <img src=\"https:\/\/www.europesays.com\/pl\/wp-content\/uploads\/2025\/11\/2-8k9lCaHR0cHM6Ly9vY2RuLmV1L3B1bHNjbXMvTURBXy85NGI1ZWNkNWJiZTZmN2U2YTNhY2Q4ZDZkOTc1OGYwYi5qcGVnkZUCz.jpeg\" height=\"529\" width=\"940\" alt=\"Katarzyna Stoparczyk\" loading=\"lazy\" decoding=\"async\" class=\"ods-c-image__img ods-c-image__img--placeholder\"\/>     10\/45   <\/p>\n<p>\u017br\u00f3d\u0142o: Plejada \/ Karol Lewandowski<\/p>\n<p>           Kora    <img src=\"https:\/\/www.europesays.com\/pl\/wp-content\/uploads\/2025\/11\/3jUk9lCaHR0cHM6Ly9vY2RuLmV1L3B1bHNjbXMvTURBXy8zY2UzZWUxYmZjM2M1MGMyN2RhYmMxNzM2NWExZDI3OS5qcGVnkZUCz.jpeg\" height=\"529\" width=\"940\" alt=\"Kora\" loading=\"lazy\" decoding=\"async\" class=\"ods-c-image__img ods-c-image__img--placeholder\"\/>     11\/45   <\/p>\n<p>\u017br\u00f3d\u0142o: Plejada \/ Karol Lewandowski<\/p>\n<p>        Kora    <img src=\"https:\/\/www.europesays.com\/pl\/wp-content\/uploads\/2025\/11\/R4Ek9lCaHR0cHM6Ly9vY2RuLmV1L3B1bHNjbXMvTURBXy9jNDI2NTJhM2VjYmE0NmZhZGYyOWU2YTMxYzI5YjcyYS5qcGVnkZUCz.jpeg\" height=\"529\" width=\"940\" alt=\"Kora\" loading=\"lazy\" decoding=\"async\" class=\"ods-c-image__img ods-c-image__img--placeholder\"\/>     12\/45   <\/p>\n<p>\u017br\u00f3d\u0142o: Plejada \/ Karol Lewandowski<\/p>\n<p>           Kora    <img src=\"https:\/\/www.europesays.com\/pl\/wp-content\/uploads\/2025\/11\/XKEk9lCaHR0cHM6Ly9vY2RuLmV1L3B1bHNjbXMvTURBXy9kNzQ1Y2Q1N2RkNWY2MWEyNmM3MDkzMTExMTA1OTM2MC5qcGVnkZUCz.jpeg\" height=\"529\" width=\"940\" alt=\"Kora\" loading=\"lazy\" decoding=\"async\" class=\"ods-c-image__img ods-c-image__img--placeholder\"\/>     13\/45   <\/p>\n<p>\u017br\u00f3d\u0142o: Plejada \/ Karol Lewandowski<\/p>\n<p>        Kora    <img src=\"https:\/\/www.europesays.com\/pl\/wp-content\/uploads\/2025\/11\/EK8k9lCaHR0cHM6Ly9vY2RuLmV1L3B1bHNjbXMvTURBXy83NDY2ZWYzMzZhMzgwZjc3ZjMzNTYwOWQ5NTlkMWQ5Mi5qcGVnkZUCz.jpeg\" height=\"529\" width=\"940\" alt=\"Kora\" loading=\"lazy\" decoding=\"async\" class=\"ods-c-image__img ods-c-image__img--placeholder\"\/>     14\/45   <\/p>\n<p>\u017br\u00f3d\u0142o: Plejada \/ Karol Lewandowski<\/p>\n<p>           Kora    <img src=\"https:\/\/www.europesays.com\/pl\/wp-content\/uploads\/2025\/11\/01Wk9lCaHR0cHM6Ly9vY2RuLmV1L3B1bHNjbXMvTURBXy9kNDNlOTFjZTQ3NGY3MjQ1NjBmNzVkMWRiZWVlMTQwZC5qcGVnkZUCz.jpeg\" height=\"529\" width=\"940\" alt=\"Kora\" loading=\"lazy\" decoding=\"async\" class=\"ods-c-image__img ods-c-image__img--placeholder\"\/>     15\/45   <\/p>\n<p>\u017br\u00f3d\u0142o: Plejada \/ Karol Lewandowski<\/p>\n<p>        Pomnik ofiar katastrofy smole\u0144skiej    <img src=\"https:\/\/www.europesays.com\/pl\/wp-content\/uploads\/2025\/11\/oJOk9lCaHR0cHM6Ly9vY2RuLmV1L3B1bHNjbXMvTURBXy9iZTRkMDQ2MjBlZGVlYzQ2ZDE5NzQ3NjViNjg1M2M0Yi5qcGVnkZUCz.jpeg\" height=\"529\" width=\"940\" alt=\"Pomnik ofiar katastrofy smole\u0144skiej\" loading=\"lazy\" decoding=\"async\" class=\"ods-c-image__img ods-c-image__img--placeholder\"\/>     16\/45   <\/p>\n<p>\u017br\u00f3d\u0142o: Plejada \/ Karol Lewandowski<\/p>\n<p>           Stanis\u0142aw Tym    <img src=\"https:\/\/www.europesays.com\/pl\/wp-content\/uploads\/2025\/11\/NNok9lCaHR0cHM6Ly9vY2RuLmV1L3B1bHNjbXMvTURBXy9mMmJkMGM1MTAzOWEwYjFjZDY4ZWZjZmU1MWRlMGZmOS5qcGVnkZUCz.jpeg\" height=\"529\" width=\"940\" alt=\"Stanis\u0142aw Tym\" loading=\"lazy\" decoding=\"async\" class=\"ods-c-image__img ods-c-image__img--placeholder\"\/>     17\/45   <\/p>\n<p>\u017br\u00f3d\u0142o: Plejada \/ Karol Lewandowski<\/p>\n<p>        Stanis\u0142aw Tym    <img src=\"https:\/\/www.europesays.com\/pl\/wp-content\/uploads\/2025\/11\/mU7k9lCaHR0cHM6Ly9vY2RuLmV1L3B1bHNjbXMvTURBXy84MzJiNTc1YTBkNTI1ZTZlM2QxNDQ4OWZiMTZjNjEzZi5qcGVnkZUCz.jpeg\" height=\"529\" width=\"940\" alt=\"Stanis\u0142aw Tym\" loading=\"lazy\" decoding=\"async\" class=\"ods-c-image__img ods-c-image__img--placeholder\"\/>     18\/45   <\/p>\n<p>\u017br\u00f3d\u0142o: Plejada \/ Karol Lewandowski<\/p>\n<p>           Joanna Ko\u0142aczkowska    <img src=\"https:\/\/www.europesays.com\/pl\/wp-content\/uploads\/2025\/11\/_nIk9lCaHR0cHM6Ly9vY2RuLmV1L3B1bHNjbXMvTURBXy8yOTg3YzY1NGI2ODliYWQ2ZjJkM2U3YTk1OGYyNzdmOS5qcGVnkZUCz.jpeg\" height=\"529\" width=\"940\" alt=\"Joanna Ko\u0142aczkowska\" loading=\"lazy\" decoding=\"async\" class=\"ods-c-image__img ods-c-image__img--placeholder\"\/>     19\/45   <\/p>\n<p>\u017br\u00f3d\u0142o: Plejada \/ Karol Lewandowski<\/p>\n<p>        Joanna Ko\u0142aczkowska    <img src=\"https:\/\/www.europesays.com\/pl\/wp-content\/uploads\/2025\/11\/T6Ck9lCaHR0cHM6Ly9vY2RuLmV1L3B1bHNjbXMvTURBXy84NjIyZTQ2NzEyNTk5MjFmOWM3NDYyOTU3ZDhlNGE2My5qcGVnkZUCz.jpeg\" height=\"529\" width=\"940\" alt=\"Joanna Ko\u0142aczkowska\" loading=\"lazy\" decoding=\"async\" class=\"ods-c-image__img ods-c-image__img--placeholder\"\/>     20\/45   <\/p>\n<p>\u017br\u00f3d\u0142o: Plejada \/ Karol Lewandowski<\/p>\n<p>           Joanna Ko\u0142aczkowska    <img src=\"https:\/\/www.europesays.com\/pl\/wp-content\/uploads\/2025\/11\/Fm6k9lCaHR0cHM6Ly9vY2RuLmV1L3B1bHNjbXMvTURBXy8xNDI1NWY2YjJlODYwNjgxNjdiZGZlMTM2ODIwNWFjNC5qcGVnkZUCz.jpeg\" height=\"529\" width=\"940\" alt=\"Joanna Ko\u0142aczkowska\" loading=\"lazy\" decoding=\"async\" class=\"ods-c-image__img ods-c-image__img--placeholder\"\/>     21\/45   <\/p>\n<p>\u017br\u00f3d\u0142o: Plejada \/ Karol Lewandowski<\/p>\n<p>        Joanna Ko\u0142aczkowska    <img src=\"https:\/\/www.europesays.com\/pl\/wp-content\/uploads\/2025\/11\/4VYk9lCaHR0cHM6Ly9vY2RuLmV1L3B1bHNjbXMvTURBXy84ODhiNTk5MmI4ODlhNjYwNzRmNzIwMGFkODgxNmE3MS5qcGVnkZUCz.jpeg\" height=\"529\" width=\"940\" alt=\"Joanna Ko\u0142aczkowska\" loading=\"lazy\" decoding=\"async\" class=\"ods-c-image__img ods-c-image__img--placeholder\"\/>     22\/45   <\/p>\n<p>\u017br\u00f3d\u0142o: Plejada \/ Karol Lewandowski<\/p>\n<p>           Joanna Ko\u0142aczkowska    <img src=\"https:\/\/www.europesays.com\/pl\/wp-content\/uploads\/2025\/11\/p1Tk9lCaHR0cHM6Ly9vY2RuLmV1L3B1bHNjbXMvTURBXy9kMmVmMzBjYmZkNmZmMGZkYzA4ZGMyOTk4YjM3ZTE3Yy5qcGVnkZUCz.jpeg\" height=\"529\" width=\"940\" alt=\"Joanna Ko\u0142aczkowska\" loading=\"lazy\" decoding=\"async\" class=\"ods-c-image__img ods-c-image__img--placeholder\"\/>     23\/45   <\/p>\n<p>\u017br\u00f3d\u0142o: Plejada \/ Karol Lewandowski<\/p>\n<p>        Joanna Ko\u0142aczkowska    <img src=\"https:\/\/www.europesays.com\/pl\/wp-content\/uploads\/2025\/11\/g3dk9lCaHR0cHM6Ly9vY2RuLmV1L3B1bHNjbXMvTURBXy81ODQ0NWQ3YTY4OTQ1NzEyODkwOWY5NTYyZmI4MDlhNS5qcGVnkZUCz.jpeg\" height=\"529\" width=\"940\" alt=\"Joanna Ko\u0142aczkowska\" loading=\"lazy\" decoding=\"async\" class=\"ods-c-image__img ods-c-image__img--placeholder\"\/>     24\/45   <\/p>\n<p>\u017br\u00f3d\u0142o: Plejada \/ Karol Lewandowski<\/p>\n<p>           Joanna Ko\u0142aczkowska    <img src=\"https:\/\/www.europesays.com\/pl\/wp-content\/uploads\/2025\/11\/TTEk9lCaHR0cHM6Ly9vY2RuLmV1L3B1bHNjbXMvTURBXy8yNWI1MzM4NjZmMzJkZDA5YWM0MmZlOTViODg4OTY0My5qcGVnkZUCz.jpeg\" height=\"529\" width=\"940\" alt=\"Joanna Ko\u0142aczkowska\" loading=\"lazy\" decoding=\"async\" class=\"ods-c-image__img ods-c-image__img--placeholder\"\/>     25\/45   <\/p>\n<p>\u017br\u00f3d\u0142o: Plejada \/ Karol Lewandowski<\/p>\n<p>        Joanna Ko\u0142aczkowska    <img src=\"https:\/\/www.europesays.com\/pl\/wp-content\/uploads\/2025\/11\/VoAk9lCaHR0cHM6Ly9vY2RuLmV1L3B1bHNjbXMvTURBXy82NWQ3ZGY4ZDhiNGEwZTZmMjAwN2I4ZGE2YjZmNTMwYy5qcGVnkZUCz.jpeg\" height=\"529\" width=\"940\" alt=\"Joanna Ko\u0142aczkowska\" loading=\"lazy\" decoding=\"async\" class=\"ods-c-image__img ods-c-image__img--placeholder\"\/>     26\/45   <\/p>\n<p>\u017br\u00f3d\u0142o: Plejada \/ Karol Lewandowski<\/p>\n<p>           Joanna Ko\u0142aczkowska    <img src=\"https:\/\/www.europesays.com\/pl\/wp-content\/uploads\/2025\/11\/EHdk9lCaHR0cHM6Ly9vY2RuLmV1L3B1bHNjbXMvTURBXy81MTg3MDI3M2I4ZTZjMzFiZmEyOTc1YjMwNmYxODVjNS5qcGVnkZUCz.jpeg\" height=\"529\" width=\"940\" alt=\"Joanna Ko\u0142aczkowska\" loading=\"lazy\" decoding=\"async\" class=\"ods-c-image__img ods-c-image__img--placeholder\"\/>     27\/45   <\/p>\n<p>\u017br\u00f3d\u0142o: Plejada \/ Karol Lewandowski<\/p>\n<p>        Joanna Ko\u0142aczkowska    <img src=\"https:\/\/www.europesays.com\/pl\/wp-content\/uploads\/2025\/11\/jO4k9lCaHR0cHM6Ly9vY2RuLmV1L3B1bHNjbXMvTURBXy8yMzNjNTYxN2JjZmE4MjhiMTJkOTc2N2ZkZmRiYzI3NC5qcGVnkZUCz.jpeg\" height=\"529\" width=\"940\" alt=\"Joanna Ko\u0142aczkowska\" loading=\"lazy\" decoding=\"async\" class=\"ods-c-image__img ods-c-image__img--placeholder\"\/>     28\/45   <\/p>\n<p>\u017br\u00f3d\u0142o: Plejada \/ Karol Lewandowski<\/p>\n<p>           Joanna Ko\u0142aczkowska    <img src=\"https:\/\/www.europesays.com\/pl\/wp-content\/uploads\/2025\/11\/Vizk9lCaHR0cHM6Ly9vY2RuLmV1L3B1bHNjbXMvTURBXy9hMGQ2NGM3YTUyMWNlNzZlMDA2NzhlNmVkNTkxM2U5Yi5qcGVnkZUCz.jpeg\" height=\"529\" width=\"940\" alt=\"Joanna Ko\u0142aczkowska\" loading=\"lazy\" decoding=\"async\" class=\"ods-c-image__img ods-c-image__img--placeholder\"\/>     29\/45   <\/p>\n<p>\u017br\u00f3d\u0142o: Plejada \/ Karol Lewandowski<\/p>\n<p>        Kazimierz Deyna    <img src=\"https:\/\/www.europesays.com\/pl\/wp-content\/uploads\/2025\/11\/ICrk9lCaHR0cHM6Ly9vY2RuLmV1L3B1bHNjbXMvTURBXy84MzY3Mzk0NzcyMTVjNjY1NTZjZDIxNDllNzQxNjViZC5qcGVnkZUCz.jpeg\" height=\"529\" width=\"940\" alt=\"Kazimierz Deyna\" loading=\"lazy\" decoding=\"async\" class=\"ods-c-image__img ods-c-image__img--placeholder\"\/>     30\/45   <\/p>\n<p>\u017br\u00f3d\u0142o: Plejada \/ Karol Lewandowski<\/p>\n<p>           Zbigniew Religa    <img src=\"https:\/\/www.europesays.com\/pl\/wp-content\/uploads\/2025\/11\/JjKk9lCaHR0cHM6Ly9vY2RuLmV1L3B1bHNjbXMvTURBXy84MTZmY2I0ZjU3NTUzYTA5MWVlNDVhY2UyMjNkNjdlOC5qcGVnkZUCz.jpeg\" height=\"529\" width=\"940\" alt=\"Zbigniew Religa\" loading=\"lazy\" decoding=\"async\" class=\"ods-c-image__img ods-c-image__img--placeholder\"\/>     31\/45   <\/p>\n<p>\u017br\u00f3d\u0142o: Plejada \/ Karol Lewandowski<\/p>\n<p>        Zbigniew Religa    <img src=\"https:\/\/www.europesays.com\/pl\/wp-content\/uploads\/2025\/11\/3T8k9lCaHR0cHM6Ly9vY2RuLmV1L3B1bHNjbXMvTURBXy8xOGY0OGJmZDg1ODkyZGE4MTliMGFmNDhlYWUxNDUxZC5qcGVnkZUCz.jpeg\" height=\"529\" width=\"940\" alt=\"Zbigniew Religa\" loading=\"lazy\" decoding=\"async\" class=\"ods-c-image__img ods-c-image__img--placeholder\"\/>     32\/45   <\/p>\n<p>\u017br\u00f3d\u0142o: Plejada \/ Karol Lewandowski<\/p>\n<p>           Julian Tuwim    <img src=\"https:\/\/www.europesays.com\/pl\/wp-content\/uploads\/2025\/11\/xIok9lCaHR0cHM6Ly9vY2RuLmV1L3B1bHNjbXMvTURBXy8yYWFkOWRjM2U3MDFkNGVlN2M4NzcwNmViNjg3YzVhYi5qcGVnkZUCz.jpeg\" height=\"529\" width=\"940\" alt=\"Julian Tuwim\" loading=\"lazy\" decoding=\"async\" class=\"ods-c-image__img ods-c-image__img--placeholder\"\/>     33\/45   <\/p>\n<p>\u017br\u00f3d\u0142o: Plejada \/ Karol Lewandowski<\/p>\n<p>        Groby Powsta\u0144c\u00f3w Warszawskich    <img src=\"https:\/\/www.europesays.com\/pl\/wp-content\/uploads\/2025\/11\/SPFk9lCaHR0cHM6Ly9vY2RuLmV1L3B1bHNjbXMvTURBXy9iNDE5ODM5OTg2ODZkZGM5OGM0NjVhZjE1NDllMzE1Ny5qcGVnkZUCz.jpeg\" height=\"529\" width=\"940\" alt=\"Groby Powsta\u0144c\u00f3w Warszawskich\" loading=\"lazy\" decoding=\"async\" class=\"ods-c-image__img ods-c-image__img--placeholder\"\/>     34\/45   <\/p>\n<p>\u017br\u00f3d\u0142o: Plejada \/ Karol Lewandowski<\/p>\n<p>           Groby Powsta\u0144c\u00f3w Warszawskich    <img src=\"https:\/\/www.europesays.com\/pl\/wp-content\/uploads\/2025\/11\/Aw6k9lCaHR0cHM6Ly9vY2RuLmV1L3B1bHNjbXMvTURBXy9mYmJkZGJlNDgyYTk5MmJkZGNmZTllNjJlOTgxNDgwNS5qcGVnkZUCz.jpeg\" height=\"529\" width=\"940\" alt=\"Groby Powsta\u0144c\u00f3w Warszawskich\" loading=\"lazy\" decoding=\"async\" class=\"ods-c-image__img ods-c-image__img--placeholder\"\/>     35\/45   <\/p>\n<p>\u017br\u00f3d\u0142o: Plejada \/ Karol Lewandowski<\/p>\n<p>        Groby Powsta\u0144c\u00f3w Warszawskich    <img src=\"https:\/\/www.europesays.com\/pl\/wp-content\/uploads\/2025\/11\/fxQk9lCaHR0cHM6Ly9vY2RuLmV1L3B1bHNjbXMvTURBXy9hMjY1NGFhYzhjOTAwZWJiMGJiZTZlZDAxZDc1YWEyYS5qcGVnkZUCz.jpeg\" height=\"529\" width=\"940\" alt=\"Groby Powsta\u0144c\u00f3w Warszawskich\" loading=\"lazy\" decoding=\"async\" class=\"ods-c-image__img ods-c-image__img--placeholder\"\/>     36\/45   <\/p>\n<p>\u017br\u00f3d\u0142o: Plejada \/ Karol Lewandowski<\/p>\n<p>           Groby Powsta\u0144c\u00f3w Warszawskich    <img src=\"https:\/\/www.europesays.com\/pl\/wp-content\/uploads\/2025\/11\/FcFk9lCaHR0cHM6Ly9vY2RuLmV1L3B1bHNjbXMvTURBXy8wY2JhOTEyZDIxNWE2YTczYWM4ZWNmODQxOGY5NTEzNC5qcGVnkZUCz.jpeg\" height=\"529\" width=\"940\" alt=\"Groby Powsta\u0144c\u00f3w Warszawskich\" loading=\"lazy\" decoding=\"async\" class=\"ods-c-image__img ods-c-image__img--placeholder\"\/>     37\/45   <\/p>\n<p>\u017br\u00f3d\u0142o: Plejada \/ Karol Lewandowski<\/p>\n<p>        Groby Powsta\u0144c\u00f3w Warszawskich    <img src=\"https:\/\/www.europesays.com\/pl\/wp-content\/uploads\/2025\/11\/iM3k9lCaHR0cHM6Ly9vY2RuLmV1L3B1bHNjbXMvTURBXy9lNWYzOTk5NzU3Yjc1YTZiOWQxMjg1NTljNGI4NWRhZC5qcGVnkZUCz.jpeg\" height=\"529\" width=\"940\" alt=\"Groby Powsta\u0144c\u00f3w Warszawskich\" loading=\"lazy\" decoding=\"async\" class=\"ods-c-image__img ods-c-image__img--placeholder\"\/>     38\/45   <\/p>\n<p>\u017br\u00f3d\u0142o: Plejada \/ Karol Lewandowski<\/p>\n<p>           Groby Powsta\u0144c\u00f3w Warszawskich    <img src=\"https:\/\/www.europesays.com\/pl\/wp-content\/uploads\/2025\/11\/ZA9k9lCaHR0cHM6Ly9vY2RuLmV1L3B1bHNjbXMvTURBXy9hMzRmY2IxMWExYzU0ZGYwYTQ1MWE1NjIzZDU2NjI0YS5qcGVnkZUCz.jpeg\" height=\"529\" width=\"940\" alt=\"Groby Powsta\u0144c\u00f3w Warszawskich\" loading=\"lazy\" decoding=\"async\" class=\"ods-c-image__img ods-c-image__img--placeholder\"\/>     39\/45   <\/p>\n<p>\u017br\u00f3d\u0142o: Plejada \/ Karol Lewandowski<\/p>\n<p>        Janusz G\u0142owacki    <img src=\"https:\/\/www.europesays.com\/pl\/wp-content\/uploads\/2025\/11\/aSMk9lCaHR0cHM6Ly9vY2RuLmV1L3B1bHNjbXMvTURBXy81MWRlZDZiNGY5YzA3ZDEyNTgzM2Q0OGJlMThjNjg0Mi5qcGVnkZUCz.jpeg\" height=\"529\" width=\"940\" alt=\"Janusz G\u0142owacki\" loading=\"lazy\" decoding=\"async\" class=\"ods-c-image__img ods-c-image__img--placeholder\"\/>     40\/45   <\/p>\n<p>\u017br\u00f3d\u0142o: Plejada \/ Karol Lewandowski<\/p>\n<p>           Jan Olszewski    <img src=\"https:\/\/www.europesays.com\/pl\/wp-content\/uploads\/2025\/11\/L2kk9lCaHR0cHM6Ly9vY2RuLmV1L3B1bHNjbXMvTURBXy81ZTM5NDAxOGNmMmYzZDRmMzdlYzkyMjdlYjUwMWM4MC5qcGVnkZUCz.jpeg\" height=\"529\" width=\"940\" alt=\"Jan Olszewski\" loading=\"lazy\" decoding=\"async\" class=\"ods-c-image__img ods-c-image__img--placeholder\"\/>     41\/45   <\/p>\n<p>\u017br\u00f3d\u0142o: Plejada \/ Karol Lewandowski<\/p>\n<p>        Pow\u0105zki Wojskowe w Warszawie    <img src=\"https:\/\/www.europesays.com\/pl\/wp-content\/uploads\/2025\/11\/QNbk9lCaHR0cHM6Ly9vY2RuLmV1L3B1bHNjbXMvTURBXy81NmE2MzgxODYwMGNmMGNiYzNjMTg0OGQ4ODJiYTA2Ni5qcGVnkZUCz.jpeg\" height=\"529\" width=\"940\" alt=\"Pow\u0105zki Wojskowe w Warszawie\" loading=\"lazy\" decoding=\"async\" class=\"ods-c-image__img ods-c-image__img--placeholder\"\/>     42\/45   <\/p>\n<p>\u017br\u00f3d\u0142o: Plejada \/ Karol Lewandowski<\/p>\n<p>           Pow\u0105zki Wojskowe w Warszawie    <img src=\"https:\/\/www.europesays.com\/pl\/wp-content\/uploads\/2025\/11\/_6ek9lCaHR0cHM6Ly9vY2RuLmV1L3B1bHNjbXMvTURBXy9jM2I4NzFmODA0OTE4OGVjN2JhODZjOGM5NmVmNjUwOC5qcGVnkZUCz.jpeg\" height=\"529\" width=\"940\" alt=\"Pow\u0105zki Wojskowe w Warszawie\" loading=\"lazy\" decoding=\"async\" class=\"ods-c-image__img ods-c-image__img--placeholder\"\/>     43\/45   <\/p>\n<p>\u017br\u00f3d\u0142o: Plejada \/ Karol Lewandowski<\/p>\n<p>        Pow\u0105zki Wojskowe w Warszawie    <img src=\"https:\/\/www.europesays.com\/pl\/wp-content\/uploads\/2025\/11\/EaCk9lCaHR0cHM6Ly9vY2RuLmV1L3B1bHNjbXMvTURBXy8wNWEyNjFmOTRiYWM1NWE2Y2FjYjI1NTVjYjg1NDhiMy5qcGVnkZUCz.jpeg\" height=\"529\" width=\"940\" alt=\"Pow\u0105zki Wojskowe w Warszawie\" loading=\"lazy\" decoding=\"async\" class=\"ods-c-image__img ods-c-image__img--placeholder\"\/>     44\/45   <\/p>\n<p>\u017br\u00f3d\u0142o: Plejada \/ Karol Lewandowski<\/p>\n<p>           Pow\u0105zki Wojskowe w Warszawie    <img src=\"https:\/\/www.europesays.com\/pl\/wp-content\/uploads\/2025\/11\/xzJk9lCaHR0cHM6Ly9vY2RuLmV1L3B1bHNjbXMvTURBXy85M2NmM2E4NDhlOTkzYzIyNDViMTNmZTZmNTViNjBlYy5qcGVnkZUCz.jpeg\" height=\"529\" width=\"940\" alt=\"Pow\u0105zki Wojskowe w Warszawie\" loading=\"lazy\" decoding=\"async\" class=\"ods-c-image__img ods-c-image__img--placeholder\"\/>     45\/45   <\/p>\n<p>\u017br\u00f3d\u0142o: Plejada \/ Karol Lewandowski<\/p>\n<p>Dzi\u0119kujemy, \u017ce przeczyta\u0142a\u015b\/e\u015b nasz artyku\u0142 do ko\u0144ca. W serwisie Plejada.pl ka\u017cdego dnia piszemy o najwa\u017cniejszych wydarzeniach show-biznesowych. B\u0105d\u017a na bie\u017c\u0105co i obserwuj Plejad\u0119 w <a href=\"http:\/\/news.google.com\/publications\/CAAiEF0PeAlb7W1llpV_mwV2rL4qFAgKIhBdD3gJW-1tZZaVf5sFdqy-?hl=pl&amp;gl=PL&amp;ceid=PL%3Apl\" rel=\"nofollow noopener\" target=\"_blank\">Wiadomo\u015bciach Google<\/a>. Odwied\u017a nas tak\u017ce na <a href=\"http:\/\/facebook.com\/plejadapl\" rel=\"nofollow noopener\" target=\"_blank\">Facebooku<\/a> , <a href=\"http:\/\/instagram.com\/plejadapl\/\" rel=\"nofollow noopener\" target=\"_blank\">Instagramie<\/a>, <a href=\"http:\/\/youtube.com\/c\/plejada\" rel=\"nofollow noopener\" target=\"_blank\">YouTubie<\/a> i <a href=\"http:\/\/tiktok.com\/@plejada_pl\" rel=\"nofollow noopener\" target=\"_blank\">TikToku<\/a>. <\/p>\n<p>Chcesz podzieli\u0107 si\u0119 ciekawym newsem lub zaproponowa\u0107 temat? Skontaktuj si\u0119 z nami, pisz\u0105c maila na adres: plejada@redakcjaonet.pl.<\/p>\n<p>  <script async src=\"\/\/www.instagram.com\/embed.js\"><\/script><script async src=\"\/\/www.tiktok.com\/embed.js\"><\/script><\/p>\n","protected":false},"excerpt":{"rendered":"Na warszawskich Pow\u0105zkach Wojskowych w dniu Wszystkich \u015awi\u0119tych panuje wyj\u0105tkowy klimat, kt\u00f3ry trudno por\u00f3wna\u0107 z jakimkolwiek innym miejscem.&hellip;\n","protected":false},"author":2,"featured_media":80845,"comment_status":"","ping_status":"","sticky":false,"template":"","format":"standard","meta":{"footnotes":"","_share_on_mastodon":"0"},"categories":[22],"tags":[122,1667,322,10627,48,125,46,19340,42,38,40,39,41,19359,123,47,4630,19252,338],"class_list":["post-80844","post","type-post","status-publish","format-standard","has-post-thumbnail","category-rozrywka","tag-entertainment","tag-joanna_kolaczkowska","tag-katarzyna_stoparczyk","tag-kora_piosenkarka","tag-nat_styl","tag-newsy","tag-omp","tag-pawel_krolikowski","tag-pl","tag-poland","tag-polish","tag-polska","tag-polski","tag-powazki_cmentarz","tag-rozrywka","tag-screening_general","tag-stanislaw_sojka","tag-stanislaw_tym","tag-tylko_w_plejadzie"],"share_on_mastodon":{"url":"https:\/\/pubeurope.com\/@pl\/115480662493423413","error":""},"_links":{"self":[{"href":"https:\/\/www.europesays.com\/pl\/wp-json\/wp\/v2\/posts\/80844","targetHints":{"allow":["GET"]}}],"collection":[{"href":"https:\/\/www.europesays.com\/pl\/wp-json\/wp\/v2\/posts"}],"about":[{"href":"https:\/\/www.europesays.com\/pl\/wp-json\/wp\/v2\/types\/post"}],"author":[{"embeddable":true,"href":"https:\/\/www.europesays.com\/pl\/wp-json\/wp\/v2\/users\/2"}],"replies":[{"embeddable":true,"href":"https:\/\/www.europesays.com\/pl\/wp-json\/wp\/v2\/comments?post=80844"}],"version-history":[{"count":0,"href":"https:\/\/www.europesays.com\/pl\/wp-json\/wp\/v2\/posts\/80844\/revisions"}],"wp:featuredmedia":[{"embeddable":true,"href":"https:\/\/www.europesays.com\/pl\/wp-json\/wp\/v2\/media\/80845"}],"wp:attachment":[{"href":"https:\/\/www.europesays.com\/pl\/wp-json\/wp\/v2\/media?parent=80844"}],"wp:term":[{"taxonomy":"category","embeddable":true,"href":"https:\/\/www.europesays.com\/pl\/wp-json\/wp\/v2\/categories?post=80844"},{"taxonomy":"post_tag","embeddable":true,"href":"https:\/\/www.europesays.com\/pl\/wp-json\/wp\/v2\/tags?post=80844"}],"curies":[{"name":"wp","href":"https:\/\/api.w.org\/{rel}","templated":true}]}}