{"id":80855,"date":"2025-11-02T14:56:12","date_gmt":"2025-11-02T14:56:12","guid":{"rendered":"https:\/\/www.europesays.com\/pl\/80855\/"},"modified":"2025-11-02T14:56:12","modified_gmt":"2025-11-02T14:56:12","slug":"odeszli-zbyt-wczesnie-widzowie-tanca-z-gwiazdami-wciaz-o-nich-pamietaja","status":"publish","type":"post","link":"https:\/\/www.europesays.com\/pl\/80855\/","title":{"rendered":"Odeszli zbyt wcze\u015bnie. Widzowie &#8222;Ta\u0144ca z gwiazdami&#8221; wci\u0105\u017c o nich pami\u0119taj\u0105"},"content":{"rendered":"<p class=\"ods-c-paragraph \">Gdy <a href=\"https:\/\/plejada.pl\/taniec-z-gwiazdami-program-tv\" id=\"39b2476b-738d-4203-aa9e-18cdacdf6838\" rel=\"nofollow noopener\" target=\"_blank\">&#8222;Taniec z gwiazdami&#8221;<\/a> obchodzi swoje 20-lecie, fani formatu wracaj\u0105 wspomnieniami do pierwszych edycji i ulubionych duet\u00f3w. To tak\u017ce okazja, by przypomnie\u0107 tych, kt\u00f3rych dzi\u015b ju\u017c z nami nie ma, bo historia programu to tak\u017ce oni \u2013 \u017bora Korolyov i Cezary Olszewski.<\/p>\n<p>Dalszy ci\u0105g artyku\u0142u pod materia\u0142em wideo<\/p>\n<p> Kiedy \u017bora Korolyov zmar\u0142? <\/p>\n<p> Jakie programy wyst\u0119powa\u0142 \u017bora Korolyov? <\/p>\n<p> Kim by\u0142a partnerka Cezarego Olszewskiego w pierwszym odcinku? <\/p>\n<p> Co si\u0119 sta\u0142o z Cezarym Olszewskim? <\/p>\n<p>  \u017bora Korolyov i Cezary Olszewski odeszli zbyt wcze\u015bnie. Widzowie &#8222;Ta\u0144ca z gwiazdami&#8221; o nich nie zapomnieli<\/p>\n<p class=\"ods-c-paragraph \"><a href=\"https:\/\/plejada.pl\/zora-korolyov\" id=\"0d1e4392-9c55-4027-bc13-adb7d996989b\" rel=\"nofollow noopener\" target=\"_blank\">\u017bora Korolyov<\/a> pochodzi\u0142 z Ukrainy i da\u0142 si\u0119 pozna\u0107 polskim widzom w 2007 r., gdy po raz pierwszy pojawi\u0142 si\u0119 na parkiecie &#8222;Ta\u0144ca z gwiazdami&#8221;. Jego partnerk\u0105 by\u0142a w\u00f3wczas <a href=\"https:\/\/plejada.pl\/kasia-cerekwicka-piosenkarka-katarzyna-cerekwicka\" id=\"b7f5964a-b73f-4e7c-96af-09e3e153ad93\" rel=\"nofollow noopener\" target=\"_blank\">Kasia Cerekwicka<\/a>. W kolejnych ods\u0142onach TVN-owskiego show partnerowa\u0142 Isis Gee i Agnieszce Cegielskiej. Po kilku latach przerwy wr\u00f3ci\u0142 na parkiet w polsatowskiej ods\u0142onie programu, wyst\u0119puj\u0105c z Karolin\u0105 Gorczyc\u0105, Dominik\u0105 Gwit oraz Martyn\u0105 Kupczyk.<\/p>\n<p class=\"ods-c-paragraph \">Na swoim koncie mia\u0142 tak\u017ce epizody aktorskie. Wyst\u0119powa\u0142 m.in. w popularnych serialach, takich jak &#8222;Egzamin z \u017cycia&#8221; czy <a href=\"https:\/\/plejada.pl\/pierwsza-milosc-serial\" id=\"5811e733-dc7c-4f54-9d46-21f0cd82749f\" rel=\"nofollow noopener\" target=\"_blank\">&#8222;Pierwsza mi\u0142o\u015b\u0107&#8221;<\/a>.<\/p>\n<p><img decoding=\"async\" src=\"https:\/\/www.europesays.com\/pl\/wp-content\/uploads\/2025\/11\/I6mk9lBaHR0cHM6Ly9vY2RuLmV1L3B1bHNjbXMvTURBXy85NGE3MDZjM2M5MmNhMDM1ZWVlOGFiN2IxNTliMjRmOS5wbmeSlQMAA.jpeg\" height=\"529\" width=\"940\" alt=\"\u017bora Korolyov (2017 r.)\" loading=\"lazy\" class=\"ods-c-image__img ods-c-image__img--vertical\"\/><\/p>\n<p>\u017bora Korolyov (2017 r.)Jaros\u0142aw Antoniak \/ MW Media<\/p>\n<p class=\"ods-c-paragraph \">21 grudnia 2021 r. media obieg\u0142a <a href=\"https:\/\/plejada.pl\/programy\/nie-zyje-zora-korolyov-tancerz-zmarl-w-wieku-34-lat\/vmfyjjj\" id=\"c23b033e-50d9-4dae-9ec3-562e4432c117\" rel=\"nofollow noopener\" target=\"_blank\">wstrz\u0105saj\u0105ca wiadomo\u015b\u0107 o nag\u0142ej \u015bmierci \u017bory Korolyova<\/a>. Jak si\u0119 p\u00f3\u017aniej okaza\u0142o, 34-latek zmar\u0142 z powodu zapalenia mi\u0119\u015bnia sercowego. Utalentowany tancerz osieroci\u0142 c\u00f3rk\u0119 z pierwszego ma\u0142\u017ce\u0144stwa. Jego cia\u0142o spocz\u0119\u0142o na Cmentarzu Komunalnym P\u00f3\u0142nocnym w Warszawie.<\/p>\n<p><img decoding=\"async\" src=\"https:\/\/www.europesays.com\/pl\/wp-content\/uploads\/2025\/11\/aeBk9lCaHR0cHM6Ly9vY2RuLmV1L3B1bHNjbXMvTURBXy81ZWFhNDBkNjcxOWIxMDdiNGZkNzBlMzFlZWJlY2ZmZS5qcGVnkZUCz.jpeg\" height=\"529\" width=\"940\" alt=\"Tak wygl\u0105da dzi\u015b gr\u00f3b \u017bory Korolyova (2025 r.)\" loading=\"lazy\" class=\"ods-c-image__img ods-c-image__img--vertical\"\/><\/p>\n<p>Tak wygl\u0105da dzi\u015b gr\u00f3b \u017bory Korolyova (2025 r.)\u017br\u00f3d\u0142o: Plejada \/ Redakcja\/Karol Lewandowski<\/p>\n<p> <img decoding=\"async\" src=\"https:\/\/www.europesays.com\/pl\/wp-content\/uploads\/2025\/11\/W59k9lCaHR0cHM6Ly9vY2RuLmV1L3B1bHNjbXMvTURBXy9hNTU2ZmFiMDJjODEyYzk3ZTI3ODkwYmM1ZjY5ODU1Mi5qcGVnkZUCz.jpeg\" height=\"529\" width=\"940\" alt=\"Tak wygl\u0105da dzi\u015b gr\u00f3b \u017bory Korolyova (2025 r.)\" loading=\"lazy\" class=\"ods-c-image__img ods-c-image__img--vertical\"\/><\/p>\n<p>Tak wygl\u0105da dzi\u015b gr\u00f3b \u017bory Korolyova (2025 r.)\u017br\u00f3d\u0142o: Plejada \/ Redakcja\/Karol Lewandowski<\/p>\n<p class=\"ods-c-paragraph \">Bolesn\u0105 strat\u0105 dla widz\u00f3w i \u015brodowiska tanecznego by\u0142a r\u00f3wnie\u017c <a href=\"https:\/\/plejada.pl\/newsy\/wygral-taniec-z-gwiazdami-cezary-olszewski-zmarl-nagle-pozniej-podano-przyczyny\/w6rz3ql\" id=\"491efbc9-82e7-40c5-8080-adc76874b5d9\" rel=\"nofollow noopener\" target=\"_blank\">przedwczesna \u015bmier\u0107 Cezarego Olszewskiego<\/a>, kt\u00f3ry ju\u017c w swoim debiucie w &#8222;Ta\u0144cu z gwiazdami&#8221; si\u0119gn\u0105\u0142 po Kryszta\u0142ow\u0105 Kul\u0119 w duecie z <a href=\"https:\/\/plejada.pl\/magdalena-walach\" id=\"3c94e647-530f-439b-b296-0f98dca5ab66\" rel=\"nofollow noopener\" target=\"_blank\">Magdalen\u0105 Walach<\/a>. Na parkiecie partnerowa\u0142 r\u00f3wnie\u017c Annie Popek, Annie Nowak-Ibisz, Gra\u017cynie Wolszczak oraz Dorocie Zawadzkiej.<\/p>\n<p class=\"ods-c-paragraph \">Po tym, jak zrezygnowa\u0142 z dalszego udzia\u0142u w programie, tancerz wyra\u017anie ograniczy\u0142 swoj\u0105 obecno\u015b\u0107 w mediach. Rzadko udziela\u0142 wywiad\u00f3w i unika\u0142 rozg\u0142osu, skupiaj\u0105c si\u0119 na \u017cyciu prywatnym. W 2018 r. ponownie jednak trafi\u0142 na \u0142amy serwis\u00f3w \u2013 tym razem za spraw\u0105 swojego \u015blubu.<\/p>\n<p><img decoding=\"async\" src=\"https:\/\/www.europesays.com\/pl\/wp-content\/uploads\/2025\/11\/y2Mk9lBaHR0cHM6Ly9vY2RuLmV1L3B1bHNjbXMvTURBXy9kMTVlN2U1NGVkZWVmMGUyMGI5YjM5OWYzZGI1YzliNS5qcGeSlQMAA.jpeg\" height=\"529\" width=\"940\" alt=\"Cezary Olszewski wsp\u00f3lnie z Magdalen\u0105 Walach wygrali si\u00f3dm\u0105 edycj\u0119 &quot;Ta\u0144ca z gwiazdami&quot; (2008 r.)\" loading=\"lazy\" class=\"ods-c-image__img ods-c-image__img--vertical\"\/><\/p>\n<p>Cezary Olszewski wsp\u00f3lnie z Magdalen\u0105 Walach wygrali si\u00f3dm\u0105 edycj\u0119 &#8222;Ta\u0144ca z gwiazdami&#8221; (2008 r.)Andras Szilagyi \/ MW Media<\/p>\n<p class=\"ods-c-paragraph \">28 pa\u017adziernika 2023 r. <a href=\"https:\/\/plejada.pl\/newsy\/cezary-olszewski-nie-zyje-zwyciezca-tanca-z-gwiazdami-mial-42-lata\/80yvcj1\" id=\"8e1ed5fa-f533-43fc-ac82-c87655fafcb3\" rel=\"nofollow noopener\" target=\"_blank\">Cezary Olszewski zosta\u0142 znaleziony martwy w hotelu w Ostro\u0142\u0119ce<\/a>. Jak informowa\u0142a w\u00f3wczas prokuratura w rozmowie z Plejad\u0105, na ciele 42-latka nie stwierdzono \u017cadnych \u015blad\u00f3w mog\u0105cych wskazywa\u0107 na udzia\u0142 os\u00f3b trzecich. Prawdopodobn\u0105 przyczyn\u0105 zgonu by\u0142 udar m\u00f3zgu. <\/p>\n<p class=\"ods-c-paragraph \">Zwyci\u0119zca si\u00f3dmej edycji &#8222;Ta\u0144ca z gwiazdami&#8221; zosta\u0142 pochowany na cmentarzu w rodzinnej Ostro\u0142\u0119ce. W ostatnim po\u017cegnaniu uczestniczyli jego bliscy, przyjaciele i tancerze zwi\u0105zani z programem.<\/p>\n<p><img decoding=\"async\" src=\"https:\/\/www.europesays.com\/pl\/wp-content\/uploads\/2025\/11\/Ckek9lBaHR0cHM6Ly9vY2RuLmV1L3B1bHNjbXMvTURBXy81YTI1MmFjOTY0YTk5MmM3Y2M1NGNkNGQ2N2ZmZDhlMC5qcGeRlQLNB.jpeg\" height=\"627\" width=\"940\" alt=\"Cezary Olszewski zosta\u0142 pochowany na cmentarzu w rodzinnej Ostro\u0142\u0119ce (zdj\u0119cie z 2023 r.)\" loading=\"lazy\" class=\"ods-c-image__img ods-c-image__img--viewport-width\"\/><\/p>\n<p>Cezary Olszewski zosta\u0142 pochowany na cmentarzu w rodzinnej Ostro\u0142\u0119ce (zdj\u0119cie z 2023 r.)Jaroslaw Sender\/East News \/ East News<\/p>\n<p class=\"ods-c-paragraph \">Dzi\u0119kujemy, \u017ce przeczyta\u0142a\u015b\/e\u015b nasz artyku\u0142 do ko\u0144ca. W serwisie Plejada.pl ka\u017cdego dnia piszemy o najwa\u017cniejszych wydarzeniach show-biznesowych. B\u0105d\u017a na bie\u017c\u0105co! <a rel=\"nofollow noopener\" href=\"https:\/\/news.google.com\/publications\/CAAiEF0PeAlb7W1llpV_mwV2rL4qFAgKIhBdD3gJW-1tZZaVf5sFdqy-?hl=pl&amp;gl=PL&amp;ceid=PL%3Apl\" id=\"d6a25ce8-6d65-4c69-80de-25e116c0323b\" target=\"_blank\">Obserwuj<\/a> Plejad\u0119 w Wiadomo\u015bciach Google. Odwied\u017a nas tak\u017ce na <a rel=\"nofollow noopener\" href=\"https:\/\/www.facebook.com\/plejadapl\" id=\"182a4ad9-b03c-4c41-b6ad-592842a88465\" target=\"_blank\">Facebooku<\/a>, <a rel=\"nofollow noopener\" href=\"https:\/\/www.instagram.com\/plejadapl\/\" id=\"2ea2e004-429c-41b9-83d3-ccb783783e0f\" target=\"_blank\">Instagramie<\/a>, <a rel=\"nofollow noopener\" href=\"https:\/\/www.youtube.com\/c\/plejada\" id=\"a4bad6dc-dfcf-4ea8-bb90-8bfbb087a002\" target=\"_blank\">YouTubie<\/a> oraz <a rel=\"nofollow noopener\" href=\"https:\/\/www.tiktok.com\/@plejada_pl\" id=\"ce3405ef-3821-49e3-8df2-da093d30ef40\" target=\"_blank\">TikToku<\/a>.<\/p>\n<p class=\"ods-c-paragraph \">Chcesz podzieli\u0107 si\u0119 ciekawym newsem lub zaproponowa\u0107 temat? Skontaktuj si\u0119 z nami, pisz\u0105c maila na adres: <a rel=\"nofollow noopener\" href=\"https:\/\/plejada.pl\/newsy\/odeszli-zbyt-wczesnie-widzowie-tanca-z-gwiazdami-wciaz-o-nich-pamietaja\/mailto:plejada@redakcjaonet.pl\" id=\"0900d2f0-090a-454d-8333-048923b06d3e\" target=\"_blank\">plejada@redakcjaonet.pl<\/a>.<\/p>\n<p><script async src=\"\/\/www.instagram.com\/embed.js\"><\/script><script async src=\"\/\/www.tiktok.com\/embed.js\"><\/script><\/p>\n","protected":false},"excerpt":{"rendered":"Gdy &#8222;Taniec z gwiazdami&#8221; obchodzi swoje 20-lecie, fani formatu wracaj\u0105 wspomnieniami do pierwszych edycji i ulubionych duet\u00f3w. To&hellip;\n","protected":false},"author":2,"featured_media":80856,"comment_status":"","ping_status":"","sticky":false,"template":"","format":"standard","meta":{"footnotes":"","_share_on_mastodon":"0"},"categories":[22],"tags":[17944,18184,122,48,125,46,4897,42,38,40,39,41,123,47,1884,19202,19698],"class_list":["post-80855","post","type-post","status-publish","format-standard","has-post-thumbnail","category-rozrywka","tag-cezary_olszewski","tag-dzien_zaduszny","tag-entertainment","tag-nat_styl","tag-newsy","tag-omp","tag-perso_tst0","tag-pl","tag-poland","tag-polish","tag-polska","tag-polski","tag-rozrywka","tag-screening_general","tag-taniec_z_gwiazdami","tag-zaduszki","tag-zora_koroliow"],"share_on_mastodon":{"url":"https:\/\/pubeurope.com\/@pl\/115480689669302560","error":""},"_links":{"self":[{"href":"https:\/\/www.europesays.com\/pl\/wp-json\/wp\/v2\/posts\/80855","targetHints":{"allow":["GET"]}}],"collection":[{"href":"https:\/\/www.europesays.com\/pl\/wp-json\/wp\/v2\/posts"}],"about":[{"href":"https:\/\/www.europesays.com\/pl\/wp-json\/wp\/v2\/types\/post"}],"author":[{"embeddable":true,"href":"https:\/\/www.europesays.com\/pl\/wp-json\/wp\/v2\/users\/2"}],"replies":[{"embeddable":true,"href":"https:\/\/www.europesays.com\/pl\/wp-json\/wp\/v2\/comments?post=80855"}],"version-history":[{"count":0,"href":"https:\/\/www.europesays.com\/pl\/wp-json\/wp\/v2\/posts\/80855\/revisions"}],"wp:featuredmedia":[{"embeddable":true,"href":"https:\/\/www.europesays.com\/pl\/wp-json\/wp\/v2\/media\/80856"}],"wp:attachment":[{"href":"https:\/\/www.europesays.com\/pl\/wp-json\/wp\/v2\/media?parent=80855"}],"wp:term":[{"taxonomy":"category","embeddable":true,"href":"https:\/\/www.europesays.com\/pl\/wp-json\/wp\/v2\/categories?post=80855"},{"taxonomy":"post_tag","embeddable":true,"href":"https:\/\/www.europesays.com\/pl\/wp-json\/wp\/v2\/tags?post=80855"}],"curies":[{"name":"wp","href":"https:\/\/api.w.org\/{rel}","templated":true}]}}