{"id":81011,"date":"2025-11-02T16:32:08","date_gmt":"2025-11-02T16:32:08","guid":{"rendered":"https:\/\/www.europesays.com\/pl\/81011\/"},"modified":"2025-11-02T16:32:08","modified_gmt":"2025-11-02T16:32:08","slug":"iga-swiatek-jelena-rybakina-gdzie-ogladac-mecz-wta-finals-o-ktorej","status":"publish","type":"post","link":"https:\/\/www.europesays.com\/pl\/81011\/","title":{"rendered":"Iga \u015awi\u0105tek &#8211; Jelena Rybakina. Gdzie ogl\u0105da\u0107 mecz WTA Finals? O kt\u00f3rej?"},"content":{"rendered":"\n<p class=\"contentpart contentpart--default contentpart--text\" data-position=\"0\"><a href=\"https:\/\/sportowefakty.wp.pl\/tenis\/mistrzostwa-wta\" rel=\"nofollow noopener\" target=\"_blank\">WTA Finals<\/a>. O kt\u00f3rej mecz <a href=\"https:\/\/sportowefakty.wp.pl\/tenis\/iga-swiatek\" rel=\"nofollow noopener\" target=\"_blank\">Iga \u015awi\u0105tek<\/a>\u00a0&#8211; <a href=\"https:\/\/sportowefakty.wp.pl\/tenis\/jelena-rybakina\" rel=\"nofollow noopener\" target=\"_blank\">Jelena Rybakina<\/a>? Czy b\u0119dzie w telewizji? Gdzie ogl\u0105da\u0107?<\/p>\n<p class=\"contentpart contentpart--default contentpart--text\" data-position=\"1\">Przed Ig\u0105 \u015awi\u0105tek kolejne wyzwanie z Rijadzie.\u00a0Polka ju\u017c w poniedzia\u0142ek, 3 listopada rozpocznie sw\u00f3j kolejny mecz w WTA Finals (z pul\u0105 nagr\u00f3d 15,5 mln dolar\u00f3w ameryka\u0144skich).<\/p>\n<p> <img role=\"presentation\" src=\"https:\/\/std.wpcdn.pl\/images\/adv\/placeholder_wp.svg\" loading=\"lazy\" alt=\"\" decoding=\"async\"\/>  <\/p>\n<p class=\"contentpart contentpart--default contentpart--text\" data-position=\"2\">24-latka w pierwszym meczu pokona\u0142a Madison Keys 2:0 (6:1, 6:2). Kolejnym starciem Polki w grupie b\u0119dzie pojedynek z Jelen\u0105 Rybakin\u0105.\u00a0To spotkanie rozpocznie si\u0119 o 15:00 czasu \u015brodkowoeuropejskiego. Polk\u0119 we wtorek czeka jeszcze spotkanie z\u00a0Amand\u0105 Anisimow\u0105.<\/p>\n<p class=\"contentpart contentpart--default contentpart--text\" data-position=\"3\">ZOBACZ WIDEO: Szymon Ko\u0142ecki skomentowa\u0142 Tomasza Adamka we freak fightach. &#8222;By\u0142o mi przykro&#8221;<\/p>\n<p class=\"contentpart contentpart--default contentpart--text\" data-position=\"5\">Transmisja telewizyjna z tej rywalizacji dost\u0119pna b\u0119dzie na Canal+ Sport 2.<\/p>\n<p class=\"contentpart contentpart--default contentpart--text\" data-position=\"6\">Spotkanie z udzia\u0142em \u015awi\u0105tek i Rybakiny w ramach WTA Finals b\u0119dzie dost\u0119pne do obejrzenia r\u00f3wnie\u017c w internecie. Transmisj\u0119 mo\u017cna \u015bledzi\u0107 na platformie CANAL+ (po wykupieniu odpowiedniego pakietu).<\/p>\n<p> <img role=\"presentation\" src=\"https:\/\/std.wpcdn.pl\/images\/adv\/placeholder_wp.svg\" loading=\"lazy\" alt=\"\" decoding=\"async\"\/>  <\/p>\n<p class=\"contentpart contentpart--default contentpart--text\" data-position=\"7\"><a href=\"https:\/\/sportowefakty.wp.pl\/tenis\/relacja-na-zywo\/175050\/iga-swiatek-jelena-rybakina-live\" rel=\"nofollow noopener\" target=\"blank\">Tekstow\u0105 relacje live z tego wydarzenia przeprowadzi portal WP SportoweFakty.<\/a><\/p>\n<p class=\"contentpart contentpart--default contentpart--text\" data-position=\"8\">Pocz\u0105tek meczu Iga \u015awi\u0105tek &#8211; Jelena Rybakina:\u00a03 listopada (poniedzia\u0142ek) godz. 15:00 (czasu polskiego). Transmisja TV: CANAL+ SPORT. Stream online:\u00a0CANAL+ (po wykupieniu odpowiedniego pakietu). Relacja LIVE: WP SportoweFakty.<\/p>\n","protected":false},"excerpt":{"rendered":"WTA Finals. O kt\u00f3rej mecz Iga \u015awi\u0105tek\u00a0&#8211; Jelena Rybakina? Czy b\u0119dzie w telewizji? Gdzie ogl\u0105da\u0107? Przed Ig\u0105 \u015awi\u0105tek&hellip;\n","protected":false},"author":2,"featured_media":81012,"comment_status":"","ping_status":"","sticky":false,"template":"","format":"standard","meta":{"footnotes":""},"categories":[5],"tags":[32,33,36,37,27,158,3880,2274,34,35,28,31,25,42,38,40,39,41,156,29,30,26,12360],"class_list":{"0":"post-81011","1":"post","2":"type-post","3":"status-publish","4":"format-standard","5":"has-post-thumbnail","7":"category-naglowki","8":"tag-breaking-news","9":"tag-breakingnews","10":"tag-featured-news","11":"tag-featurednews","12":"tag-headlines","13":"tag-iga-swiatek","14":"tag-jelena-rybakina","15":"tag-kazachstan","16":"tag-latest-news","17":"tag-latestnews","18":"tag-naglowki","19":"tag-najwazniejsze-artykuly","20":"tag-news","21":"tag-pl","22":"tag-poland","23":"tag-polish","24":"tag-polska","25":"tag-polski","26":"tag-tenis","27":"tag-top-stories","28":"tag-topstories","29":"tag-wiadomosci","30":"tag-wta-finals"},"share_on_mastodon":{"url":"https:\/\/pubeurope.com\/@pl\/115481067240404652","error":""},"_links":{"self":[{"href":"https:\/\/www.europesays.com\/pl\/wp-json\/wp\/v2\/posts\/81011","targetHints":{"allow":["GET"]}}],"collection":[{"href":"https:\/\/www.europesays.com\/pl\/wp-json\/wp\/v2\/posts"}],"about":[{"href":"https:\/\/www.europesays.com\/pl\/wp-json\/wp\/v2\/types\/post"}],"author":[{"embeddable":true,"href":"https:\/\/www.europesays.com\/pl\/wp-json\/wp\/v2\/users\/2"}],"replies":[{"embeddable":true,"href":"https:\/\/www.europesays.com\/pl\/wp-json\/wp\/v2\/comments?post=81011"}],"version-history":[{"count":0,"href":"https:\/\/www.europesays.com\/pl\/wp-json\/wp\/v2\/posts\/81011\/revisions"}],"wp:featuredmedia":[{"embeddable":true,"href":"https:\/\/www.europesays.com\/pl\/wp-json\/wp\/v2\/media\/81012"}],"wp:attachment":[{"href":"https:\/\/www.europesays.com\/pl\/wp-json\/wp\/v2\/media?parent=81011"}],"wp:term":[{"taxonomy":"category","embeddable":true,"href":"https:\/\/www.europesays.com\/pl\/wp-json\/wp\/v2\/categories?post=81011"},{"taxonomy":"post_tag","embeddable":true,"href":"https:\/\/www.europesays.com\/pl\/wp-json\/wp\/v2\/tags?post=81011"}],"curies":[{"name":"wp","href":"https:\/\/api.w.org\/{rel}","templated":true}]}}