{"id":81188,"date":"2025-11-02T18:23:08","date_gmt":"2025-11-02T18:23:08","guid":{"rendered":"https:\/\/www.europesays.com\/pl\/81188\/"},"modified":"2025-11-02T18:23:08","modified_gmt":"2025-11-02T18:23:08","slug":"tragiczny-final-poszukiwan-wylowili-dwa-ciala-z-jeziora-onet","status":"publish","type":"post","link":"https:\/\/www.europesays.com\/pl\/81188\/","title":{"rendered":"Tragiczny fina\u0142 poszukiwa\u0144. Wy\u0142owili dwa cia\u0142a z jeziora &#8211; Onet"},"content":{"rendered":"<ol>\n<li><a href=\"https:\/\/news.google.com\/rss\/articles\/CBMitgFBVV95cUxPUVBVQ1kwZFBDdjdwWWhtVUdJNGRiX0VTbDlKdDZDanJGcnhGRUp3S0lPMW5UcjduRXdIZldmWXhINGlqMmd3cDFHbE1CMXZRUGt6aU5Sa2ZwMzNUNldST2s4a0FuclI2S3ZoaU42NHhaMF9LdkV3elVEbHItbWRGcWZKTFg1OThXZTEtdWE3SEk0dEw5YWFJY0Qyc0xvZG9oUkFZUUR1cTc1aU85LWdGbjFfSWZYZw?oc=5\" target=\"_blank\" rel=\"nofollow noopener\">Tragiczny fina\u0142 poszukiwa\u0144. Wy\u0142owili dwa cia\u0142a z jeziora<\/a>&nbsp;&nbsp;Onet<\/li>\n<li><a href=\"https:\/\/news.google.com\/rss\/articles\/CBMipAFBVV95cUxQUUpTNVd2SFlZRlg3Y0ZCWkg5YUY4dzBkNXlBaThIendjV2ZuTW5jek1qR3BWbUJjbXd0SVFVTDQzdUhxZWxRQmdtckRCbzA1R09CaURJT0V2ZTZReU5Hd05uY3RCa1V1cVpheXo1ak9YdWdTUW5jRlVoUlRISi1STGlNQnJfckYtRXlnZTBiMGg4bU9ZeW52YnFlaUx0MWIzdnZ5Tw?oc=5\" target=\"_blank\" rel=\"nofollow noopener\">Przyjechali na ryby, zagin\u0119li. Z jeziora wydobyto ich cia\u0142a<\/a>&nbsp;&nbsp;TVN24<\/li>\n<li><a href=\"https:\/\/news.google.com\/rss\/articles\/CBMisAFBVV95cUxOVkxYLUpydXpVT2MyN0VSMndJWVhtdmU4UGthelV1bGlWV3UzRklVZnJLWl84RlV5T1NFLTkyaTdXakVYQjhoVjZzZlNIMlAtWWNoYUwxWWpVUzQ0dG5odm00Z0xZT2pSWXE3Uk1SN3ZRRjBfcUtMQkZFTUoxX1pkZUJuZF9qUjNFRTNsVWNEazM4aWFvYnl4elZZVlNsaGc2VUd3WEozcTAtN09vWDB4cA?oc=5\" target=\"_blank\" rel=\"nofollow noopener\">Zagin\u0119li bez \u015bladu na Mazurach. Cia\u0142a dw\u00f3ch braci wy\u0142owione z jeziora<\/a>&nbsp;&nbsp;RMF24<\/li>\n<li><a href=\"https:\/\/news.google.com\/rss\/articles\/CBMisgFBVV95cUxQM2dlTGhuWFNkSG42a3ZBQ01tTEJvcmRlbTk1cmVwYlJYeFNFQ0lyTmt3Q3ZWT082MVBQd2pKU2ZpMlhoU0tiXzdPV29jS0VXNkUyZUt6cTVrNFZvM0FXYWZndmJEY0Y4S29EWGJlbEY5bE9QNW5NSS1xTWE2SUV3WmpISWFab2FRTGktQkNoa2lGMUdQYjdVRDhRSjlVYU9jaG5XR2VOdTNrbVFwWmtlZUlR0gGwAUFVX3lxTE1jU3V3cWtNeGVKT2dtLUpQNjQwQ2hVcjFKYlJMZkVseU00Vm1iYmJKbkZlMmI4ajU0N3lCUHYyNUlhbjBhWDI5Z0JCY1hrWU01ZGg0Ml96RjFOdGlIYVl4eDVhczVwVFBCTktRVjVwcEhWVFVndlBMOF9MNlJZRWt3aG0wOTg1eVRmSVZKMUxxTnFjVzRpbVRyREMyUVhpUEhXQnRYSG9BOEtMeTZITkdG?oc=5\" target=\"_blank\" rel=\"nofollow noopener\">Tragedia na jeziorze Kruklin. Wy\u0142owiono cia\u0142a dw\u00f3ch zaginionych m\u0119\u017cczyzn<\/a>&nbsp;&nbsp;Wprost<\/li>\n<li><a href=\"https:\/\/news.google.com\/rss\/articles\/CBMiggFBVV95cUxNQVhEeFZfRm84SkI4OFBnem51ZU9Gcmg5SDRFU2VDMEpoa1hjT2tQZkV2OTRoZlllOTQxVXkxTEZyYW9jY1NFdXNjdUQzNzlRYzRkQUxwMktDU01qeWFON2oxT08xaGdNUDRwZzNYYVZUbEZBbHZlbU5nTVE4Yy1CdVF30gGHAUFVX3lxTE50U21QWmdFcTQ5MTF4eFNoR1pFdTZnZFY3dHcxNHh4QlJrRS1oMUZkZ1VrSEdBSThRNFU1YnJtM1RncWZIUGZKcXpBOGQyeTE4QTJtaWNqZXdvNWxrSEVUeFdtWWZ6TTdtMGFjX21vV2R0aUZWTEN0WDdWY0FKeDJLektteFlVYw?oc=5\" target=\"_blank\" rel=\"nofollow noopener\">Tragiczny fina\u0142 poszukiwa\u0144 dw\u00f3ch braci z E\u0142ku &#8211; Radio5<\/a>&nbsp;&nbsp;Radio 5<\/li>\n<\/ol>\n","protected":false},"excerpt":{"rendered":"Tragiczny fina\u0142 poszukiwa\u0144. Wy\u0142owili dwa cia\u0142a z jeziora&nbsp;&nbsp;Onet Przyjechali na ryby, zagin\u0119li. Z jeziora wydobyto ich cia\u0142a&nbsp;&nbsp;TVN24 Zagin\u0119li&hellip;\n","protected":false},"author":2,"featured_media":81189,"comment_status":"","ping_status":"","sticky":false,"template":"","format":"standard","meta":{"footnotes":""},"categories":[12],"tags":[32,33,244,12814,36,37,16338,27,34,35,10512,28,31,53,25,52,68,51,55,42,38,40,39,41,47,29,30,65,50,26,4122],"class_list":{"0":"post-81188","1":"post","2":"type-post","3":"status-publish","4":"format-standard","5":"has-post-thumbnail","7":"category-polska","8":"tag-breaking-news","9":"tag-breakingnews","10":"tag-ctr_tst","11":"tag-elk","12":"tag-featured-news","13":"tag-featurednews","14":"tag-gizycko","15":"tag-headlines","16":"tag-latest-news","17":"tag-latestnews","18":"tag-mazury","19":"tag-naglowki","20":"tag-najwazniejsze-artykuly","21":"tag-new_header","22":"tag-news","23":"tag-onet3","24":"tag-onet3d","25":"tag-onet3d_2i","26":"tag-phx","27":"tag-pl","28":"tag-poland","29":"tag-polish","30":"tag-polska","31":"tag-polski","32":"tag-screening_general","33":"tag-top-stories","34":"tag-topstories","35":"tag-update_me","36":"tag-v2021","37":"tag-wiadomosci","38":"tag-wypadki"},"share_on_mastodon":{"url":"https:\/\/pubeurope.com\/@pl\/115481503819162849","error":""},"_links":{"self":[{"href":"https:\/\/www.europesays.com\/pl\/wp-json\/wp\/v2\/posts\/81188","targetHints":{"allow":["GET"]}}],"collection":[{"href":"https:\/\/www.europesays.com\/pl\/wp-json\/wp\/v2\/posts"}],"about":[{"href":"https:\/\/www.europesays.com\/pl\/wp-json\/wp\/v2\/types\/post"}],"author":[{"embeddable":true,"href":"https:\/\/www.europesays.com\/pl\/wp-json\/wp\/v2\/users\/2"}],"replies":[{"embeddable":true,"href":"https:\/\/www.europesays.com\/pl\/wp-json\/wp\/v2\/comments?post=81188"}],"version-history":[{"count":0,"href":"https:\/\/www.europesays.com\/pl\/wp-json\/wp\/v2\/posts\/81188\/revisions"}],"wp:featuredmedia":[{"embeddable":true,"href":"https:\/\/www.europesays.com\/pl\/wp-json\/wp\/v2\/media\/81189"}],"wp:attachment":[{"href":"https:\/\/www.europesays.com\/pl\/wp-json\/wp\/v2\/media?parent=81188"}],"wp:term":[{"taxonomy":"category","embeddable":true,"href":"https:\/\/www.europesays.com\/pl\/wp-json\/wp\/v2\/categories?post=81188"},{"taxonomy":"post_tag","embeddable":true,"href":"https:\/\/www.europesays.com\/pl\/wp-json\/wp\/v2\/tags?post=81188"}],"curies":[{"name":"wp","href":"https:\/\/api.w.org\/{rel}","templated":true}]}}