{"id":81499,"date":"2025-11-02T21:49:06","date_gmt":"2025-11-02T21:49:06","guid":{"rendered":"https:\/\/www.europesays.com\/pl\/81499\/"},"modified":"2025-11-02T21:49:06","modified_gmt":"2025-11-02T21:49:06","slug":"strzaly-na-posesji-w-wielkopolsce-trwa-policyjna-oblawa-onet-wiadomosci","status":"publish","type":"post","link":"https:\/\/www.europesays.com\/pl\/81499\/","title":{"rendered":"Strza\u0142y na posesji w Wielkopolsce. Trwa policyjna ob\u0142awa &#8211; Onet Wiadomo\u015bci"},"content":{"rendered":"<ol>\n<li><a href=\"https:\/\/news.google.com\/rss\/articles\/CBMingFBVV95cUxNN0dKdC1GaDUyRlpWUXpYcUd3eWQzTzJmbzN0aEpDVkIyTllGMFVERmVaVzNPNEtuZDMxY1FDLWlRZi1IVUVwRWdqLTRWeFdKWmxuczR2TVpFd0NPM01Nak1OV2VtdWE0SnVZeEs5S0FQc3pnbnU1TnNfbVdtODdVVm50aGZ6cmF0a0dGRkczd2NYelJCSmdNbVBvN20tZw?oc=5\" target=\"_blank\" rel=\"nofollow noopener\">Strza\u0142y na posesji w Wielkopolsce. Trwa policyjna ob\u0142awa<\/a>&nbsp;&nbsp;Onet Wiadomo\u015bci<\/li>\n<li><a href=\"https:\/\/news.google.com\/rss\/articles\/CBMipwFBVV95cUxOVmxsUzNySFF0VEpNWEFtLVZiWVd3a3pvVnk3dDhFTmcxWUpHYTMzTXVwRlVzaHFyQ3k3UERIXzI4SVIwWlBFVjVjSW1tWG44bnB6WmNlS2FnQmxSUnVfRElNam8wOHNoV2s4dk9Udk9rY2dTYjNwOHM5QXZ0ajFadWRYcXREemx0emtBOF9ZME9uNGNPbldEVUxoMHdKLWpMTnZFR2lnbw?oc=5\" target=\"_blank\" rel=\"nofollow noopener\">Ob\u0142awa policji w Wielkopolsce. &#8222;Dosz\u0142o do strzelaniny&#8221;<\/a>&nbsp;&nbsp;Wydarzenia w INTERIA.PL<\/li>\n<li><a href=\"https:\/\/news.google.com\/rss\/articles\/CBMirAFBVV95cUxOS19kNlI5OXN0WkdsWk1HY0lYZG1ickhkeWs4X001VzZQUExmY3l0SkVMMkMycDdiLVMyNElHV1NoYnBsdzM5OGtNd0llRy1QSzJURFpaSEY5dzZyRFBabl9rcmRIYkc2OG1qYml0TEducjd0bnZJaFA0VnB3NDUwTHF3dG4yc1RQV3lOTjFzR00tQmxzYTY1RU5OcDZGWi1KYjB2WkVjbTJFbnUz?oc=5\" target=\"_blank\" rel=\"nofollow noopener\">Strza\u0142y na le\u015bnej drodze. S\u0105 ranni, trwa ob\u0142awa<\/a>&nbsp;&nbsp;TVN24<\/li>\n<li><a href=\"https:\/\/news.google.com\/rss\/articles\/CBMipgFBVV95cUxPMTVMMHZwRUxEMFh2SVpXa2ZvX2U0Mm9jR3ZJalhPRU0wSHlqMDMwdTAyTTVudXJhc204QWtnOVh6cnhHU2lCc19BMTBHY1NIeDRQSjZaN1l1YU9VM08yRWlfbzVHbUJLMmwtMzFQVHJ4Vm1ad2xuWkdvMFczd01GY1kwVlVfcVhhRkpZaVNybm9MZnFoZjhuR0ZDNFVsdFpubEI2SE9B?oc=5\" target=\"_blank\" rel=\"nofollow noopener\">Strzelanina w Wielkopolsce. Policja prowadzi ob\u0142aw\u0119<\/a>&nbsp;&nbsp;RMF24<\/li>\n<li><a href=\"https:\/\/news.google.com\/rss\/articles\/CBMivwFBVV95cUxNdXZaYzF3dVp2QTJiaTVLOGk2c3lORFBXVE02NXNqMUd1cExFdVg5NDFEVUQtd19SeUVGaEdpa0pTa0ZPQ3M5cVZOYWFld3VubDJOdDhvdUFSRV9vQTJfanVzdXpsYkxZZTg0OGVLVXNyR0pmWXllelgycjBaOG9lVzFnX3J2VUZBYmdfMk9aWEhUdV9IOUhNOGF6bFp1VUh2SUtPby1fdWNJbFBzSGFRekVjUDFkdm80bXNDVHppZw?oc=5\" target=\"_blank\" rel=\"nofollow noopener\">Strzelanina pod Gostyniem! Policja otoczy\u0142a wie\u015b, trwa po\u015bcig<\/a>&nbsp;&nbsp;Fakt<\/li>\n<\/ol>\n","protected":false},"excerpt":{"rendered":"Strza\u0142y na posesji w Wielkopolsce. Trwa policyjna ob\u0142awa&nbsp;&nbsp;Onet Wiadomo\u015bci Ob\u0142awa policji w Wielkopolsce. &#8222;Dosz\u0142o do strzelaniny&#8221;&nbsp;&nbsp;Wydarzenia w INTERIA.PL&hellip;\n","protected":false},"author":2,"featured_media":81500,"comment_status":"","ping_status":"","sticky":false,"template":"","format":"standard","meta":{"footnotes":"","_share_on_mastodon":"0"},"categories":[5],"tags":[32,33,36,37,27,34,35,28,31,48,25,19753,46,4897,42,38,414,40,39,41,1817,47,7828,1277,29,30,26,3033],"class_list":["post-81499","post","type-post","status-publish","format-standard","has-post-thumbnail","category-naglowki","tag-breaking-news","tag-breakingnews","tag-featured-news","tag-featurednews","tag-headlines","tag-latest-news","tag-latestnews","tag-naglowki","tag-najwazniejsze-artykuly","tag-nat_styl","tag-news","tag-oblawa","tag-omp","tag-perso_tst0","tag-pl","tag-poland","tag-policja","tag-polish","tag-polska","tag-polski","tag-poznan","tag-screening_general","tag-strzaly","tag-strzelanina","tag-top-stories","tag-topstories","tag-wiadomosci","tag-wielkopolska_wojewodztwo_wielkopolskie"],"share_on_mastodon":{"url":"https:\/\/pubeurope.com\/@pl\/115482313705707166","error":""},"_links":{"self":[{"href":"https:\/\/www.europesays.com\/pl\/wp-json\/wp\/v2\/posts\/81499","targetHints":{"allow":["GET"]}}],"collection":[{"href":"https:\/\/www.europesays.com\/pl\/wp-json\/wp\/v2\/posts"}],"about":[{"href":"https:\/\/www.europesays.com\/pl\/wp-json\/wp\/v2\/types\/post"}],"author":[{"embeddable":true,"href":"https:\/\/www.europesays.com\/pl\/wp-json\/wp\/v2\/users\/2"}],"replies":[{"embeddable":true,"href":"https:\/\/www.europesays.com\/pl\/wp-json\/wp\/v2\/comments?post=81499"}],"version-history":[{"count":0,"href":"https:\/\/www.europesays.com\/pl\/wp-json\/wp\/v2\/posts\/81499\/revisions"}],"wp:featuredmedia":[{"embeddable":true,"href":"https:\/\/www.europesays.com\/pl\/wp-json\/wp\/v2\/media\/81500"}],"wp:attachment":[{"href":"https:\/\/www.europesays.com\/pl\/wp-json\/wp\/v2\/media?parent=81499"}],"wp:term":[{"taxonomy":"category","embeddable":true,"href":"https:\/\/www.europesays.com\/pl\/wp-json\/wp\/v2\/categories?post=81499"},{"taxonomy":"post_tag","embeddable":true,"href":"https:\/\/www.europesays.com\/pl\/wp-json\/wp\/v2\/tags?post=81499"}],"curies":[{"name":"wp","href":"https:\/\/api.w.org\/{rel}","templated":true}]}}