{"id":81770,"date":"2025-11-03T06:32:07","date_gmt":"2025-11-03T06:32:07","guid":{"rendered":"https:\/\/www.europesays.com\/pl\/81770\/"},"modified":"2025-11-03T06:32:07","modified_gmt":"2025-11-03T06:32:07","slug":"tomahawki-nie-dla-ukrainy-trump-grozi-kolejnym-panstwom-podsumowanie-nocy-2","status":"publish","type":"post","link":"https:\/\/www.europesays.com\/pl\/81770\/","title":{"rendered":"Tomahawki nie dla Ukrainy. Trump grozi kolejnym pa\u0144stwom. Podsumowanie nocy"},"content":{"rendered":"<p> Tomahawki? &#8222;Nie rozwa\u017cam&#8221; <\/p>\n<p class=\"ods-c-paragraph \">Pytany na pok\u0142adzie samolotu Air Force One w drodze z Florydy do Waszyngtonu o to, czy rozwa\u017ca przekazanie Tomahawk\u00f3w Ukrainie, Trump odpar\u0142 &#8222;nie, nie bardzo&#8221;. \u2014 To mo\u017ce si\u0119 zmieni\u0107, ale <a href=\"https:\/\/wiadomosci.onet.pl\/swiat\/koniec-marzen-ukrainy-donald-trump-nie-rozwazam-tomahawkow\/4ch6x04\" id=\"c0b38b93-7c07-4896-a13c-d58f41f97f5c\" rel=\"nofollow noopener\" target=\"_blank\">w tym momencie nie [rozwa\u017cam tego]<\/a> \u2014 doda\u0142. Stwierdzi\u0142 ponadto, \u017ce nale\u017cy pozwoli\u0107 obu stronom walczy\u0107, by &#8222;doprowadzi\u0107 do pokoju&#8221;.<\/p>\n<p class=\"ods-c-paragraph \">Trump stwierdzi\u0142 te\u017c, \u017ce Stany Zjednoczone nie s\u0105 zaanga\u017cowane w spraw\u0119 wykorzystania zamro\u017conych rosyjskich aktyw\u00f3w. \u2014 Wygl\u0105da na to, \u017ce Europa i Rosja prowadz\u0105 dyskusje. Ja nie bior\u0119 w nich udzia\u0142u \u2014 powiedzia\u0142 Trump.<\/p>\n<p> Czy Trump rozwa\u017ca przekazanie Tomahawk\u00f3w Ukrainie? <\/p>\n<p> Co powiedzia\u0142 Trump o Wenezueli? <\/p>\n<p> Jakie plany Trump ma w Nigerii? <\/p>\n<p> Kiedy odb\u0119dzie si\u0119 zmiana Posterunku Honorowego w Warszawie? <\/p>\n<p>   Trump grozi dw\u00f3m krajom <\/p>\n<p class=\"ods-c-paragraph \">Trump odni\u00f3s\u0142 si\u0119 do spekulacji o nadchodz\u0105cych uderzeniach USA na instalacje wojskowe w Wenezueli podczas rozmowy z dziennikarzami na pok\u0142adzie Air Force One w drodze powrotnej do Bia\u0142ego Domu ze swojej posiad\u0142o\u015bci na Florydzie. \u2014 Jak mog\u0119 odpowiedzie\u0107 na takie pytanie? Kto by to powiedzia\u0142? Zak\u0142adaj\u0105c, \u017ce tak, czy powiedzia\u0142bym ci to szczerze? &#8222;Tak, mamy plany. Mamy. Mamy bardzo tajne plany&#8221;. Co to za pytanie? \u2014 odpar\u0142 dziennikarce. \u2014 Zobaczymy, co si\u0119 stanie z Wenezuel\u0105 \u2014 doda\u0142 jednak. Wskaza\u0142 przy tym m.in. na rzekomy udzia\u0142 wenezuelskich w\u0142adz w wysy\u0142anie nielegalnych imigrant\u00f3w do USA, w tym wi\u0119\u017ani\u00f3w i pacjent\u00f3w szpitali psychiatrycznych.<\/p>\n<p class=\"ods-c-paragraph \">Trump odni\u00f3s\u0142 si\u0119 r\u00f3wnie\u017c do swoich poprzednich gr\u00f3\u017ab interwencji wojskowej w Nigerii. Pytany o to, czy mo\u017ce wys\u0142a\u0107 tam \u017co\u0142nierzy lub przeprowadzi\u0107 ataki z powietrza, odpar\u0142, \u017ce mo\u017ce tak by\u0107. \u2014 Przewiduj\u0119 wiele rzeczy. W Nigerii zabijaj\u0105 rekordow\u0105 liczb\u0119 chrze\u015bcijan, a w innych krajach te\u017c jest bardzo \u017ale. Wiecie, \u017ce w tej cz\u0119\u015bci \u015bwiata jest bardzo \u017ale. Zabijaj\u0105 chrze\u015bcijan i to w bardzo du\u017cych liczbach. Nie pozwolimy na to \u2014 zadeklarowa\u0142. Trump oskar\u017ca w\u0142adze Nigerii o przyzwolenie na zab\u00f3jstwa chrze\u015bcijan przez d\u017cihadystyczne boj\u00f3wki.<\/p>\n<p>    Co nas czeka w poniedzia\u0142ek? <\/p>\n<p class=\"ods-c-paragraph \">W poniedzia\u0142ek o godz. 13 na placu Marsza\u0142ka J\u00f3zefa Pi\u0142sudskiego w Warszawie odb\u0119dzie si\u0119 uroczysta zmiana Posterunku Honorowego z okazji 100. rocznicy ustanowienia Grobu Nieznanego \u017bo\u0142nierza. Wezm\u0105 w niej udzia\u0142 prezydent Karol Nawrocki oraz wicepremier, szef MON W\u0142adys\u0142aw Kosiniak-Kamysz wraz z najwa\u017cniejszymi dow\u00f3dcami wojskowymi i kierownictwem MON.<\/p>\n<p class=\"ods-c-paragraph \">W planach uroczysto\u015bci jest m.in. wyst\u0105pienie prezydenta oraz szefa MON, ods\u0142oni\u0119cie tablicy pami\u0105tkowej, a tak\u017ce z\u0142o\u017cenie pami\u0105tkowego wie\u0144ca pod tablic\u0105 po\u015bwi\u0119con\u0105 Jadwidze Zarugiewiczowej \u2014 matce Konstantego, ochotnika w wojnie polsko-bolszewickiej, kt\u00f3ry 17 sierpnia 1920 r., w wieku 19 lat, zgin\u0105\u0142 w bitwie pod Zadw\u00f3rzem. W 1925 r. w zwi\u0105zku z budow\u0105 Grobu Nieznanego \u017bo\u0142nierza w Warszawie poproszono j\u0105 o wskazanie jednej z trzech trumien \u017co\u0142nierzy ekshumowanych na Cmentarzu \u0141yczakowskim we Lwowie. Dokonuj\u0105c wyboru trumny z cia\u0142em bezimiennego obro\u0144cy Lwowa, Jadwiga Zarugiewiczowa sta\u0142a si\u0119 symboliczn\u0105 matk\u0105 Nieznanego \u017bo\u0142nierza.<\/p>\n<p class=\"ods-c-paragraph \">Dzi\u015b o godz. 11 w Prokuraturze Okr\u0119gowej w Warszawie kontynuowane b\u0119dzie przes\u0142uchanie marsza\u0142ka Sejmu Szymona Ho\u0142owni dotycz\u0105ce jego wypowiedzi z lipca tego roku o &#8222;zamachu stanu&#8221;. Przes\u0142uchanie, kt\u00f3re mia\u0142o miejsce 10 pa\u017adziernika, zosta\u0142o przerwane na wniosek marsza\u0142ka i zako\u0144czy\u0142o si\u0119 na momencie jego odpowiedzi na pytania prokuratora.<\/p>\n","protected":false},"excerpt":{"rendered":"Tomahawki? &#8222;Nie rozwa\u017cam&#8221; Pytany na pok\u0142adzie samolotu Air Force One w drodze z Florydy do Waszyngtonu o to,&hellip;\n","protected":false},"author":2,"featured_media":81771,"comment_status":"","ping_status":"","sticky":false,"template":"","format":"standard","meta":{"footnotes":""},"categories":[14],"tags":[32,33,44,27,34,35,28,31,48,25,9359,46,40,41,47,80,29,30,71,3008,26,82,83,84],"class_list":{"0":"post-81770","1":"post","2":"type-post","3":"status-publish","4":"format-standard","5":"has-post-thumbnail","7":"category-swiat","8":"tag-breaking-news","9":"tag-breakingnews","10":"tag-donald_trump","11":"tag-headlines","12":"tag-latest-news","13":"tag-latestnews","14":"tag-naglowki","15":"tag-najwazniejsze-artykuly","16":"tag-nat_styl","17":"tag-news","18":"tag-nigeria","19":"tag-omp","20":"tag-polish","21":"tag-polski","22":"tag-screening_general","23":"tag-swiat","24":"tag-top-stories","25":"tag-topstories","26":"tag-usa","27":"tag-wenezuela","28":"tag-wiadomosci","29":"tag-world","30":"tag-world-news","31":"tag-worldnews"},"share_on_mastodon":{"url":"https:\/\/pubeurope.com\/@pl\/115484370150959869","error":""},"_links":{"self":[{"href":"https:\/\/www.europesays.com\/pl\/wp-json\/wp\/v2\/posts\/81770","targetHints":{"allow":["GET"]}}],"collection":[{"href":"https:\/\/www.europesays.com\/pl\/wp-json\/wp\/v2\/posts"}],"about":[{"href":"https:\/\/www.europesays.com\/pl\/wp-json\/wp\/v2\/types\/post"}],"author":[{"embeddable":true,"href":"https:\/\/www.europesays.com\/pl\/wp-json\/wp\/v2\/users\/2"}],"replies":[{"embeddable":true,"href":"https:\/\/www.europesays.com\/pl\/wp-json\/wp\/v2\/comments?post=81770"}],"version-history":[{"count":0,"href":"https:\/\/www.europesays.com\/pl\/wp-json\/wp\/v2\/posts\/81770\/revisions"}],"wp:featuredmedia":[{"embeddable":true,"href":"https:\/\/www.europesays.com\/pl\/wp-json\/wp\/v2\/media\/81771"}],"wp:attachment":[{"href":"https:\/\/www.europesays.com\/pl\/wp-json\/wp\/v2\/media?parent=81770"}],"wp:term":[{"taxonomy":"category","embeddable":true,"href":"https:\/\/www.europesays.com\/pl\/wp-json\/wp\/v2\/categories?post=81770"},{"taxonomy":"post_tag","embeddable":true,"href":"https:\/\/www.europesays.com\/pl\/wp-json\/wp\/v2\/tags?post=81770"}],"curies":[{"name":"wp","href":"https:\/\/api.w.org\/{rel}","templated":true}]}}