{"id":82221,"date":"2025-11-03T11:24:08","date_gmt":"2025-11-03T11:24:08","guid":{"rendered":"https:\/\/www.europesays.com\/pl\/82221\/"},"modified":"2025-11-03T11:24:08","modified_gmt":"2025-11-03T11:24:08","slug":"kaczorowska-i-pela-w-sadzie-chodzi-o-rozprawe-rozwodowa-tak-to-wygladalo","status":"publish","type":"post","link":"https:\/\/www.europesays.com\/pl\/82221\/","title":{"rendered":"Kaczorowska i Pela w s\u0105dzie. Chodzi o rozpraw\u0119 rozwodow\u0105. Tak to wygl\u0105da\u0142o"},"content":{"rendered":"<p>O tym, \u017ce to koniec ma\u0142\u017ce\u0144stwa Agnieszki Kaczorowskiej i\u00a0Macieja Peli informowali\u015bmy jeszcze w\u00a0pa\u017adzierniku 2024 roku. Wtedy jeszcze nikt nie wiedzia\u0142, \u017ce na naszych oczach rozegra si\u0119 medialny serial, kt\u00f3rym przez wiele miesi\u0119cy b\u0119dzie si\u0119 ekscytowa\u0107 opinia publiczna. Od <a href=\"https:\/\/www.pudelek.pl\/tag\/kr\u00f3lowa+przetrwania\/\" rel=\"noopener noreferrer nofollow\" target=\"_blank\">&#8222;Kr\u00f3lowej przetrwania&#8221;<\/a> z\u00a0afer\u0105 li\u015bcikow\u0105 w\u00a0tle, przez g\u0142o\u015bne wyznania Peli, a\u017c po romans Agnieszki z\u00a0<a href=\"https:\/\/www.pudelek.pl\/tag\/marcin+rogacewicz\/\" rel=\"noopener noreferrer nofollow\" target=\"_blank\">Marcinem Rogacewiczem<\/a> &#8211;\u00a0emocji zdecydowanie nie brakowa\u0142o i\u00a0jest w\u00a0tym spora zas\u0142uga obu stron.<\/p>\n<p>Cho\u0107 zwi\u0105zek Agi i\u00a0Ma\u0107ka to ju\u017c dawne dzieje, to formalnie wci\u0105\u017c s\u0105 ma\u0142\u017ce\u0144stwem. Jak to zwykle bywa, na rozw\u00f3d troch\u0119 si\u0119 czeka, ale wygl\u0105da na to, \u017ce ten moment w\u0142a\u015bnie nadszed\u0142. W poniedzia\u0142ek Kaczorowska i\u00a0Pela stawili si\u0119 w\u00a0s\u0105dzie na rozprawie rozwodowej. W\u00a0sierpniu w\u00a0rozmowie z\u00a0nami tancerz wyra\u017ca\u0142 nadziej\u0119, \u017ce &#8222;b\u0119dzie pierwsza, a\u00a0zarazem ostatnia rozprawa&#8221; i\u00a0wsp\u00f3lnie d\u0105\u017c\u0105 do ugody.<\/p>\n<p>Pierwsza na miejscu stawi\u0142a si\u0119 Agnieszka. Reporter Pudelka wskazuje, \u017ce tancerka, kt\u00f3ra niedawno po\u017cegna\u0142a si\u0119 z\u00a0<a href=\"https:\/\/www.pudelek.pl\/tag\/taniec+z+gwiazdami\/\" rel=\"noopener noreferrer nofollow\" target=\"_blank\">&#8222;Ta\u0144cem z\u00a0Gwiazdami&#8221;<\/a>, by\u0142a chyba w\u00a0do\u015b\u0107 pod\u0142ym nastroju.<\/p>\n<p>Agnieszka nie wygl\u0105da na zadowolon\u0105. Oczekiwanie na rozpraw\u0119 umila sobie pogaw\u0119dk\u0105 z prawniczk\u0105<\/p>\n<p>\u00a0&#8211; relacjonuje nasz reporter.<\/p>\n<p>Gdy zjawi\u0142 si\u0119 Maciek, dosz\u0142o nawet do drobnej wymiany uprzejmo\u015bci. <\/p>\n<p>Powiedzieli sobie &#8222;cze\u015b\u0107&#8221; i podali r\u0119ce. Usiedli daleko od siebie, on rozmawia ze swoj\u0105 prawniczk\u0105, a ona ze swoj\u0105. Siedz\u0105 tak, \u017ceby si\u0119 nie widzie\u0107.<\/p>\n<p>Na miejscu zjawili si\u0119 fotoreporterzy i\u00a0Agnieszka wesz\u0142a na sal\u0119 rozpraw przy salwie d\u017awi\u0119k\u00f3w cykanych zdj\u0119\u0107. Po chwili za drzwiami znikn\u0119li tak\u017ce Maciej i\u00a0jego pe\u0142nomocniczka.<\/p>\n<p>Przypomnijmy, \u017ce w\u00a0po\u0142owie czerwca domkni\u0119ciem dawnych spraw chwali\u0142 si\u0119 z\u00a0kolei Marcin Rogacewicz, czyli obecny ukochany Agnieszki. To wtedy na jego instagramowy profil trafi\u0142 tajemniczy post, w\u00a0kt\u00f3rym rozpoczyna\u0142 &#8222;nowy rozdzia\u0142&#8221; i\u00a0ca\u0142o\u015b\u0107 opatrzy\u0142 hasztagiem &#8222;wolno\u015b\u0107&#8221;. Kaczorowska by\u0142a wtedy jedn\u0105 z\u00a0pierwszych, kt\u00f3re owy wpis polubi\u0142y.<\/p>\n","protected":false},"excerpt":{"rendered":"O tym, \u017ce to koniec ma\u0142\u017ce\u0144stwa Agnieszki Kaczorowskiej i\u00a0Macieja Peli informowali\u015bmy jeszcze w\u00a0pa\u017adzierniku 2024 roku. Wtedy jeszcze nikt&hellip;\n","protected":false},"author":2,"featured_media":82222,"comment_status":"","ping_status":"","sticky":false,"template":"","format":"standard","meta":{"footnotes":""},"categories":[22],"tags":[122,42,38,40,39,41,123],"class_list":{"0":"post-82221","1":"post","2":"type-post","3":"status-publish","4":"format-standard","5":"has-post-thumbnail","7":"category-rozrywka","8":"tag-entertainment","9":"tag-pl","10":"tag-poland","11":"tag-polish","12":"tag-polska","13":"tag-polski","14":"tag-rozrywka"},"share_on_mastodon":{"url":"https:\/\/pubeurope.com\/@pl\/115485518391776730","error":""},"_links":{"self":[{"href":"https:\/\/www.europesays.com\/pl\/wp-json\/wp\/v2\/posts\/82221","targetHints":{"allow":["GET"]}}],"collection":[{"href":"https:\/\/www.europesays.com\/pl\/wp-json\/wp\/v2\/posts"}],"about":[{"href":"https:\/\/www.europesays.com\/pl\/wp-json\/wp\/v2\/types\/post"}],"author":[{"embeddable":true,"href":"https:\/\/www.europesays.com\/pl\/wp-json\/wp\/v2\/users\/2"}],"replies":[{"embeddable":true,"href":"https:\/\/www.europesays.com\/pl\/wp-json\/wp\/v2\/comments?post=82221"}],"version-history":[{"count":0,"href":"https:\/\/www.europesays.com\/pl\/wp-json\/wp\/v2\/posts\/82221\/revisions"}],"wp:featuredmedia":[{"embeddable":true,"href":"https:\/\/www.europesays.com\/pl\/wp-json\/wp\/v2\/media\/82222"}],"wp:attachment":[{"href":"https:\/\/www.europesays.com\/pl\/wp-json\/wp\/v2\/media?parent=82221"}],"wp:term":[{"taxonomy":"category","embeddable":true,"href":"https:\/\/www.europesays.com\/pl\/wp-json\/wp\/v2\/categories?post=82221"},{"taxonomy":"post_tag","embeddable":true,"href":"https:\/\/www.europesays.com\/pl\/wp-json\/wp\/v2\/tags?post=82221"}],"curies":[{"name":"wp","href":"https:\/\/api.w.org\/{rel}","templated":true}]}}