{"id":82514,"date":"2025-11-03T14:10:13","date_gmt":"2025-11-03T14:10:13","guid":{"rendered":"https:\/\/www.europesays.com\/pl\/82514\/"},"modified":"2025-11-03T14:10:13","modified_gmt":"2025-11-03T14:10:13","slug":"waldemar-zurek-o-sprawie-zbigniewa-ziobry-i-ewentualnym-ulaskawieniu-przez-prezydenta-karola-nawrockiego","status":"publish","type":"post","link":"https:\/\/www.europesays.com\/pl\/82514\/","title":{"rendered":"Waldemar \u017burek o sprawie Zbigniewa Ziobry i ewentualnym u\u0142askawieniu przez prezydenta Karola Nawrockiego"},"content":{"rendered":"<p><img decoding=\"async\" alt=\"Waldemar \u017burek\" src=\"https:\/\/www.europesays.com\/pl\/wp-content\/uploads\/2025\/11\/1762179013_609_WEBP_LANDSCAPE_480.webp\" class=\"sc-1hpi2ez-6 hIHHkJy\"\/><\/p>\n<p>Waldemar \u017burek apeluje w\u00a0sprawie Funduszu Sprawiedliwo\u015bci: zg\u0142aszajcie si\u0119 do\u00a0prokuratury i\u00a0pokazujcie dowody<\/p>\n<p>&#8222;Chcia\u0142bym, \u017ceby opinia publiczna mog\u0142a zapozna\u0107 si\u0119 z dowodami w tej sprawie i oceni\u0107, czy potwierdzaj\u0105 jego win\u0119&#8221; &#8211; powiedzia\u0142 Waldemar \u017burek, odnosz\u0105c si\u0119 do sprawy Zbigniewa Ziobry. Zdaniem szefa resortu sprawiedliwo\u015bci &#8222;s\u0105d we\u017amie pod uwag\u0119 obaw\u0119 ucieczki&#8221; pos\u0142a PiS. Minister m\u00f3wi\u0142 te\u017c o tym, czego spodziewa si\u0119\u00a0po prezydencie Karolu Nawrockim w tej sprawie.<\/p>\n<p>Kluczowe fakty:<\/p>\n<ul part=\"List\" class=\"sc-bGWAAzy sc-jzapQky jCbcbBy iTHKNOy List\">\n<li class=\"sc-aXZVgy sc-gEvEery ldavXXy dUmtgUy sc-dTciy eCGBvHy TextBox\" part=\"TextBox\">Prokuratura chce postawi\u0107 Ziobrze \u0142\u0105cznie 26 zarzut\u00f3w, w tym m.in. za\u0142o\u017cenia i kierowania zorganizowan\u0105 grup\u0105 przest\u0119pcz\u0105, kiedy sta\u0142 na czele Ministerstwa Sprawiedliwo\u015bci.<\/li>\n<li class=\"sc-aXZVgy sc-gEvEery ldavXXy dUmtgUy sc-dTciy eCGBvHy TextBox\" part=\"TextBox\">Waldemar \u017burek powiedzia\u0142, \u017ce chce &#8222;patrz\u0105c na to, jak zachowa\u0142 si\u0119 Marcin Romanowski, jako\u015b nie ma zaufania do Zbigniewa Ziobry&#8221;.<\/li>\n<li class=\"sc-aXZVgy sc-gEvEery ldavXXy dUmtgUy sc-dTciy eCGBvHy TextBox\" part=\"TextBox\">Reporterzy &#8222;Czarno na bia\u0142ym&#8221; dotarli do <a href=\"https:\/\/tvn24.pl\/polska\/zdobylismy-wniosek-prokuratury-o-uchylenie-immunitetu-ziobrze-szczegoly-26-zarzutow-st8728580\" target=\"_self\" class=\"ds-link\" rel=\"nofollow noopener\">wniosku prokuratury o\u00a0uchylenie immunitetu politykowi PiS<\/a>.  A o pi\u0119ciu wa\u017cnych rzeczach z pisma skierowanego przez prokuratur\u0119 do Sejmu <a href=\"https:\/\/tvn24.pl\/polska\/wniosek-prokuratury-w-sprawie-zbigniewa-ziobry-piec-waznych-elementow-st8730337\" target=\"_self\" class=\"ds-link\" rel=\"nofollow noopener\">dowiesz si\u0119 tutaj &gt;&gt;&gt;<\/a><\/li>\n<\/ul>\n<p class=\"sc-aXZVgy sc-gEvEery ldavXXy dUmtgUy sc-lbldtAy sc-ieQsNBy byDICy jyOubRy Paragraph TextBox\" part=\"Paragraph TextBox\" data-paragraph=\"\">Minister sprawiedliwo\u015bci, prokurator generalny Waldemar \u017burek w wywiadzie dla &#8222;Super Expressu&#8221; komentowa\u0142 spraw\u0119 <a href=\"https:\/\/tvn24.pl\/tagi\/zbigniew-ziobro\" target=\"_self\" data-salt=\"1\" class=\"ds-link\" rel=\"nofollow noopener\">Zbigniewa Ziobry<\/a>. Prokuratura skierowa\u0142a do Sejmu wniosek o <a href=\"https:\/\/tvn24.pl\/polska\/zbigniew-ziobro-i-26-przestepstw-minister-sprawiedliwosci-waldemar-zurek-komentuje-st8724069\" target=\"_blank\" class=\"ds-link\" rel=\"nofollow noopener\">uchylenie mu immunitetu,<\/a> zgod\u0119 na zatrzymanie i tymczasowy areszt. \u015aledczy podejrzewaj\u0105, \u017ce by\u0142y minister sprawiedliwo\u015bci pope\u0142ni\u0142 26 przest\u0119pstw zwi\u0105zanych z wydatkowaniem \u015brodk\u00f3w z Funduszu Sprawiedliwo\u015bci.<\/p>\n<p class=\"sc-aXZVgy sc-gEvEery ldavXXy dUmtgUy sc-lbldtAy sc-ieQsNBy byDICy jyOubRy Paragraph TextBox\" part=\"Paragraph TextBox\" data-paragraph=\"\">Jak podkre\u015bla\u0142 \u017burek, &#8222;zarzuty dla Zbigniewa Ziobry dotycz\u0105 mi\u0119dzy innymi za\u0142o\u017cenia przez niego grupy przest\u0119pczej i kierowania ni\u0105&#8221;. &#8222;S\u0105d we\u017amie te\u017c pod uwag\u0119 obaw\u0119 ucieczki. Patrz\u0105c na to, jak zachowa\u0142 si\u0119 Marcin Romanowski, jako\u015b nie mam zaufania do Zbigniewa Ziobry&#8221; &#8211; podkre\u015bli\u0142.<\/p>\n<p class=\"sc-aXZVgy sc-gEvEery ldavXXy dUmtgUy sc-lbldtAy sc-ieQsNBy byDICy jyOubRy Paragraph TextBox\" part=\"Paragraph TextBox\" data-paragraph=\"\">By\u0142y <a href=\"https:\/\/tvn24.pl\/polska\/co-zrobil-marcin-romanowski-jakie-ma-zarzuty-st8230810\" target=\"_blank\" class=\"ds-link\" rel=\"nofollow noopener\">wiceminister sprawiedliwo\u015bci Marcin Romanowski<\/a> przebywa od grudnia 2024 roku na <a href=\"https:\/\/tvn24.pl\/tagi\/wegry\" target=\"_self\" data-salt=\"1\" class=\"ds-link\" rel=\"nofollow noopener\">W\u0119grzech<\/a>, gdzie otrzyma\u0142 azyl polityczny. Polityk ma prokuratorskie zarzuty i \u015bcigany jest Europejskim Nakazem Aresztowania w zwi\u0105zku z nieprawid\u0142owo\u015bciami w Funduszu Sprawiedliwo\u015bci.<\/p>\n<p class=\"sc-aXZVgy sc-gEvEery ldavXXy dUmtgUy sc-lbldtAy sc-ieQsNBy byDICy jyOubRy Paragraph TextBox\" part=\"Paragraph TextBox\" data-paragraph=\"\">Natomiast Ziobro by\u0142 w minionym tygodniu na W\u0119grzech, gdzie spotka\u0142 si\u0119 m.in. z premierem tego pa\u0144stwa Viktorem Orbanem.<\/p>\n<p>\u017burek: ka\u017cdy powinien zobaczy\u0107, \u017ce system dzia\u0142a sprawnie<\/p>\n<p class=\"sc-aXZVgy sc-gEvEery ldavXXy dUmtgUy sc-lbldtAy sc-ieQsNBy byDICy jyOubRy Paragraph TextBox\" part=\"Paragraph TextBox\" data-paragraph=\"\">\u017burek doda\u0142, \u017ce wysoko\u015b\u0107 kary, jaka grozi Ziobrze &#8211; czyli 25 lat pozbawienia wolno\u015bci &#8211; mo\u017ce by\u0107 jednym z powod\u00f3w tymczasowego aresztowania. Jako inne przes\u0142anki do stosowania aresztu wymieni\u0142 m.in. ryzyko matactwa.<\/p>\n<p class=\"sc-aXZVgy sc-gEvEery ldavXXy dUmtgUy sc-lbldtAy sc-ieQsNBy byDICy jyOubRy Paragraph TextBox\" part=\"Paragraph TextBox\" data-paragraph=\"\">&#8222;Chcia\u0142bym, \u017ceby opinia publiczna mog\u0142a zapozna\u0107 si\u0119 z dowodami w tej sprawie i oceni\u0107, czy potwierdzaj\u0105 jego win\u0119. Ka\u017cdy powinien zobaczy\u0107, \u017ce system dzia\u0142a sprawnie&#8221; &#8211; zaznaczy\u0142. &#8222;Nie mo\u017ce by\u0107 tak, \u017ce zwyk\u0142y Kowalski idzie do wi\u0119zienia, jak pope\u0142ni przest\u0119pstwo, a Ziobro si\u0119 \u015bmieje i b\u0119dzie prowadzi\u0142 kana\u0142 na YouTube z W\u0119gier&#8221; &#8211; doda\u0142.<\/p>\n<p class=\"sc-aXZVgy sc-gEvEery ldavXXy dUmtgUy sc-lbldtAy sc-ieQsNBy byDICy jyOubRy Paragraph TextBox\" part=\"Paragraph TextBox\" data-paragraph=\"\">CZYTAJ TE\u017b: <a href=\"https:\/\/tvn24.pl\/polska\/wniosek-prokuratury-w-sprawie-zbigniewa-ziobry-piec-waznych-elementow-st8730337\" target=\"_self\" class=\"ds-link\" rel=\"nofollow noopener\">Pi\u0119\u0107 wa\u017cnych rzeczy z wniosku w sprawie Ziobry &gt;&gt;&gt;<\/a><\/p>\n<p class=\"sc-aXZVgy sc-gEvEery ldavXXy dUmtgUy sc-lbldtAy sc-ieQsNBy byDICy jyOubRy Paragraph TextBox\" part=\"Paragraph TextBox\" data-paragraph=\"\">Dopytywany o to, jakie planuje dzia\u0142ania, \u017ceby &#8222;nie sta\u0142o si\u0119 jak z Romanowskim&#8221;, \u017burek zauwa\u017cy\u0142, \u017ce Zbigniew Ziobro posiada immunitet, w zwi\u0105zku z czym polityk &#8222;mo\u017ce przemieszcza\u0107 si\u0119, gdzie chce&#8221;.<\/p>\n<p><img decoding=\"async\" alt=\"\" src=\"https:\/\/www.europesays.com\/pl\/wp-content\/uploads\/2025\/11\/WEBP_LANDSCAPE_1024.webp\" class=\"sc-1hpi2ez-6 hIHHkJy\"\/><\/p>\n<p>Szczeg\u00f3\u0142y wniosku prokuratury dotycz\u0105ce Ziobry. Jakie s\u0105 g\u0142\u00f3wne zarzuty?<\/p>\n<p>\u0179r\u00f3d\u0142o: TVN24<\/p>\n<p>&#8222;Spodziewam si\u0119 u\u0142askawie\u0144 politycznych&#8221;<\/p>\n<p class=\"sc-aXZVgy sc-gEvEery ldavXXy dUmtgUy sc-lbldtAy sc-ieQsNBy byDICy jyOubRy Paragraph TextBox\" part=\"Paragraph TextBox\" data-paragraph=\"\">Zapytany o mo\u017cliwo\u015b\u0107 u\u0142askawienia by\u0142ego ministra przez prezydenta <a href=\"https:\/\/tvn24.pl\/tagi\/Karol_Nawrocki\" target=\"_self\" data-salt=\"1\" class=\"ds-link\" rel=\"nofollow noopener\">Karola Nawrockiego<\/a>, szef MS przyzna\u0142, \u017ce &#8222;spodziewa si\u0119 u\u0142askawie\u0144 politycznych&#8221;. <\/p>\n<p class=\"sc-aXZVgy sc-gEvEery ldavXXy dUmtgUy sc-lbldtAy sc-ieQsNBy byDICy jyOubRy Paragraph TextBox\" part=\"Paragraph TextBox\" data-paragraph=\"\">&#8222;Widzieli\u015bmy, co zrobi\u0142 prezydent (Andrzej &#8211; red.) Duda z Mariuszem Kami\u0144skim i Maciejem W\u0105sikiem. Je\u015bli prezydent (Karol &#8211; red.) Nawrocki p\u00f3jdzie t\u0105 drog\u0105, to ja poka\u017c\u0119 argumenty i spo\u0142ecze\u0144stwo samo oceni, czy prezydent przyk\u0142ada r\u0119k\u0119 do obrony zorganizowanych grup przest\u0119pczych, czy te\u017c jest rzeczywi\u015bcie stra\u017cnikiem konstytucji&#8221; &#8211; powiedzia\u0142 \u017burek.<\/p>\n<p class=\"sc-aXZVgy sc-gEvEery ldavXXy dUmtgUy sc-lbldtAy sc-ieQsNBy byDICy jyOubRy sc-eJyalOy sc-bNdpFPy dxSFMly cOehjfy ArticleMetaItem Paragraph TextBox\" part=\"ArticleMetaItem Paragraph TextBox\">Autorka\/Autor: sz\/akr<\/p>\n<p class=\"sc-aXZVgy sc-gEvEery ldavXXy dUmtgUy sc-lbldtAy sc-ieQsNBy byDICy jyOubRy sc-eJyalOy sc-bNdpFPy dxSFMly cOehjfy ArticleMetaItem Paragraph TextBox\" part=\"ArticleMetaItem Paragraph TextBox\">\u0179r\u00f3d\u0142o: PAP, &#8222;Super Express&#8221;<\/p>\n<p class=\"sc-aXZVgy sc-gEvEery ldavXXy dUmtgUy sc-lbldtAy sc-ieQsNBy byDICy jyOubRy sc-eJyalOy sc-bNdpFPy dxSFMly cOehjfy ArticleMetaItem Paragraph TextBox\" part=\"ArticleMetaItem Paragraph TextBox\">\u0179r\u00f3d\u0142o zdj\u0119cia g\u0142\u00f3wnego: PAP\/Pawe\u0142 Supernak<\/p>\n","protected":false},"excerpt":{"rendered":"Waldemar \u017burek apeluje w\u00a0sprawie Funduszu Sprawiedliwo\u015bci: zg\u0142aszajcie si\u0119 do\u00a0prokuratury i\u00a0pokazujcie dowody &#8222;Chcia\u0142bym, \u017ceby opinia publiczna mog\u0142a zapozna\u0107 si\u0119&hellip;\n","protected":false},"author":2,"featured_media":82515,"comment_status":"","ping_status":"","sticky":false,"template":"","format":"standard","meta":{"footnotes":""},"categories":[5],"tags":[19855,5402,6416,18813,18815,6411,19856,6371,1499,18845,1424,1368,6428,18867,14648,19854,7039,19853,11662,6437,32,33,36,37,27,34,35,1369,28,31,25,42,38,40,39,41,29,30,26],"class_list":{"0":"post-82514","1":"post","2":"type-post","3":"status-publish","4":"format-standard","5":"has-post-thumbnail","7":"category-naglowki","8":"tag-keywordaresztowac","9":"tag-keywordfundusz","10":"tag-keywordgrupa","11":"tag-keywordimmunitet","12":"tag-keywordkierowac","13":"tag-keywordminister","14":"tag-keywordnieprawidlowoscia","15":"tag-keywordprezydent","16":"tag-keywordsprawa","17":"tag-keywordsprawiedliwosc","18":"tag-keywordsystem","19":"tag-keywordszef","20":"tag-keywordtydzien","21":"tag-keyworduchylic","22":"tag-keyworducieczka","23":"tag-keywordwegrzech","24":"tag-keywordwniosek","25":"tag-keywordzalozenie","26":"tag-keywordzarzut","27":"tag-keywordzwiazek","28":"tag-breaking-news","29":"tag-breakingnews","30":"tag-featured-news","31":"tag-featurednews","32":"tag-headlines","33":"tag-latest-news","34":"tag-latestnews","35":"tag-maintrue","36":"tag-naglowki","37":"tag-najwazniejsze-artykuly","38":"tag-news","39":"tag-pl","40":"tag-poland","41":"tag-polish","42":"tag-polska","43":"tag-polski","44":"tag-top-stories","45":"tag-topstories","46":"tag-wiadomosci"},"share_on_mastodon":{"url":"","error":"Validation failed: Text character limit of 500 exceeded"},"_links":{"self":[{"href":"https:\/\/www.europesays.com\/pl\/wp-json\/wp\/v2\/posts\/82514","targetHints":{"allow":["GET"]}}],"collection":[{"href":"https:\/\/www.europesays.com\/pl\/wp-json\/wp\/v2\/posts"}],"about":[{"href":"https:\/\/www.europesays.com\/pl\/wp-json\/wp\/v2\/types\/post"}],"author":[{"embeddable":true,"href":"https:\/\/www.europesays.com\/pl\/wp-json\/wp\/v2\/users\/2"}],"replies":[{"embeddable":true,"href":"https:\/\/www.europesays.com\/pl\/wp-json\/wp\/v2\/comments?post=82514"}],"version-history":[{"count":0,"href":"https:\/\/www.europesays.com\/pl\/wp-json\/wp\/v2\/posts\/82514\/revisions"}],"wp:featuredmedia":[{"embeddable":true,"href":"https:\/\/www.europesays.com\/pl\/wp-json\/wp\/v2\/media\/82515"}],"wp:attachment":[{"href":"https:\/\/www.europesays.com\/pl\/wp-json\/wp\/v2\/media?parent=82514"}],"wp:term":[{"taxonomy":"category","embeddable":true,"href":"https:\/\/www.europesays.com\/pl\/wp-json\/wp\/v2\/categories?post=82514"},{"taxonomy":"post_tag","embeddable":true,"href":"https:\/\/www.europesays.com\/pl\/wp-json\/wp\/v2\/tags?post=82514"}],"curies":[{"name":"wp","href":"https:\/\/api.w.org\/{rel}","templated":true}]}}