{"id":82561,"date":"2025-11-03T14:38:14","date_gmt":"2025-11-03T14:38:14","guid":{"rendered":"https:\/\/www.europesays.com\/pl\/82561\/"},"modified":"2025-11-03T14:38:14","modified_gmt":"2025-11-03T14:38:14","slug":"sylwester-z-wartosciami-tyle-kosztuje-zabawa-u-ojca-rydzyka-onet","status":"publish","type":"post","link":"https:\/\/www.europesays.com\/pl\/82561\/","title":{"rendered":"&quot;Sylwester z warto\u015bciami&quot;. Tyle kosztuje zabawa u ojca Rydzyka &#8211; Onet"},"content":{"rendered":"<ol>\n<li><a href=\"https:\/\/news.google.com\/rss\/articles\/CBMixwFBVV95cUxPWTE4RFBYeXZIQnlwV2xNYUUzSVZHVUZLRV8wNHplUHB2ZWtHX1FkbzBGX2pzV2dXUVFVOEpuTTVyWVZuM0pfOU44U3g4eEN6SS1uTWJNcjNtQTFxdGJEZ0JfVmFwNUVUR1o3ejJuNkJ6QzlocWg2NTBXUWRpVXBZeG1oTHEyQ1loWFpOU2VZT21ERTJzYTVVQy03OHhmaTRKVUd1UEdmd09BUzM5TldhbTVjbEFBOFNWa1BVQ1dGWDVMVGVBVHBV?oc=5\" target=\"_blank\" rel=\"nofollow noopener\">&#8222;Sylwester z warto\u015bciami&#8221;. Tyle kosztuje zabawa u ojca Rydzyka<\/a>&nbsp;&nbsp;Onet<\/li>\n<li><a href=\"https:\/\/news.google.com\/rss\/articles\/CBMisgFBVV95cUxPcUZHSFVQVHh2U2s4aG9kTTYzM1hxUFpPR1dGSnF0QkZicDZfQlZmT3RJTWNDQ216NGo4VEpwa2dRNDZzdXNYWlNBd2ROUnVlTmRWRHQ5Z0hWV0VKdWN0cG11cE8xb1hVTnRTdEhSZkE0ZXhaM3RhTFpmZm5hQ3VvcWpmNUliRkE3Sm81cWE3eHRmSHRxc1dGcVpxd2dZOUt3VDcta01RcUpfN0QtSG5FbUZn?oc=5\" target=\"_blank\" rel=\"nofollow noopener\">Sylwester u ojca Rydzyka. Taki zakaz b\u0119dzie obowi\u0105zywa\u0107 podczas ciszy nocnej<\/a>&nbsp;&nbsp;Radio ZET<\/li>\n<li><a href=\"https:\/\/news.google.com\/rss\/articles\/CBMikgFBVV95cUxPanpORzM4WkZzQTV2M0pOajZndXBMRDNtRm15TTNTcEN0VFdQcWZpeTNFRGIyMjQxUVg5UHNrX2UzSDY3U3hBWkpUQ1BfS3V1Yy1qampWY0ZBNXBxS0VBcGdqZTAyUVhhZUlZTGZUSS1KaDR1R2VsckZ5TmhBc2JROC1BZGlNZUdaSlNrQWZPMFlFdw?oc=5\" target=\"_blank\" rel=\"nofollow noopener\">Ruszy\u0142y zapisy na \u201eSylwestra z warto\u015bciami\u201d w AKSiM<\/a>&nbsp;&nbsp;RadioMaryja.pl<\/li>\n<li><a href=\"https:\/\/news.google.com\/rss\/articles\/CBMivwFBVV95cUxOcEMxLVkzTzRyaldSTFdIbjBObXUtQVpUZ0MyTDRRYkFJcFF1anhwTnRhS2FqdS1IVHdqT1ZmUWpFeW9NdWRnQzIzeXlicnJpWUZQa0VyaVV1M29hRmx1T1F5aUwwZlEzY2RtYXhyVmxucmxSRWhvU3pFUFhIZEZQRmlCLVNjTXFLa3kyY0l2UkJDSTE2anFEYVF1X01CNjBjYWhQenRSQ0FOZ2NubjNMNExUZjBSWTFMYTlEQzFfTQ?oc=5\" target=\"_blank\" rel=\"nofollow noopener\">Uczelni Rydzyka organizuje sylwestra. Tyle zap\u0142acicie za szampa\u0144sk\u0105 zabaw\u0119<\/a>&nbsp;&nbsp;Plotek.pl<\/li>\n<li><a href=\"https:\/\/news.google.com\/rss\/articles\/CBMixwFBVV95cUxOaERiMGc0Q3NtREVwalR6LWtUelZaMXh0Q1FEdHhaeFhSZ2hBZk1TYklzbkd2b3hJdVJNUHAxdEY4aTk5ajVLT1RoX0JGaTl0M0RKQXJjdHFwLVI4T3FiUTRyZ0Y5a2Z2dDlQQ0JNazB3U2l4M3VvMzFCcU1qUU9sNlZXeFU1VDI5UTRqbzUyWWNNQmNiN2lZalNfb09VQUllcTB3c1BldFRtU2tiNFY1M1VzSVdYanVheXp2OUY1NnNpX2ViZ1FR?oc=5\" target=\"_blank\" rel=\"nofollow noopener\">Sylwester u ojca Rydzyka. Ile trzeba zap\u0142aci\u0107 za trzy dni zabawy?<\/a>&nbsp;&nbsp;Wiadomo\u015bci z kraju i ze \u015bwiata &#8211; Dziennik.pl<\/li>\n<\/ol>\n","protected":false},"excerpt":{"rendered":"&#8222;Sylwester z warto\u015bciami&#8221;. Tyle kosztuje zabawa u ojca Rydzyka&nbsp;&nbsp;Onet Sylwester u ojca Rydzyka. Taki zakaz b\u0119dzie obowi\u0105zywa\u0107 podczas&hellip;\n","protected":false},"author":2,"featured_media":82562,"comment_status":"","ping_status":"","sticky":false,"template":"","format":"standard","meta":{"footnotes":""},"categories":[5],"tags":[32,33,36,37,27,261,34,35,28,31,53,25,15338,52,68,51,55,42,38,40,39,41,47,12357,29,30,10812,50,26],"class_list":{"0":"post-82561","1":"post","2":"type-post","3":"status-publish","4":"format-standard","5":"has-post-thumbnail","7":"category-naglowki","8":"tag-breaking-news","9":"tag-breakingnews","10":"tag-featured-news","11":"tag-featurednews","12":"tag-headlines","13":"tag-kultura","14":"tag-latest-news","15":"tag-latestnews","16":"tag-naglowki","17":"tag-najwazniejsze-artykuly","18":"tag-new_header","19":"tag-news","20":"tag-o_tadeusz_rydzyk_duchowny","21":"tag-onet3","22":"tag-onet3d","23":"tag-onet3d_2i","24":"tag-phx","25":"tag-pl","26":"tag-poland","27":"tag-polish","28":"tag-polska","29":"tag-polski","30":"tag-screening_general","31":"tag-sylwester","32":"tag-top-stories","33":"tag-topstories","34":"tag-torun_miasto","35":"tag-v2021","36":"tag-wiadomosci"},"share_on_mastodon":{"url":"https:\/\/pubeurope.com\/@pl\/115486281210571865","error":""},"_links":{"self":[{"href":"https:\/\/www.europesays.com\/pl\/wp-json\/wp\/v2\/posts\/82561","targetHints":{"allow":["GET"]}}],"collection":[{"href":"https:\/\/www.europesays.com\/pl\/wp-json\/wp\/v2\/posts"}],"about":[{"href":"https:\/\/www.europesays.com\/pl\/wp-json\/wp\/v2\/types\/post"}],"author":[{"embeddable":true,"href":"https:\/\/www.europesays.com\/pl\/wp-json\/wp\/v2\/users\/2"}],"replies":[{"embeddable":true,"href":"https:\/\/www.europesays.com\/pl\/wp-json\/wp\/v2\/comments?post=82561"}],"version-history":[{"count":0,"href":"https:\/\/www.europesays.com\/pl\/wp-json\/wp\/v2\/posts\/82561\/revisions"}],"wp:featuredmedia":[{"embeddable":true,"href":"https:\/\/www.europesays.com\/pl\/wp-json\/wp\/v2\/media\/82562"}],"wp:attachment":[{"href":"https:\/\/www.europesays.com\/pl\/wp-json\/wp\/v2\/media?parent=82561"}],"wp:term":[{"taxonomy":"category","embeddable":true,"href":"https:\/\/www.europesays.com\/pl\/wp-json\/wp\/v2\/categories?post=82561"},{"taxonomy":"post_tag","embeddable":true,"href":"https:\/\/www.europesays.com\/pl\/wp-json\/wp\/v2\/tags?post=82561"}],"curies":[{"name":"wp","href":"https:\/\/api.w.org\/{rel}","templated":true}]}}