{"id":82588,"date":"2025-11-03T14:53:14","date_gmt":"2025-11-03T14:53:14","guid":{"rendered":"https:\/\/www.europesays.com\/pl\/82588\/"},"modified":"2025-11-03T14:53:14","modified_gmt":"2025-11-03T14:53:14","slug":"dariusz-szpakowski-wtedy-zmartwychwstalem","status":"publish","type":"post","link":"https:\/\/www.europesays.com\/pl\/82588\/","title":{"rendered":"Dariusz Szpakowski: Wtedy zmartwychwsta\u0142em"},"content":{"rendered":"\n<p class=\"contentpart contentpart--default contentpart--text\" data-position=\"0\">Mateusz Skwierawski, WP SportoweFakty: Jeste\u015b za mikrofonem od blisko pi\u0119\u0107dziesi\u0119ciu lat. Co m\u00f3wi\u0142 ci 9-latek prosz\u0105c o autograf?<br \/><a href=\"https:\/\/sportowefakty.wp.pl\/pilka-nozna\/dariusz-szpakowski\" rel=\"nofollow noopener\" target=\"_blank\">Dariusz Szpakowski<\/a>: Powiedzia\u0142, \u017ce zna mnie z gry FIFA. By\u0142em komentatorem tej gry przez pi\u0119tna\u015bcie lat. Mam \u015bwiadomo\u015b\u0107, \u017ce m\u0142ode pokolenie kojarzy mnie g\u0142\u00f3wnie ze \u015bwiata wirtualnego. Dzi\u015b jest on bardzo wa\u017cny, przenika do normalnego \u017cycia. <br \/>Jakie to uczucie, gdy kto\u015b kojarzy ci\u0119 nie zza mikrofonu, a z PlayStation?<br \/>Ju\u017c chyba normalne. Wiele m\u0142odych os\u00f3b pyta mnie w\u0142a\u015bnie o to, dlaczego zrezygnowa\u0142em z komentowania FIFY &#8211; \u017ce to ju\u017c nie te same emocje, \u017ce nawet graj\u0105 w star\u0105 gr\u0119, specjalnie dla mojego komentarza! Oczywi\u015bcie nie chc\u0119 ujmowa\u0107 obecnym komentuj\u0105cym. Pi\u0119tna\u015bcie lat dla m\u0142odych ludzi to d\u0142ugo, przyzwyczaili si\u0119. Wola\u0142bym jednak, \u017ceby m\u0142odzi cz\u0119\u015bciej kopali na boisku, ale rozumiem, \u017ce czasy si\u0119 zmieni\u0142y.<\/p>\n<p> <img role=\"presentation\" src=\"https:\/\/std.wpcdn.pl\/images\/adv\/placeholder_wp.svg\" loading=\"lazy\" alt=\"\" decoding=\"async\"\/>  <\/p>\n<p class=\"contentpart contentpart--default contentpart--text\" data-position=\"1\">ZOBACZ WIDEO: Szymon Ko\u0142ecki zr\u00f3wna\u0142 z ziemi\u0105 freak fighty. &#8222;Nie chcia\u0142bym przynie\u015b\u0107 wstydu&#8221;<\/p>\n<p class=\"contentpart contentpart--default contentpart--text\" data-position=\"3\">I mi\u0119dzy innymi o tym opowiada twoja ksi\u0105\u017cka. <\/p>\n<p class=\"contentpart contentpart--default contentpart--text\" data-position=\"4\">Spisali\u015bmy z Przemkiem Rudzkim r\u00f3\u017cne momenty. Przeprowadzili\u015bmy czytelnik\u00f3w przez moje pi\u0119\u0107dziesi\u0105t lat pracy za mikrofonem telewizyjnym, przez dwana\u015bcie mundiali, przy kt\u00f3rych pracowa\u0142em, przez moje pierwsze i ostatnie mistrzostwa \u015bwiata czy miejsce, w kt\u00f3rym si\u0119 urodzi\u0142em, czyli warszawskie Powi\u015ble. Przemek Rudzki\u00a0ma \u0142atwo\u015b\u0107 uj\u0119cia tematu,\u00a0prze\u0142o\u017cenia j\u0119zyka m\u00f3wionego na pisany.\u00a0\u015awietnie urealni\u0142 tamte czasy, by m\u0142ode pokolenie mia\u0142o pi\u0119kny rys historyczny.<br \/>Urodzi\u0142e\u015b si\u0119 zaraz po wojnie, w 1951 roku. <\/p>\n<p class=\"contentpart contentpart--default contentpart--text\" data-position=\"5\">Powi\u015ble by\u0142o wtedy zgruzowane. To dla mnie sentymentalne miejsce. Premiera mojej autobiografii odby\u0142a si\u0119 na Stadionie Narodowym, po drugiej stronie Powi\u015bla. Chodzi\u0142em tu na mecze na \u00f3wczesny Stadion Dziesi\u0119ciolecia. To tu skomentowa\u0142em pierwsze spotkanie telewizyjne Polska &#8211; Finlandia (1:1), kt\u00f3re jednocze\u015bnie zamyka\u0142o stary stadion. P\u00f3\u017aniej skomentowa\u0142em mecz otwarcia nowego Narodowego, towarzyskie spotkanie Polska &#8211; Portugali\u0105 (0:0). Nast\u0119pnie mecz otwarcia Euro 2012 Polska &#8211; Grecja (1:1). I po\u017cegnania wielu reprezentant\u00f3w.<br \/>Z czego czujesz najwi\u0119ksz\u0105 satysfakcj\u0119?<\/p>\n<p> <img role=\"presentation\" src=\"https:\/\/std.wpcdn.pl\/images\/adv\/placeholder_wp.svg\" loading=\"lazy\" alt=\"\" decoding=\"async\"\/>  <\/p>\n<p class=\"contentpart contentpart--default contentpart--text\" data-position=\"6\">Z momentu, gdy w ko\u0144cu, po latach, mogli\u015bmy pochwali\u0107 si\u0119 przed kolegami z zagranicy tak pi\u0119knym stadionem. Dzia\u0142o si\u0119 to w czasie Euro 2012. Pami\u0119tam, \u017ce na mundialu w Korei i Japonii w 2002 roku \u015bmia\u0142em si\u0119 do W\u0142odka Luba\u0144skiego, by tamtejsze stadiony pokroi\u0107 i przywie\u017a\u0107 kontenerami do Polski. <br \/>Dzi\u015b Polska to \u015bwiat?<\/p>\n<p class=\"contentpart contentpart--default contentpart--text\" data-position=\"7\">Zdecydowanie tak, uro\u015bli\u015bmy pod ka\u017cdym wzgl\u0119dem. Generalnie patrz\u0119 na sport, jak na co\u015b g\u0142\u0119bszego. To ostatnia dziedzina \u017cycia, kt\u00f3ra daje to\u017csamo\u015b\u0107 narodow\u0105 w tej zglobalizowanej Europie. Mo\u017cna pomalowa\u0107 twarz, za\u0142o\u017cy\u0107 koszulk\u0119. Pokazujesz dum\u0119, \u017ce jeste\u015b Polakiem i pragniesz tego samego, co inni: wygranej. Bez wzgl\u0119du na upodobania polityczne.<\/p>\n<p class=\"contentpart contentpart--default contentpart--text\" data-position=\"8\">Zaczyna\u0142em, gdy korzysta\u0142o si\u0119 z mapy, nie nawigacji, a sk\u0142ady by\u0142y tylko drukowane, bez podgl\u0105du na monitorze telewizora. Futbol tak\u017ce si\u0119 zmieni\u0142. Pi\u0142karze to wsp\u00f3\u0142cze\u015bni gladiatorzy, ilo\u015b\u0107 mecz\u00f3w, kt\u00f3re rozgrywaj\u0105, jest przyt\u0142aczaj\u0105ca. Kiedy\u015b wystarczy\u0142a kadra dwudziestu zawodnik\u00f3w, dzi\u015b trzydziestoosobowa to za ma\u0142o.<\/p>\n<p> <img role=\"presentation\" src=\"https:\/\/std.wpcdn.pl\/images\/adv\/placeholder_wp.svg\" loading=\"lazy\" alt=\"\" decoding=\"async\"\/>  <\/p>\n<p class=\"contentpart contentpart--default contentpart--text\" data-position=\"9\">Pami\u0119tam sw\u00f3j pierwszy reporta\u017c do rozg\u0142o\u015bni harcerskiej. \u00d3wczesny selekcjoner, legendarny Kazimierz G\u00f3rski wpu\u015bci\u0142 mnie do autokaru reprezentacji, szed\u0142em z zawodnikami tunelem. Podczas meczu zostawi\u0142em mikrofon na dole, na boisku, przy \u0142awce rezerwowych i przeplata\u0142em transmisj\u0119 reakcjami trener\u00f3w i pi\u0142karzy.<\/p>\n<p class=\"contentpart contentpart--default contentpart--text\" data-position=\"10\">W ksi\u0105\u017cce opowiedzia\u0142em te\u017c o wielu rzeczach, kt\u00f3re spotka\u0142y mnie po drugiej stronie mikrofonu. Nie tylko o sporcie, ale w\u0142a\u015bnie o zmieniaj\u0105cych si\u0119 czasach, kraju, rzeczywisto\u015bci. Jak to kiedy\u015b, onegdaj, bywa\u0142o. Tak \u0142adnie to okre\u015bl\u0119.<\/p>\n<p>  <img decoding=\"async\" src=\"https:\/\/www.europesays.com\/pl\/wp-content\/uploads\/2025\/11\/MzQ4MDAuYhswVjt3bg5vDnMOby0oV2FYJBZ3Zm5CekopGz4ibBIsFj1RPz1vAj0ZNVpjNC1aPRI-QCI3bkB1SWEDfCIjRHkZNVd7.jpeg\" alt=\"Dariusz Szpakowski i dziennikarka TVP Sport Paulina Chylewska\" width=\"770\" height=\"\" loading=\"lazy\"\/> Dariusz Szpakowski i dziennikarka TVP Sport Paulina Chylewska  <\/p>\n<p class=\"contentpart contentpart--default contentpart--text\" data-position=\"12\">Tw\u00f3j ulubiony moment z ca\u0142ej kariery?<\/p>\n<p class=\"contentpart contentpart--default contentpart--text\" data-position=\"13\">Na pewno ostatni fina\u0142 mundialu w Katarze i cytat: &#8222;Argentyno, Argentyno, co ty robisz?&#8221;. To by\u0142a kwintesencja komentarza. 36. minuta meczu, 2:0 dla Argentyny. A oni bawi\u0105 si\u0119 z Francj\u0105. Wiem od znajomych, \u017ce ludzie, kt\u00f3rzy nie interesowali si\u0119 pi\u0142k\u0105, ogl\u0105dali spotkanie do ko\u0144ca z wypiekami na twarzach. Nie s\u0105dz\u0119, by taki fina\u0142 powt\u00f3rzy\u0142 si\u0119 szybko. <br \/>Na mundialu w Katarze w 2022 roku statuetk\u0119 wr\u0119czy\u0142 ci legendarny brazylijski napastnik Ronaldo.<\/p>\n<p> <img role=\"presentation\" src=\"https:\/\/std.wpcdn.pl\/images\/adv\/placeholder_wp.svg\" loading=\"lazy\" alt=\"\" decoding=\"async\"\/>  <\/p>\n<p class=\"contentpart contentpart--default contentpart--text\" data-position=\"14\">Niewiele brakowa\u0142o, a nie przyszed\u0142bym odebra\u0107 nagrody. P\u00f3\u017ano odczyta\u0142em maila od organizator\u00f3w, nie spodziewa\u0142em si\u0119 wyr\u00f3\u017cnienia za sw\u00f3j dwunasty mundial w przygodzie z mikrofonem. Mam pi\u0119kne skojarzenie z Ronaldo. W 2002 roku strzeli\u0142 dwa gole w fina\u0142owym meczu z Niemcami (2:0) na mistrzostwach \u015bwiata w Korei i Japonii. Powiedzia\u0142em mu na scenie, \u017ce komentowa\u0142em to spotkanie. U\u015bmiechn\u0105\u0142 si\u0119, podzi\u0119kowa\u0142. Powiedzia\u0142, \u017ce mu mi\u0142o.<\/p>\n<p class=\"contentpart contentpart--default contentpart--text\" data-position=\"15\">Spodziewa\u0142em si\u0119, \u017ce z dwunastoma mundialami na koncie znajd\u0119 si\u0119 w \u015bcis\u0142ej czo\u0142\u00f3wce \u015bwiatowych komentator\u00f3w. A tu nagle s\u0142ysz\u0119, jak wyczytuj\u0105 kolejnych: za trzynasty, czternasty, pi\u0119tnasty mundial, a\u017c dosz\u0142o do Argenty\u0144czyka, kt\u00f3ry komentowa\u0142 na siedemnastu turniejach tej rangi! Wspomnia\u0142, \u017ce gdy podr\u00f3\u017cowa\u0142 na mundial do Szwecji, to postoje i tankowania trwa\u0142y d\u0142u\u017cej ni\u017c sam lot. To najlepiej obrazuje, jak zmieni\u0142y si\u0119 czasy.<br \/>Jeste\u015b osob\u0105 skromn\u0105, ale nie oszukujmy si\u0119 &#8211; legendarn\u0105. Czujesz rang\u0119, kt\u00f3r\u0105 nosisz?<\/p>\n<p> <img role=\"presentation\" src=\"https:\/\/std.wpcdn.pl\/images\/adv\/placeholder_wp.svg\" loading=\"lazy\" alt=\"\" decoding=\"async\"\/>  <\/p>\n<p class=\"contentpart contentpart--default contentpart--text\" data-position=\"16\">Nie, nie mam takiego poczucia. Zawsze stara\u0142em si\u0119 jedynie odda\u0107 emocje, by\u0107 mile widzianym go\u015bciem w domach Polak\u00f3w i nie zagadywa\u0107 wydarze\u0144, kt\u00f3re relacjonowa\u0142em. <br \/>Wystarczy jednak zobaczy\u0107, kto przyby\u0142 na premier\u0119 twojej ksi\u0105\u017cki. <\/p>\n<p class=\"contentpart contentpart--default contentpart--text\" data-position=\"17\">Jerzy Brz\u0119czek, Jerzy Engel, Andrzej Strejlau, Janusz Zaorski, Olaf Lubaszenko, Szymon Majewski, Darek Dziekanowski, Sebastian Mila, Kazimierz W\u0119grzyn, Grzegorz Mielcarski, Tomasz K\u0142os, Piotr \u015awierczewski, Marcin \u017bew\u0142akow, Radek Majdan, W\u0142odek Szaranowicz oraz rodzina, wielu znajomych, przyjaci\u00f3\u0142. Pojawi\u0142 si\u0119 te\u017c Tomek Sygut, dyrektor TVP. Na koniec \u015bpiewa\u0142a Alicja W\u0119gorzewska.<\/p>\n<p class=\"contentpart contentpart--default contentpart--text\" data-position=\"18\">By\u0142o mi bardzo mi\u0142o. Dzi\u0119kuj\u0119 Telewizji Polskiej za wsparcie, wydawnictwu SQN za wydanie ksi\u0105\u017cki, Stadionowi Narodowemu za udost\u0119pnienie miejsca, roz\u015bwietlenie obiektu oraz wszystkim go\u015bciom za obecno\u015b\u0107. Premiera mia\u0142a rozmach, ale i klas\u0119. By\u0142em naprawd\u0119 wzruszony. <br \/>Tak\u017ce Iwona Lewandowska, mama Roberta Lewandowskiego, wr\u0119czy\u0142a ci na scenie kwiaty.<\/p>\n<p class=\"contentpart contentpart--default contentpart--text\" data-position=\"19\">Dzi\u0119kowa\u0142a, pogratulowa\u0142a, wzi\u0119\u0142a ksi\u0105\u017cki dla Roberta i Ani. To wspania\u0142a kobieta. Trzecia, przed kt\u00f3ra kl\u0119cza\u0142em w \u017cyciu, po mamie i \u017conie. W 2022 roku wr\u0119cza\u0142em jej nagrod\u0119 Wiktora dla sportowca roku, kt\u00f3r\u0105 odbiera\u0142a w imieniu Roberta. Kl\u0119kn\u0105\u0142em przed ni\u0105, by\u0142a wzruszona. Czapki z g\u0142\u00f3w za to, jak po \u015bmierci m\u0119\u017ca poprowadzi\u0142a syna. Dzi\u0119ki niej wyr\u00f3s\u0142 na tak\u0105 gwiazd\u0119. Przed rozpocz\u0119ciem premiery organizatorzy w\u0142\u0105czyli film z wydarzeniami, kt\u00f3re komentowa\u0142em i pani Iwonie bardzo przypad\u0142 do gustu gol Roberta w meczu ze S\u0142oweni\u0105 (2:1) w eliminacjach Euro 2020. Pi\u0119kna akcja, pi\u0119kny rajd, zako\u0144czony bramk\u0105.<br \/>Cho\u0107by lista go\u015bci pokazuje pewien cykl, kt\u00f3ry mia\u0142 miejsce podczas twojej kariery. Najpierw przyszli sportowcy wychowali si\u0119 na twoim komentarzu, p\u00f3\u017aniej relacjonowa\u0142e\u015b ich zmagania, a w trzecim etapie wsp\u00f3\u0142pracowali z tob\u0105 za mikrofonem.<br \/>To dodatkowa satysfakcja. Niezmiernie mi\u0142o by\u0142o mi z obecno\u015bci os\u00f3b, z kt\u00f3rymi tworzy\u0142em t\u0119 histori\u0119 &#8211; jak cho\u0107by z Sebastianem Mil\u0105, z kt\u00f3rym komentowa\u0142em niebotyczny fina\u0142 mistrzostw \u015bwiata Argentyna &#8211; Francja. Tych przyk\u0142ad\u00f3w jest jeszcze kilka, pracowa\u0142em razem z Grzegorzem Mielcarskim, Marcinem \u017bew\u0142akowem, Andrzejem Juskowiakiem, wio\u015blarzem Markiem Kolbowiczem, z kt\u00f3rym usiad\u0142em na stanowisku komentatorskim podczas igrzysk w Tokio. Albo ze Zbyszkiem Bo\u0144kiem czy W\u0142odkiem Luba\u0144skim.<\/p>\n<p>  <img decoding=\"async\" src=\"https:\/\/www.europesays.com\/pl\/wp-content\/uploads\/2025\/11\/NDgxNi5qYSUGGjhaGgpsMEVCbABcU2JmElp0SxpGeXQfVz0PGBAqKQ4WJxpBAy8nDRlgHkUSKipJCCJGRgUhNgYfK1saFyslEw08.jpeg\" alt=\"Szpakowski z nagrod\u0105 od FIFA za sw\u00f3j dwunasty mundial w karierze w roli komentatora\" width=\"770\" height=\"\" loading=\"lazy\"\/> Szpakowski z nagrod\u0105 od FIFA za sw\u00f3j dwunasty mundial w karierze w roli komentatora  <\/p>\n<p class=\"contentpart contentpart--default contentpart--text\" data-position=\"21\">Twoja c\u00f3rka Julia m\u00f3wi\u0142a, \u017ce pop\u0142aka\u0142a si\u0119 na premierze.<br \/>Starsza c\u00f3rka pracuje w bran\u017cy marketingowo-reklamowej, jest bardzo zorientowana, du\u017co mi pomog\u0142a, cho\u0107by przy projekcie ok\u0142adki, kt\u00f3r\u0105 stworzy\u0142 Pawe\u0142 Fabia\u0144ski. Na ko\u0144cu ksi\u0105\u017cki jest wywiad z \u017con\u0105 i c\u00f3rkami. To pewne uzupe\u0142nienie, dope\u0142nienie moich pi\u0119\u0107dziesi\u0119ciu lat za mikrofonem. <br \/>Ale te\u017c wspomnienie trudnych moment\u00f3w. <\/p>\n<p class=\"contentpart contentpart--default contentpart--text\" data-position=\"22\">Nie by\u0142em przy dw\u00f3ch narodzinach c\u00f3rek, mimo \u017ce bardzo chcia\u0142em. Przebywa\u0142em z reprezentacj\u0105 Polski na zgrupowaniu, innym razem komentowa\u0142em fina\u0142 Ligi Mistrz\u00f3w. Jedna z c\u00f3rek m\u00f3wi w ksi\u0105\u017cce, \u017ce z t\u0119sknoty za mn\u0105 podchodzi\u0142a do telewizora, by us\u0142ysze\u0107 m\u00f3j g\u0142os, \u017ceby by\u0107 bli\u017cej mnie. <br \/>&#8222;Chcia\u0142em zrobi\u0107 co\u015b, czego nie robi\u0142 tata ze mn\u0105 &#8211; sp\u0119dzi\u0107 z dzie\u0107mi wi\u0119cej czasu. To si\u0119 jednak nie uda\u0142o. \u017bycie zawodowe mnie poch\u0142on\u0119\u0142o&#8221; &#8211; to jeden z cytat\u00f3w z ksi\u0105\u017cki. \u017ba\u0142ujesz tego?<\/p>\n<p class=\"contentpart contentpart--default contentpart--text\" data-position=\"23\">I tak i nie. Gdybym przebywa\u0142 wi\u0119cej czasu z dzie\u0107mi, to sp\u0119dzi\u0142bym go mniej z lud\u017ami z ca\u0142ego kraju, czyli z Polakami, goszcz\u0105c w ich domach. Z jednej strony stara\u0142em si\u0119 nadrabia\u0107 ten czas, gdy by\u0142em w domu, z drugiej &#8211; je\u015bli decydujesz si\u0119 na taki zaw\u00f3d, to zawsze co\u015b jest kosztem czego\u015b. <br \/>Napisa\u0142e\u015b tak\u017ce: &#8222;\u017byjemy dzi\u015b w \u015bwiecie, w kt\u00f3rym ludzie s\u0105 gotowi ci\u0119 zlinczowa\u0107, bo si\u0119 przej\u0119zyczy\u0142e\u015b&#8221;. Masz ju\u017c do tego dystans?<\/p>\n<p class=\"contentpart contentpart--default contentpart--text\" data-position=\"24\">Nie ma dzi\u015b osoby nietykalnej. Pod pseudonimem mo\u017cna atakowa\u0107 ka\u017cdego. To jest dla mnie najbardziej przera\u017caj\u0105ce. To pseudo swoboda, pseudo wolno\u015b\u0107. Nie ma autorytet\u00f3w, wszyscy s\u0105 do szargania i szczypania. M\u0142ode pokolenie nap\u0119dza influencer\u00f3w, a co oni proponuj\u0105 m\u0142odemu pokoleniu? Maszyny si\u0119 psuj\u0105, a co dopiero ludzie.<\/p>\n<p class=\"contentpart contentpart--default contentpart--text\" data-position=\"25\">Potrafisz machn\u0105\u0107 na to r\u0119k\u0105?<\/p>\n<p class=\"contentpart contentpart--default contentpart--text\" data-position=\"26\">Wiem, \u017ce nie ma ludzi, kt\u00f3rzy nie s\u0105 atakowani. Od polityk\u00f3w, po muzyk\u00f3w, sportowc\u00f3w i os\u00f3b wykonuj\u0105cych m\u00f3j zaw\u00f3d. Je\u017celi s\u0105 to uwagi, kt\u00f3re mog\u0105 mnie rozwin\u0105\u0107 i skierowa\u0107 we w\u0142a\u015bciwym kierunku&#8230; cho\u0107 raczej takich w internecie nie znajd\u0119, bardziej w bezpo\u015brednich rozmowach. Ja te\u017c staram si\u0119 m\u0142odemu pokoleniu komentator\u00f3w przekazywa\u0107 swoje do\u015bwiadczenie.<\/p>\n<p>  <img decoding=\"async\" src=\"https:\/\/www.europesays.com\/pl\/wp-content\/uploads\/2025\/11\/NTU3NDMuYTU0UTh3Yg5sIHcJbC0kV2J2IBF0ZmJCeWQtHD0iYBIvODlWPD1jAj43MV1gNCFaPjw6RyE3YkN3ZGBWL3IuQH8xbAJ2.jpeg\" alt=\"Od lewej: aktor Olaf Lubaszenko, Dariusz Szpakowski i Przemys\u0142aw Rudzki - wsp\u00f3\u0142autor ksi\u0105\u017cki legendarnego komentatora\" width=\"770\" height=\"\" loading=\"lazy\"\/> Od lewej: aktor Olaf Lubaszenko, Dariusz Szpakowski i Przemys\u0142aw Rudzki &#8211; wsp\u00f3\u0142autor ksi\u0105\u017cki legendarnego komentatora  <\/p>\n<p class=\"contentpart contentpart--default contentpart--text\" data-position=\"28\">Opisujesz r\u00f3wnie\u017c najgorszy moment swojej kariery, gdy zosta\u0142e\u015b odsuni\u0119ty od komentowania w TVP Sport na rok i siedem miesi\u0119cy. <\/p>\n<p class=\"contentpart contentpart--default contentpart--text\" data-position=\"29\">Nigdy bym si\u0119 tego nie spodziewa\u0142. Do dzi\u015b nie bardzo wiem, za co, dlaczego mnie to spotka\u0142o. W ksi\u0105\u017cce napisa\u0142em znamienne zdanie: Jan Ciszewski mia\u0142 51 lat i umar\u0142 \u015bmierci\u0105 naturaln\u0105. Ja mia\u0142em tyle samo i umar\u0142em \u015bmierci\u0105 zawodow\u0105. Uda\u0142o mi si\u0119 jednak zmartwychwsta\u0107. Zmieni\u0142y si\u0119 czasy polityczne i wr\u00f3ci\u0142em. Nie jest \u0142atwo utrzyma\u0107 si\u0119 w instytucji, kt\u00f3ra zawsze by\u0142a mocno upolityczniona, mimo \u017ce sport jest dziedzin\u0105 niezale\u017cn\u0105. Ludzie przewa\u017cnie staraj\u0105 si\u0119 wykorzysta\u0107 swoje koneksje, mo\u017cliwo\u015bci, by ci\u0119 wygry\u017a\u0107. Takie jest niestety \u017cycie.<br \/>Pierwszy mecz po roku i siedmiu miesi\u0105cach musia\u0142 smakowa\u0107 wyj\u0105tkowo. <\/p>\n<p class=\"contentpart contentpart--default contentpart--text\" data-position=\"30\">W pami\u0119ci zapad\u0142o mi p\u00f3\u017aniejsze spotkanie, przypomnia\u0142a mi si\u0119 moja historia. W Lidze Mistrz\u00f3w Chelsea gra\u0142a z Barcelon\u0105. Gospodarze przegrali po golu Andresa Iniesty w samej ko\u0144c\u00f3wce i odpadli. Realizator pokaza\u0142 p\u0142acz\u0105cego ch\u0142opca w niebieskim stroju Chelsea. Powiedzia\u0142em wtedy: &#8222;M\u0142ody cz\u0142owieku, nie p\u0142acz. Marzenia si\u0119 spe\u0142niaj\u0105, tylko trzeba mie\u0107 cierpliwo\u015b\u0107 i w nie wierzy\u0107&#8221;. <br \/>Jakie masz dzi\u015b relacje z Januszem Basa\u0142ajem, do kt\u00f3rego masz najwi\u0119ksze pretensje o tamto odsuni\u0119cie?<\/p>\n<p class=\"contentpart contentpart--default contentpart--text\" data-position=\"31\">Nie mam ochoty opowiada\u0107 o facecie, kt\u00f3ry zrobi\u0142 mi to, co mi zrobi\u0142. Zostawmy to.  <br \/>W ksi\u0105\u017cce nie ma natomiast niczego o Marku Szkolnikowskim, by\u0142ym dyrektorze TVP Sport. Wasze relacje r\u00f3wnie\u017c nie by\u0142y kolorowe. <\/p>\n<p class=\"contentpart contentpart--default contentpart--text\" data-position=\"32\">Wsp\u00f3\u0142czesnych czas\u00f3w nie rusza\u0142em. Ponadto nie jestem m\u015bciwy, zawistny, nigdy nie szed\u0142em po swoje po trupach, a wr\u0119cz przeciwnie, dlatego nie zamierza\u0142em w tej ksi\u0105\u017cce obra\u017ca\u0107 ludzi. <br \/>Nie b\u0119d\u0119 ju\u017c chyba pyta\u0142 &#8222;kiedy koniec?&#8221;, bo odnosz\u0119 wra\u017cenie, \u017ce przesta\u0142o to mie\u0107 sens kilka lat temu.<\/p>\n<p class=\"contentpart contentpart--default contentpart--text\" data-position=\"33\">Powoli ten moment pewnie si\u0119 zbli\u017ca. Po\u017cegna\u0142em si\u0119 z komentowaniem mundiali, ale ludzie czasem mnie zaczepiaj\u0105 i m\u00f3wi\u0105: &#8222;Panie Darku, skoro Kamil Grosicki wr\u00f3ci\u0142 do reprezentacji, to czemu pan ma nie skomentowa\u0107 mistrzostw \u015bwiata?&#8221;. \u017badnej decyzji ju\u017c nie podejmuj\u0119, zrobi to za mnie organizm. Mam wi\u0119cej do stracenia, ni\u017c do zyskania, nie b\u0119d\u0119 ci\u0105gn\u0105\u0142 czego\u015b w niesko\u0144czono\u015b\u0107. <br \/>Ale ze strony TVP Sport jest zielone \u015bwiat\u0142o na tw\u00f3j komentarz podczas najbli\u017cszego mundialu w 2026 roku. <\/p>\n<p class=\"contentpart contentpart--default contentpart--text\" data-position=\"34\">Na pewno tak. Tomek Sygut i Kuba Kwiatkowski, dyrektor TVP Sport, daj\u0105 mi komfort wyboru. Nie chc\u0119 narzuca\u0107 si\u0119 telewidzom, absorbowa\u0107 swoj\u0105 osob\u0105 na si\u0142\u0119. Mam \u015bwiadomo\u015b\u0107 przemijaj\u0105cego czasu. Wiem, \u017ce na rynek wchodzi m\u0142odsze pokolenie.<\/p>\n<p>  <img decoding=\"async\" src=\"https:\/\/www.europesays.com\/pl\/wp-content\/uploads\/2025\/11\/MDQ2MjYuYiUwUDtZdg5vMHMIbwMwV2FmJBB3SHZCenQpHT4MdBIsKD1XPxN3Aj0nNVxjGjVaPSw-RiIZdkN0dGRXLA5vTXsmYAp1.jpeg\" alt=\"Ksi\u0105\u017cka Dariusza Szpakowskiego jest ju\u017c dost\u0119pna w ksi\u0119garniach stacjonarnych i internetowych\" width=\"770\" height=\"\" loading=\"lazy\"\/> Ksi\u0105\u017cka Dariusza Szpakowskiego jest ju\u017c dost\u0119pna w ksi\u0119garniach stacjonarnych i internetowych  <\/p>\n<p class=\"contentpart contentpart--default contentpart--text\" data-position=\"36\">Wyobra\u017casz sobie siebie na emeryturze?<\/p>\n<p class=\"contentpart contentpart--default contentpart--text\" data-position=\"37\">Postrzegam si\u0119 za cz\u0142owieka aktywnego, ale nie jeste\u015bmy niezniszczalni. Na pewno taki czas przyjdzie. Chodzi o wydolno\u015b\u0107, szybko\u015b\u0107 reakcji, szybko\u015b\u0107 m\u00f3wienia, zdolno\u015bci postrzegania tego, co dzieje si\u0119 na boisku. Moi nauczyciele, Bogdan Tuszy\u0144ski, Bohdan Tomaszewski, Jan Cieszewski, patrz\u0105 ju\u017c na nas z g\u00f3ry. <br \/>Znaj\u0105c twoj\u0105 energi\u0119 i ekspresj\u0119, trudno mi raczej wyobrazi\u0107 sobie ciebie w bujanym krze\u015ble przy kominku.<\/p>\n<p class=\"contentpart contentpart--default contentpart--text\" data-position=\"38\">Ha! Faktycznie, trudno o to b\u0119dzie. Oby zdrowie dopisywa\u0142o. M\u00f3j lekarz m\u00f3wi, \u017ce nie jest najgorzej, dlatego na razie nie powiem: &#8222;Dzi\u0119kuj\u0119, do widzenia, \u017cegnam&#8221;, tylko: &#8222;Do zobaczenia&#8221;.<\/p>\n<p class=\"contentpart contentpart--default contentpart--text\" data-position=\"39\">rozmawia\u0142 Mateusz Skwierawski, WP SportoweFakty<\/p>\n","protected":false},"excerpt":{"rendered":"Mateusz Skwierawski, WP SportoweFakty: Jeste\u015b za mikrofonem od blisko pi\u0119\u0107dziesi\u0119ciu lat. Co m\u00f3wi\u0142 ci 9-latek prosz\u0105c o autograf?Dariusz&hellip;\n","protected":false},"author":2,"featured_media":82589,"comment_status":"","ping_status":"","sticky":false,"template":"","format":"standard","meta":{"footnotes":""},"categories":[24],"tags":[19874,541,269,42,38,40,39,41,537,539,127,126],"class_list":{"0":"post-82588","1":"post","2":"type-post","3":"status-publish","4":"format-standard","5":"has-post-thumbnail","7":"category-sport","8":"tag-dariusz-szpakowski","9":"tag-kadra-polski","10":"tag-pilka-nozna","11":"tag-pl","12":"tag-poland","13":"tag-polish","14":"tag-polska","15":"tag-polski","16":"tag-reprezentacja-polski","17":"tag-reprezentacje","18":"tag-sport","19":"tag-sports"},"share_on_mastodon":{"url":"https:\/\/pubeurope.com\/@pl\/115486340952374346","error":""},"_links":{"self":[{"href":"https:\/\/www.europesays.com\/pl\/wp-json\/wp\/v2\/posts\/82588","targetHints":{"allow":["GET"]}}],"collection":[{"href":"https:\/\/www.europesays.com\/pl\/wp-json\/wp\/v2\/posts"}],"about":[{"href":"https:\/\/www.europesays.com\/pl\/wp-json\/wp\/v2\/types\/post"}],"author":[{"embeddable":true,"href":"https:\/\/www.europesays.com\/pl\/wp-json\/wp\/v2\/users\/2"}],"replies":[{"embeddable":true,"href":"https:\/\/www.europesays.com\/pl\/wp-json\/wp\/v2\/comments?post=82588"}],"version-history":[{"count":0,"href":"https:\/\/www.europesays.com\/pl\/wp-json\/wp\/v2\/posts\/82588\/revisions"}],"wp:featuredmedia":[{"embeddable":true,"href":"https:\/\/www.europesays.com\/pl\/wp-json\/wp\/v2\/media\/82589"}],"wp:attachment":[{"href":"https:\/\/www.europesays.com\/pl\/wp-json\/wp\/v2\/media?parent=82588"}],"wp:term":[{"taxonomy":"category","embeddable":true,"href":"https:\/\/www.europesays.com\/pl\/wp-json\/wp\/v2\/categories?post=82588"},{"taxonomy":"post_tag","embeddable":true,"href":"https:\/\/www.europesays.com\/pl\/wp-json\/wp\/v2\/tags?post=82588"}],"curies":[{"name":"wp","href":"https:\/\/api.w.org\/{rel}","templated":true}]}}