{"id":83053,"date":"2025-11-03T19:37:10","date_gmt":"2025-11-03T19:37:10","guid":{"rendered":"https:\/\/www.europesays.com\/pl\/83053\/"},"modified":"2025-11-03T19:37:10","modified_gmt":"2025-11-03T19:37:10","slug":"koncert-ku-czci-romualda-lipki-bez-budki-suflera-i-jego-zony-smutni-i-oszukani-2","status":"publish","type":"post","link":"https:\/\/www.europesays.com\/pl\/83053\/","title":{"rendered":"Koncert ku czci Romualda Lipki bez Budki Suflera i jego \u017cony. &#8222;Smutni i oszukani&#8221;"},"content":{"rendered":"<p class=\"Paragraph_desktopParagraph__U31Gm\">1 listopada, w dniu <a href=\"https:\/\/plejada.pl\/newsy\/wszystkich-swietych-na-powazkach-setki-zniczy-na-grobach-kory-i-kolaczkowskiej\/42fz7ss\" id=\"c040b23c-ff84-4814-a3ab-ed6558851dd9\" rel=\"nofollow noopener\" target=\"_blank\">Wszystkich \u015awi\u0119tych<\/a>, Polsat zaprosi\u0142 widz\u00f3w na pe\u0142en emocji wiecz\u00f3r wspomnie\u0144 o jednym z najwybitniejszych polskich kompozytor\u00f3w muzyki rozrywkowej \u2013 Romualdzie Lipce. Koncert zatytu\u0142owany &#8222;Pejza\u017c bez Ciebie \u2013 Romuald Lipko&#8221; odby\u0142 si\u0119 w Toruniu i by\u0142 ho\u0142dem dla tw\u00f3rcy niezapomnianych przeboj\u00f3w Budki Suflera oraz hit\u00f3w komponowanych dla innych artyst\u00f3w.<\/p>\n<p class=\"Paragraph_desktopParagraph__U31Gm\">Na scenie wyst\u0105pili m.in. <a href=\"https:\/\/plejada.pl\/krzysztof-cugowski-muzyk\" id=\"749c6c4f-cea5-40ab-af84-046b9997a9d4\" rel=\"nofollow noopener\" target=\"_blank\">Krzysztof Cugowski<\/a>, <a href=\"https:\/\/plejada.pl\/alicja-majewska\" id=\"4242f2cb-3105-47c0-8b30-e62c7bda716b\" rel=\"nofollow noopener\" target=\"_blank\">Alicja Majewska<\/a>, <a href=\"https:\/\/plejada.pl\/urszula-piosenkarka-urszula-beata-kasprzak\" id=\"f43c73c3-c231-4026-b9c6-7d8ed51eca71\" rel=\"nofollow noopener\" target=\"_blank\">Urszula<\/a>, <a href=\"https:\/\/plejada.pl\/izabela-trojanowska\" id=\"1b1e2688-7689-400e-8c07-6f5ce3325be3\" rel=\"nofollow noopener\" target=\"_blank\">Izabela Trojanowska<\/a>, <a href=\"https:\/\/plejada.pl\/anna-wyszkoni\" id=\"ef964114-4ec9-4b9d-ba9b-cf5579f007e0\" rel=\"nofollow noopener\" target=\"_blank\">Anna Wyszkoni<\/a>, Anna Bratek, <a href=\"https:\/\/plejada.pl\/piotr-cugowski\" id=\"c6de8254-3905-4869-b388-3f3fcbf8942a\" rel=\"nofollow noopener\" target=\"_blank\">Piotr Cugowski<\/a> i <a href=\"https:\/\/plejada.pl\/mateusz-ziolko\" id=\"9f2fd860-c2ca-48f4-bd6f-5cd9a498c496\" rel=\"nofollow noopener\" target=\"_blank\">Mateusz Zi\u00f3\u0142ko<\/a>, kt\u00f3rym towarzyszy\u0142 Zesp\u00f3\u0142 Mistrz\u00f3w z go\u015bcinnym udzia\u0142em gitarzysty Marka Radulego \u2013 dawnego muzyka <a href=\"https:\/\/plejada.pl\/budka-suflera-zespol\" id=\"69118bcf-e146-4ade-a34e-0f63d1a2b280\" rel=\"nofollow noopener\" target=\"_blank\">Budki Suflera<\/a>. Obecny by\u0142 tak\u017ce Marek Dutkiewicz, autor tekst\u00f3w do wielu hit\u00f3w grupy, w tym &#8222;Jolka, Jolka pami\u0119tasz&#8221; czy &#8222;Za ostatni grosz&#8221;. Koncert rozpocz\u0105\u0142 si\u0119 archiwalnym nagraniem g\u0142osu samego Romualda Lipki, kt\u00f3ry m\u00f3wi\u0142 o swoim spojrzeniu na muzyk\u0119:<\/p>\n<blockquote>\n<p class=\"Paragraph_desktopParagraph__U31Gm\">To, \u017ce si\u0119 urodzi\u0142em, przez Opatrzno\u015b\u0107 stworzonym takim, jakim si\u0119 urodzi\u0142em, w zwi\u0105zku z czym generuj\u0119 z siebie takie, a nie inne d\u017awi\u0119ki. Tak widz\u0119 po prostu. Talent nie oznacza, \u017ce wydasz z siebie tak pi\u0119kne i wspania\u0142e owoce niekiedy. M\u00f3wi si\u0119 &#8222;\u015bwietny kompozytor&#8221;, a mo\u017cna nie mie\u0107 tych wielkich kawa\u0142k\u00f3w, evergreen\u00f3w<\/p>\n<\/blockquote>\n<ul class=\"OchatFollowUps_wrapper__1ry7X\">\n<li class=\"OchatFollowUps_item__Dhyly OchatFollowUps_itemDesktop__R6aBv\">Kto wyst\u0105pi\u0142 na koncercie ku czci Romualda Lipki?<\/li>\n<li class=\"OchatFollowUps_item__Dhyly OchatFollowUps_itemDesktop__R6aBv\">Jakie emocje towarzyszy\u0142y wykonaniom podczas koncertu?<\/li>\n<li class=\"OchatFollowUps_item__Dhyly OchatFollowUps_itemDesktop__R6aBv\">Co powiedzia\u0142 lider Budki Suflera o nieobecno\u015bci zespo\u0142u?<\/li>\n<li class=\"OchatFollowUps_item__Dhyly OchatFollowUps_itemDesktop__R6aBv\">Jak fani skomentowali brak Budki Suflera na koncercie?<\/li>\n<\/ul>\n<p class=\"Paragraph_desktopParagraph__U31Gm\">Wiecz\u00f3r otworzy\u0142 Krzysztof Cugowski utworem &#8222;Cisza&#8221;, pochodz\u0105cym z p\u0142yty Budki Suflera z 1993 r. Publiczno\u015b\u0107 by\u0142a zachwycona, a emocje pot\u0119gowa\u0142y sol\u00f3wki Jacka Kr\u00f3lika i Roberta Kubiszyna.<\/p>\n<p class=\"Paragraph_desktopParagraph__U31Gm\">Koncert prowadzi\u0142 <a href=\"https:\/\/plejada.pl\/maciej-rock\" id=\"cdfe20b0-3750-439c-886a-ad193d790c3a\" rel=\"nofollow noopener\" target=\"_blank\">Maciej Rock<\/a>, kt\u00f3ry nazwa\u0142 Romualda Lipk\u0119 &#8222;skromnym gigantem polskiej muzyki&#8221;. W fina\u0142owym utworze, w wykonaniu Piotra Cugowskiego &#8222;Czas o\u0142owiu&#8221;, pojawi\u0142o si\u0119 symboliczne wspomnienie o wielkich, kt\u00f3rzy odeszli. W tekst refrenu wpleciono nazwiska Romualda Lipki, <a href=\"https:\/\/plejada.pl\/felicjan-andrzejczak\" id=\"e077edfd-4fb6-4fa5-98ad-533876808b92\" rel=\"nofollow noopener\" target=\"_blank\">Felicjana Andrzejczaka<\/a>, Zbigniewa Wodeckiego czy Stanis\u0142awa Soyki. W mi\u0119dzyczasie prowadz\u0105cy wypytywa\u0142 artyst\u00f3w o anegdoty zwi\u0105zane z kompozytorem.<\/p>\n<p class=\"Paragraph_desktopParagraph__U31Gm\">Mimo imponuj\u0105cej listy wykonawc\u00f3w, w\u015br\u00f3d uczestnik\u00f3w koncertu zabrak\u0142o kilkoro wa\u017cnych go\u015bci \u2013 obecnych muzyk\u00f3w Budki Suflera oraz \u017cony zmar\u0142ego artysty, <a href=\"https:\/\/plejada.pl\/newsy\/romuald-lipko-przegral-z-rakiem-bolesne-wspomnienie-zony-nie-pozegnal-sie\/wvq6s9l\" id=\"c8acf62b-1bcf-414b-9793-ede5118ead16\" rel=\"nofollow noopener\" target=\"_blank\">Doroty Lipko<\/a>. Ich nieobecno\u015b\u0107 nie przesz\u0142a bez echa. W poniedzia\u0142ek po emisji koncertu lider Budki Suflera, <a href=\"https:\/\/plejada.pl\/tomasz-zeliszewski\" id=\"5407c29a-8703-4292-a703-2534eeb3647a\" rel=\"nofollow noopener\" target=\"_blank\">Tomasz Zeliszewski<\/a>, opublikowa\u0142 w sieci poruszaj\u0105cy i gorzki wpis.<\/p>\n<p class=\"Paragraph_desktopParagraph__U31Gm\">&#8222;Pami\u0119\u0107. Cz\u0105steczki istnie\u0144 w wi\u0119kszo\u015bci ludzkich, niezwykle wa\u017cnych dla nas zdarze\u0144, stanowi\u0105cych osobisty i najdro\u017cszy skarb zapisany gdzie\u015b g\u0142\u0119boko w nas. (&#8230;) Pierwszy listopada uwalnia j\u0105 na ca\u0142y dzie\u0144&#8221;.<\/p>\n<blockquote>\n<p class=\"Paragraph_desktopParagraph__U31Gm\">Tego dnia wieczorem obejrza\u0142em w TV Polsat retransmisj\u0119 koncertu upami\u0119tniaj\u0105cego nie\u017cyj\u0105cego Romka Lipko \u2013 kompozytora, muzyka, jednego z nas. W tym przypadku jestem najbardziej subiektywnym cz\u0142owiekiem na planecie, wi\u0119c o graniu i \u015bpiewaniu nie napisz\u0119 nic. Powiem tylko, \u017ce takie koncerty s\u0105 wyj\u0105tkowe. Nie zdarzaj\u0105 si\u0119 codziennie, a ich celebracja wymaga stara\u0144, delikatno\u015bci, do\u015bwiadczenia i kultury.<\/p>\n<\/blockquote>\n<p class=\"Paragraph_desktopParagraph__U31Gm\">\u2013 zacz\u0105\u0142 obecny lider Budki Suflera.<\/p>\n<p class=\"Paragraph_desktopParagraph__U31Gm\">Dalej Tomasz Zeliszewski w mocnych s\u0142owach odni\u00f3s\u0142 si\u0119 do sposobu, w jaki zorganizowano wydarzenie:<\/p>\n<blockquote>\n<p class=\"Paragraph_desktopParagraph__U31Gm\">Kiedy koncertem oddajemy komu\u015b ho\u0142d, to nie mo\u017cemy do tego u\u017cywa\u0107 schemat\u00f3w z festiwali, biletowanych produkcyjniak\u00f3w, czy festyn\u00f3w. Pami\u0119\u0107 o wspania\u0142ym cz\u0142owieku na szcz\u0119\u015bcie jest tak silna, \u017ce nie potrzebuje neon\u00f3w, kolorowych rusztowa\u0144 i wielkiej sceny. Tu nie ma miejsca na interesy agencji, promocje i pozycjonowanie wyst\u0119puj\u0105cych artyst\u00f3w, szanta\u017c, zastraszanie, ci\u0105ganie po s\u0105dach czy blokowanie. Tak si\u0119 jednak dzieje w szo\u0142biznesie. Pami\u0119\u0107, godno\u015b\u0107 i szacunek to jest co innego. To cz\u0142owiecze\u0144stwo, kultura i dobry obyczaj<\/p>\n<\/blockquote>\n<p class=\"Paragraph_desktopParagraph__U31Gm\">Muzyk nie kry\u0142 \u017calu, \u017ce nikt z Budki Suflera ani najbli\u017csza rodzina Romualda Lipki nie zostali zaproszeni:<\/p>\n<blockquote>\n<p class=\"Paragraph_desktopParagraph__U31Gm\">Sobotniego wieczoru ludzie, kt\u00f3rzy z Romkiem trwali i walczyli o niego do samego ko\u0144ca, nie byli obecni ani na scenie, ani na widowni. Nie dlatego, \u017ce nie chcieli\u2026 Najbli\u017csza rodzina \u2013 \u017cona Dorota, syn Remigiusz, muzycy z Budki Suflera byli w swoich domach. Po raz drugi smutni i oszukani.<\/p>\n<\/blockquote>\n<p class=\"Paragraph_desktopParagraph__U31Gm\">&#8222;Ale to nic. Za kilka dni jedziemy na kolejne koncerty, gdzie b\u0119dziemy gra\u0107 muzyk\u0119 Romka Lipko. O to mnie i Mietka Jureckiego nasz przyjaciel prosi\u0142. Jak mawia\u0142, tylko te piosenki po nim zostan\u0105. Da\u0142em mu s\u0142owo. Spoczywaj w pokoju, Romciu\u2026&#8221; \u2013 zako\u0144czy\u0142 Tomasz Zeliszewski.<\/p>\n<p class=\"Paragraph_desktopParagraph__U31Gm\">Pod wpisem Tomasza Zeliszewskiego pojawi\u0142o si\u0119 mn\u00f3stwo komentarzy fan\u00f3w, kt\u00f3rzy nie kryli rozczarowania. Uto\u017csamiali si\u0119 z g\u0142osem lidera Budki Suflera, pisz\u0105c:<\/p>\n<p class=\"Paragraph_desktopParagraph__U31Gm\">&#8222;Te\u017c o tym my\u015bla\u0142am. Wyczekiwa\u0142am waszego wyj\u015bcia panowie i \u017cony na widowni. Wstyd, wstyd. Tu nie ma miejsca na \u017cadn\u0105 polityk\u0119, rozgrywki&#8221;, &#8222;Ogl\u0105da\u0142am sobotni koncert na Polsacie. W pewnym momencie pomy\u015bla\u0142am, \u017ce tam by\u0142 pan Robert \u017barczy\u0144ski (to by\u0142 Mateusz Zi\u00f3\u0142ko). Podczas ogl\u0105dania koncertu zdziwi\u0142am si\u0119 troch\u0119, \u017ce nie zaprosili zespo\u0142u&#8221;, &#8222;Bardzo trafnie napisane. Polsat zignorowa\u0142 zesp\u00f3\u0142, kt\u00f3rego pan Lipko by\u0142 cz\u0142onkiem do ostatniego swojego dnia&#8230; Wstyd&#8221;.<\/p>\n<p><img decoding=\"async\" class=\"Image_image__0tuHp \" height=\"587\" width=\"884\" src=\"https:\/\/www.europesays.com\/pl\/wp-content\/uploads\/2025\/11\/zFvk9kpTURBXy9hOGEwMzgyYWMxMmVkMjA2N2QwZjBhMzA3NjA4MDlkNi5qcGeSlQLNA6wAwsOVAgDNAkvCw94AA6EwAaExAaEzw.jpeg\" alt=\"Krzysztof Cugowski, Tomasz Zeliszewski i Romuald Lipko w 2014 r.\" loading=\"lazy\" \/>Piotr Andrzejczak \/ MW Media<\/p>\n<p>Krzysztof Cugowski, Tomasz Zeliszewski i Romuald Lipko w 2014 r.<\/p>\n<p class=\"Paragraph_desktopParagraph__U31Gm\">Dzi\u0119kujemy, \u017ce przeczyta\u0142a\u015b\/e\u015b nasz artyku\u0142 do ko\u0144ca.\u202fW serwisie Plejada.pl ka\u017cdego dnia piszemy o najwa\u017cniejszych wydarzeniach show-biznesowych.\u202fB\u0105d\u017a na bie\u017c\u0105co!\u202f<a rel=\"nofollow noopener\" href=\"https:\/\/news.google.com\/publications\/CAAiEF0PeAlb7W1llpV_mwV2rL4qFAgKIhBdD3gJW-1tZZaVf5sFdqy-?hl=pl&amp;gl=PL&amp;ceid=PL%3Apl\" id=\"4b4a033e-1c6f-448e-abb3-ac6388960768\" target=\"_blank\">Obserwuj<\/a>\u202fPlejad\u0119 w Wiadomo\u015bciach Google. Odwied\u017a nas tak\u017ce na\u202f<a rel=\"nofollow noopener\" href=\"https:\/\/www.facebook.com\/plejadapl\" id=\"33e6baf6-9f72-42cd-a3b8-7f74b59a965e\" target=\"_blank\">Facebooku<\/a>,\u202f<a rel=\"nofollow noopener\" href=\"https:\/\/www.instagram.com\/plejadapl\/\" id=\"58115e91-2c0a-4d91-9f92-e4fc1a7f7b27\" target=\"_blank\">Instagramie<\/a>,\u202f<a rel=\"nofollow noopener\" href=\"https:\/\/www.youtube.com\/c\/plejada\" id=\"d1565cc0-3c0c-420b-9379-0a7dd2b4e2e1\" target=\"_blank\">YouTubie<\/a>\u202foraz\u202f<a rel=\"nofollow noopener\" href=\"https:\/\/www.tiktok.com\/@plejada_pl\" id=\"9566fad3-07b7-4eac-b8a0-3b3ea19f73ef\" target=\"_blank\">TikToku<\/a>.<\/p>\n<p class=\"Paragraph_desktopParagraph__U31Gm\">Chcesz podzieli\u0107 si\u0119 ciekawym newsem lub zaproponowa\u0107 temat? Skontaktuj si\u0119 z nami, pisz\u0105c maila na adres:\u202f<a href=\"https:\/\/www.onet.pl\/styl-zycia\/plejada\/koncert-ku-czci-romualda-lipki-bez-budki-suflera-i-jego-zony-smutni-i-oszukani\/mailto:plejada@redakcjaonet.pl\" id=\"d918365c-a804-480e-97fa-3449ccc035f6\" rel=\"nofollow noopener\" target=\"_blank\">plejada@redakcjaonet.pl<\/a>.<\/p>\n<p><script async src=\"\/\/www.instagram.com\/embed.js\"><\/script><script async src=\"\/\/www.tiktok.com\/embed.js\"><\/script><\/p>\n","protected":false},"excerpt":{"rendered":"1 listopada, w dniu Wszystkich \u015awi\u0119tych, Polsat zaprosi\u0142 widz\u00f3w na pe\u0142en emocji wiecz\u00f3r wspomnie\u0144 o jednym z najwybitniejszych&hellip;\n","protected":false},"author":2,"featured_media":83054,"comment_status":"","ping_status":"","sticky":false,"template":"","format":"standard","meta":{"footnotes":""},"categories":[22],"tags":[3152,1149,244,122,67,5800,261,19725,53,52,68,51,55,14311,42,38,40,255,39,41,1147,123,47,65,50],"class_list":{"0":"post-83053","1":"post","2":"type-post","3":"status-publish","4":"format-standard","5":"has-post-thumbnail","7":"category-rozrywka","8":"tag-alicja_majewska","9":"tag-budka_suflera","10":"tag-ctr_tst","11":"tag-entertainment","12":"tag-intextvideo_splayer","13":"tag-krzysztof_cugowski_muzyk","14":"tag-kultura","15":"tag-mateusz_ziolko_piosenkarz","16":"tag-new_header","17":"tag-onet3","18":"tag-onet3d","19":"tag-onet3d_2i","20":"tag-phx","21":"tag-piotr_cugowski","22":"tag-pl","23":"tag-poland","24":"tag-polish","25":"tag-polsat_telewizja_stacje_firma_fundacja","26":"tag-polska","27":"tag-polski","28":"tag-romuald_lipko","29":"tag-rozrywka","30":"tag-screening_general","31":"tag-update_me","32":"tag-v2021"},"share_on_mastodon":{"url":"https:\/\/pubeurope.com\/@pl\/115487456858813846","error":""},"_links":{"self":[{"href":"https:\/\/www.europesays.com\/pl\/wp-json\/wp\/v2\/posts\/83053","targetHints":{"allow":["GET"]}}],"collection":[{"href":"https:\/\/www.europesays.com\/pl\/wp-json\/wp\/v2\/posts"}],"about":[{"href":"https:\/\/www.europesays.com\/pl\/wp-json\/wp\/v2\/types\/post"}],"author":[{"embeddable":true,"href":"https:\/\/www.europesays.com\/pl\/wp-json\/wp\/v2\/users\/2"}],"replies":[{"embeddable":true,"href":"https:\/\/www.europesays.com\/pl\/wp-json\/wp\/v2\/comments?post=83053"}],"version-history":[{"count":0,"href":"https:\/\/www.europesays.com\/pl\/wp-json\/wp\/v2\/posts\/83053\/revisions"}],"wp:featuredmedia":[{"embeddable":true,"href":"https:\/\/www.europesays.com\/pl\/wp-json\/wp\/v2\/media\/83054"}],"wp:attachment":[{"href":"https:\/\/www.europesays.com\/pl\/wp-json\/wp\/v2\/media?parent=83053"}],"wp:term":[{"taxonomy":"category","embeddable":true,"href":"https:\/\/www.europesays.com\/pl\/wp-json\/wp\/v2\/categories?post=83053"},{"taxonomy":"post_tag","embeddable":true,"href":"https:\/\/www.europesays.com\/pl\/wp-json\/wp\/v2\/tags?post=83053"}],"curies":[{"name":"wp","href":"https:\/\/api.w.org\/{rel}","templated":true}]}}