{"id":84578,"date":"2025-11-04T15:43:09","date_gmt":"2025-11-04T15:43:09","guid":{"rendered":"https:\/\/www.europesays.com\/pl\/84578\/"},"modified":"2025-11-04T15:43:09","modified_gmt":"2025-11-04T15:43:09","slug":"zle-wiesci-z-norwegii-dla-elona-muska-moze-nie-dostac-ogromnej-wyplaty-w-grze-1-bilion-dolarow","status":"publish","type":"post","link":"https:\/\/www.europesays.com\/pl\/84578\/","title":{"rendered":"Z\u0142e wie\u015bci z Norwegii dla Elona Muska. Mo\u017ce nie dosta\u0107 ogromnej wyp\u0142aty. W grze 1 bilion dolar\u00f3w"},"content":{"rendered":"<p class=\"art_paragraph\">Ju\u017c w czwartek (6 listopada) udzia\u0142owcy <a href=\"https:\/\/next.gazeta.pl\/tesla#anchorLink\" rel=\"nofollow noopener\" target=\"_blank\">Tesli<\/a> podejm\u0105 arcywa\u017cn\u0105 decyzj\u0119 dla przysz\u0142o\u015bci Elona Muska i samego koncernu motoryzacyjnego. Tego dnia zdecyduj\u0105 bowiem o\u00a0zatwierdzeniu pakietu wynagrodze\u0144. W zale\u017cno\u015bci od wynik\u00f3w jest on potencjalnie wart 1 bilion dolar\u00f3w. To prawdopodobnie najwi\u0119ksza w historii umowa wynagrodzenia dla prezes\u00f3w. Rada Nadzorcza naciska, by go zatwierdzi\u0107, bo Elon Musk mia\u0142 zapowiedzie\u0107, \u017ce je\u015bli nie zostanie przyj\u0119ty, odejdzie ze stanowiska.\u00a0<\/p>\n<p> Inwestor zdradzi\u0142, jak zag\u0142osuje. Z\u0142e wie\u015bci dla Muska<\/p>\n<p class=\"art_paragraph\">Tymczasem na kilka dni przed g\u0142osowaniem wielki norweski fundusz\u00a0Norges Bank Investment Management (NBIM) zapowiedzia\u0142, \u017ce b\u0119dzie g\u0142osowa\u0142 przeciwko temu pakietowi. &#8222;Cho\u0107 doceniamy znaczn\u0105 warto\u015b\u0107 stworzon\u0105 dzi\u0119ki wizjonerskiej roli pana Muska, jeste\u015bmy zaniepokojeni ca\u0142kowit\u0105 kwot\u0105 nagrody, jej rozwodnieniem i brakiem ograniczenia ryzyka zwi\u0105zanego z kluczowymi osobami, co jest zgodne z naszym stanowiskiem w sprawie wynagrodze\u0144 kadry kierowniczej&#8221; &#8211; poinformowano w komunikacie. Zapowiedziano jednak &#8222;konstruktywny dialog w tej sprawie&#8221;. Norweski fundusz posiada 1,14 proc. udzia\u0142\u00f3w w Tesli, wartych\u00a011,6 mld <a href=\"https:\/\/next.gazeta.pl\/dolar-amerykanski#anchorLink\" rel=\"nofollow noopener\" target=\"_blank\">dolar\u00f3w<\/a>.\u00a0<\/p>\n<p class=\"art_paragraph\">Przeciwnik\u00f3w tej umowy jest wi\u0119cej.\u00a0Take Back Tesla &#8211; koalicja zwi\u0105zk\u00f3w zawodowych i organ\u00f3w nadzoru korporacyjnego wezwa\u0142a akcjonariuszy do odrzucenia umowy. Tak\u017ce Institutional Shareholder Services i Glass Lewis, agencje doradztwa dla akcjonariuszy, zaleci\u0142y inwestorom g\u0142osowanie przeciwko pakietowi wynagrodze\u0144.\u00a0Tejal Patel, dyrektor wykonawczy powi\u0105zanej ze zwi\u0105zkami zawodowymi grupy inwestycyjnej SOC Investment Group m\u00f3wi\u0142, \u017ce to &#8222;zrzeczenie si\u0119 znacz\u0105cego g\u0142osu w firmie przez akcjonariuszy&#8221;. Elon Musk ma bowiem otrzyma\u0107 w ramach tej umowy\u00a01 proc. za ka\u017cde p\u00f3\u0142 biliona dolar\u00f3w kapitalizacji rynkowej. Tesla nazwa\u0142a te rekomendacje &#8222;bezpodstawnymi i absurdalnymi&#8221;.\u00a0<\/p>\n<p>\n    Zobacz wideo Elon Musk jest serio najgorszy [Co to b\u0119dzie odc.26]\n  <\/p>\n<p> Wa\u017cny dzie\u0144 dla Tesli<\/p>\n<p class=\"art_paragraph\">&#8222;W Tesli wolimy projektowa\u0107 wizjonerskie systemy ni\u017c ogranicza\u0107 si\u0119 do konwencjonalnych rozwi\u0105za\u0144. Nie boimy si\u0119 prze\u0142amywa\u0107 schemat\u00f3w i tworzymy rzeczy we w\u0142a\u015bciwy spos\u00f3b. Natomiast ISS i Glass Lewis oceniaj\u0105 wszystkie firmy i wszystkie propozycje, stosuj\u0105c te same, uproszczone, uniwersalne ramy. Zasadniczo nie s\u0105 w stanie oceni\u0107 firm takich jak Tesla, kt\u00f3re obieraj\u0105 w\u0142asny kurs i kwestionuj\u0105 status quo&#8221; &#8211; czytamy w komunikacie wydanym przez ameryka\u0144skiego giganta.\u00a0<\/p>\n<p class=\"art_paragraph\">Najwi\u0119ksi inwestorzy instytucjonalni sp\u00f3\u0142ki, m.in. BlackRock, Vanguard i State Street, nie ujawnili jeszcze swoich plan\u00f3w dotycz\u0105cych g\u0142osowania. Dlatego wynik wci\u0105\u017c jest nieznany. Niepewno\u015b\u0107 jest tak du\u017ca, \u017ce &#8211; wed\u0142ug <a href=\"https:\/\/wiadomosci.gazeta.pl\/wiadomosci\/0,0.html#anchorLink\" rel=\"nofollow noopener\" target=\"_blank\">informacji<\/a> Bloomberg News &#8211; Tesla ma rozwa\u017ca\u0107 wewn\u0119trznych kandydat\u00f3w na stanowisko dyrektora generalnego, je\u015bli Elon Musk odejdzie z firmy, na <a href=\"https:\/\/next.gazeta.pl\/wypadek#anchorLink\" rel=\"nofollow noopener\" target=\"_blank\">wypadek<\/a> gdyby plan nie zosta\u0142 przyj\u0119ty.\u00a0<\/p>\n<p class=\"art_paragraph\">Przeczytaj te\u017c: <a href=\"https:\/\/next.gazeta.pl\/next\/7,151243,32373890,donald-trump-stanowczy-blokuje-eksport-nvidii-do-chin-na.html\" class=\"art_link\" rel=\"dofollow noopener\" target=\"_blank\">Donald Trump stanowczy. Blokuje eksport Nvidii do Chin. &#8222;Na to si\u0119 nie zgodzimy&#8221;.<br \/>\n   <br \/><\/a><br \/>\n  <br \/>\u0179r\u00f3d\u0142a: CNBC, Reuters, Tesla [X], <a href=\"https:\/\/next.gazeta.pl\/next\/7,151243,32231866,elon-musk-dostanie-ogromna-pensje-prawie-bilion-dolarow-jest.html\" class=\"art_link\" rel=\"dofollow noopener\" target=\"_blank\">Next.gazeta.pl<\/a>, Bloomberg<\/p>\n","protected":false},"excerpt":{"rendered":"Ju\u017c w czwartek (6 listopada) udzia\u0142owcy Tesli podejm\u0105 arcywa\u017cn\u0105 decyzj\u0119 dla przysz\u0142o\u015bci Elona Muska i samego koncernu motoryzacyjnego.&hellip;\n","protected":false},"author":2,"featured_media":84579,"comment_status":"","ping_status":"","sticky":false,"template":"","format":"standard","meta":{"footnotes":""},"categories":[16],"tags":[113,112,42,38,40,39,41],"class_list":{"0":"post-84578","1":"post","2":"type-post","3":"status-publish","4":"format-standard","5":"has-post-thumbnail","7":"category-biznes","8":"tag-biznes","9":"tag-business","10":"tag-pl","11":"tag-poland","12":"tag-polish","13":"tag-polska","14":"tag-polski"},"share_on_mastodon":{"url":"","error":""},"_links":{"self":[{"href":"https:\/\/www.europesays.com\/pl\/wp-json\/wp\/v2\/posts\/84578","targetHints":{"allow":["GET"]}}],"collection":[{"href":"https:\/\/www.europesays.com\/pl\/wp-json\/wp\/v2\/posts"}],"about":[{"href":"https:\/\/www.europesays.com\/pl\/wp-json\/wp\/v2\/types\/post"}],"author":[{"embeddable":true,"href":"https:\/\/www.europesays.com\/pl\/wp-json\/wp\/v2\/users\/2"}],"replies":[{"embeddable":true,"href":"https:\/\/www.europesays.com\/pl\/wp-json\/wp\/v2\/comments?post=84578"}],"version-history":[{"count":0,"href":"https:\/\/www.europesays.com\/pl\/wp-json\/wp\/v2\/posts\/84578\/revisions"}],"wp:featuredmedia":[{"embeddable":true,"href":"https:\/\/www.europesays.com\/pl\/wp-json\/wp\/v2\/media\/84579"}],"wp:attachment":[{"href":"https:\/\/www.europesays.com\/pl\/wp-json\/wp\/v2\/media?parent=84578"}],"wp:term":[{"taxonomy":"category","embeddable":true,"href":"https:\/\/www.europesays.com\/pl\/wp-json\/wp\/v2\/categories?post=84578"},{"taxonomy":"post_tag","embeddable":true,"href":"https:\/\/www.europesays.com\/pl\/wp-json\/wp\/v2\/tags?post=84578"}],"curies":[{"name":"wp","href":"https:\/\/api.w.org\/{rel}","templated":true}]}}