{"id":85005,"date":"2025-11-04T19:48:13","date_gmt":"2025-11-04T19:48:13","guid":{"rendered":"https:\/\/www.europesays.com\/pl\/85005\/"},"modified":"2025-11-04T19:48:13","modified_gmt":"2025-11-04T19:48:13","slug":"agnieszka-kaczorowska-postawila-na-kosztowny-dodatek-w-sadzie-cena-zwala-z-nog-onet","status":"publish","type":"post","link":"https:\/\/www.europesays.com\/pl\/85005\/","title":{"rendered":"Agnieszka Kaczorowska postawi\u0142a na kosztowny dodatek w s\u0105dzie. Cena zwala z n\u00f3g &#8211; Onet"},"content":{"rendered":"<ol>\n<li><a href=\"https:\/\/news.google.com\/rss\/articles\/CBMizwFBVV95cUxQZng2WkZqaGpzbWNZaFNBcUhmSmZyLVJuOGlJRG1lQnhGRmk5YUNWb1JWVzJ3cldwUDcyVzIxTmdUYjl2dE56SGUtX3NIUmI5NTM3MlBfWHhuUVFKSW9rLUhwMFN2bk9YMDdaczhmQWVhR1kwdGRDeFNNT3duR18wclMzOWQzeGZUUTZqTENVY3c2SjlqM1o4MGM5OFdhU2lzb1pGbUZ5MGd1UHMzUUh3MEQ4SHFhbVFjVFRlQUE5VG8xclJCZkNCc00tRW5KQVk?oc=5\" target=\"_blank\" rel=\"nofollow noopener\">Agnieszka Kaczorowska postawi\u0142a na kosztowny dodatek w s\u0105dzie. Cena zwala z n\u00f3g<\/a>&nbsp;&nbsp;Onet<\/li>\n<li><a href=\"https:\/\/news.google.com\/rss\/articles\/CBMirgFBVV95cUxQSUNzRGpGdjZ1S01kR3JWb2Qzd2NTcFZVQ0NtdFVBTFZnNnJhZXpFNUNGcC1aVkQ1WERxeEFFLWVJUFdBVlhkWkJOMjN6WXJBTVpZVUxDaEVRbXZJTEJ4d2RMdXQwVFBTaXZnV0hDSGR2VEJNTG1yc2FZOU56V2MzNGM2NWdBV3loeTVXOUR4TFpISHFsc3hIRHhFZ1BPYlhVZ1VZNEllQnNYamVOdXc?oc=5\" target=\"_blank\" rel=\"nofollow noopener\">W poniedzia\u0142ek Kaczorowska si\u0119 rozwiod\u0142a, a tu ju\u017c takie wie\u015bci ws. Gur\u0142acza i \u017cony. Wszystko potwierdzone<\/a>&nbsp;&nbsp;Pomponik.pl<\/li>\n<li><a href=\"https:\/\/news.google.com\/rss\/articles\/CBMirAFBVV95cUxNNVdPcFNDU0JQNmFXNDNmdGJmXzJYR2paSk44OENtV3U0YUtOQXpnNjFSelBxYTNGN1BCTERGQ01fNVBfY2VVazlSMmRQSVBteXpBbDdzWE5HNEYyNlhib0lEd0hsaUx3MFhzY0R6NmRkRjNPQ2M2NEJoNFk1eEpqV3g0cDFYcTNXWlBsalZEME1ZRlIwcHp4dTNQclFYNzZtZ0sxNlY3M3JDaGdE?oc=5\" target=\"_blank\" rel=\"nofollow noopener\">Tak si\u0119 zachowywa\u0142a Agnieszka Kaczorowska po wyj\u015bciu z s\u0105du. Doda\u0142a nagranie<\/a>&nbsp;&nbsp;Plejada<\/li>\n<li><a href=\"https:\/\/news.google.com\/rss\/articles\/CBMiwwFBVV95cUxObHdVWmdxaDVrS3lwMUx1d19ZNDA1ZDczN3pFZFNjbnZuRU9FTVlmaDA5T1E2Y0IyOFZFalhUdmd0bTlOTWo0VlZyZUFjY1lmNTRWUGtmczRBM0hzSm8tNGE4WlYwQUZzMkdBeU5GYl9DSU44TUlnOFZKTHZnTHFYaGtFcjB5dXh1ako2ZlRJTU9qRkxxeFJ6NnY4UU9OdDBpeXl3akV1U0FQV1h5cHdoXzdpOURaM20yTkI5NHQxN1lwN2s?oc=5\" target=\"_blank\" rel=\"nofollow noopener\">Dlaczego Kaczorowska i Pela nie rozwiedli si\u0119? Komentarz s\u0105du<\/a>&nbsp;&nbsp;pudelek.pl<\/li>\n<li><a href=\"https:\/\/news.google.com\/rss\/articles\/CBMisAFBVV95cUxPWjlySnFCTGJVbmZzdnEwUFNBY2xvUVV1cFBlZEZVbjBETXBBeEtJdlBXVUNTdjc3ZUZJTGxTRUh3cS0wTGs2S0lOdmN4ZjZyS1ZRRXpqSW1JQjd0YzNpZGlWV2RVeUQ1YlZrT0EyaGJrOUpaUDBLanNhc2hzUmx0M290QTZFNlpnVktsREJNaXlLUHlHbENlYWUycHNSYl9ZcTZkYmgydGJoRFZqZVJLTg?oc=5\" target=\"_blank\" rel=\"nofollow noopener\">Kaczorowska zada\u0142a szyku na rozwodzie. Jej torebka z sieci\u00f3wki to hit jesieni. Znamy jej cen\u0119<\/a>&nbsp;&nbsp;Fakt<\/li>\n<\/ol>\n","protected":false},"excerpt":{"rendered":"Agnieszka Kaczorowska postawi\u0142a na kosztowny dodatek w s\u0105dzie. Cena zwala z n\u00f3g&nbsp;&nbsp;Onet W poniedzia\u0142ek Kaczorowska si\u0119 rozwiod\u0142a, a&hellip;\n","protected":false},"author":2,"featured_media":85006,"comment_status":"","ping_status":"","sticky":false,"template":"","format":"standard","meta":{"footnotes":""},"categories":[22],"tags":[172,122,67,922,19839,53,52,68,51,55,42,38,40,39,41,123,47,196,65,50],"class_list":{"0":"post-85005","1":"post","2":"type-post","3":"status-publish","4":"format-standard","5":"has-post-thumbnail","7":"category-rozrywka","8":"tag-agnieszka_kaczorowska","9":"tag-entertainment","10":"tag-intextvideo_splayer","11":"tag-moda_pokazy_mody_ubrania_design","12":"tag-mp_player_tst0","13":"tag-new_header","14":"tag-onet3","15":"tag-onet3d","16":"tag-onet3d_2i","17":"tag-phx","18":"tag-pl","19":"tag-poland","20":"tag-polish","21":"tag-polska","22":"tag-polski","23":"tag-rozrywka","24":"tag-screening_general","25":"tag-styl_zycia","26":"tag-update_me","27":"tag-v2021"},"share_on_mastodon":{"url":"https:\/\/pubeurope.com\/@pl\/115493162410100913","error":""},"_links":{"self":[{"href":"https:\/\/www.europesays.com\/pl\/wp-json\/wp\/v2\/posts\/85005","targetHints":{"allow":["GET"]}}],"collection":[{"href":"https:\/\/www.europesays.com\/pl\/wp-json\/wp\/v2\/posts"}],"about":[{"href":"https:\/\/www.europesays.com\/pl\/wp-json\/wp\/v2\/types\/post"}],"author":[{"embeddable":true,"href":"https:\/\/www.europesays.com\/pl\/wp-json\/wp\/v2\/users\/2"}],"replies":[{"embeddable":true,"href":"https:\/\/www.europesays.com\/pl\/wp-json\/wp\/v2\/comments?post=85005"}],"version-history":[{"count":0,"href":"https:\/\/www.europesays.com\/pl\/wp-json\/wp\/v2\/posts\/85005\/revisions"}],"wp:featuredmedia":[{"embeddable":true,"href":"https:\/\/www.europesays.com\/pl\/wp-json\/wp\/v2\/media\/85006"}],"wp:attachment":[{"href":"https:\/\/www.europesays.com\/pl\/wp-json\/wp\/v2\/media?parent=85005"}],"wp:term":[{"taxonomy":"category","embeddable":true,"href":"https:\/\/www.europesays.com\/pl\/wp-json\/wp\/v2\/categories?post=85005"},{"taxonomy":"post_tag","embeddable":true,"href":"https:\/\/www.europesays.com\/pl\/wp-json\/wp\/v2\/tags?post=85005"}],"curies":[{"name":"wp","href":"https:\/\/api.w.org\/{rel}","templated":true}]}}