{"id":85039,"date":"2025-11-04T20:06:08","date_gmt":"2025-11-04T20:06:08","guid":{"rendered":"https:\/\/www.europesays.com\/pl\/85039\/"},"modified":"2025-11-04T20:06:08","modified_gmt":"2025-11-04T20:06:08","slug":"krzysztof-brejza-odpowiada-na-zarzuty-jaroslawa-kaczynskiego-dziwie-sie","status":"publish","type":"post","link":"https:\/\/www.europesays.com\/pl\/85039\/","title":{"rendered":"Krzysztof Brejza odpowiada na zarzuty Jaros\u0142awa Kaczy\u0144skiego. &#8222;Dziwi\u0119 si\u0119&#8221;"},"content":{"rendered":"<ul class=\"UnorderedList_container__nmfSl\">\n<li class=\"UnorderedList_listElement__Py7xi\" data-id=\"ai-summary-link\">Du\u017co czytania, a ma\u0142o czasu? Sprawd\u017a\u00a0skr\u00f3t\u00a0artyku\u0142u<\/li>\n<\/ul>\n<p class=\"Paragraph_desktopParagraph__U31Gm\">Sprawa z oskar\u017cenia prywatnego europos\u0142a KO Krzysztofa Brejzy dotyczy s\u0142\u00f3w prezesa PiS podczas sejmowej komisji \u015bledczej do spraw Pegasusa z marca ubieg\u0142ego roku. Jaros\u0142aw Kaczy\u0144ski stwierdzi\u0142 w\u00f3wczas, \u017ce &#8222;znacz\u0105cy polityk formacji opozycyjnej dopuszcza si\u0119 bardzo powa\u017cnych, a przy tym odra\u017caj\u0105cych przest\u0119pstw&#8221;. <a href=\"https:\/\/wiadomosci.onet.pl\/kraj\/immunitet-jaroslawa-kaczynskiego-jest-decyzja-sejmu\/9dgvtq5\" id=\"e4028b08-ae6b-4063-bcf2-6688b3aea299\" rel=\"nofollow noopener\" target=\"_blank\">W zwi\u0105zku z oskar\u017ceniem Krzysztofa Brejzy Sejm w marcu uchyli\u0142 Jaros\u0142awowi Kaczy\u0144skiemu immunitet<\/a>.<\/p>\n<ul class=\"OchatFollowUps_wrapper__1ry7X\">\n<li class=\"OchatFollowUps_item__Dhyly OchatFollowUps_itemDesktop__R6aBv\">Jakie zarzuty postawi\u0142 Kaczy\u0144ski Brejzie?<\/li>\n<li class=\"OchatFollowUps_item__Dhyly OchatFollowUps_itemDesktop__R6aBv\">Co Brejza m\u00f3wi o sytuacji w polskim wymiarze sprawiedliwo\u015bci?<\/li>\n<li class=\"OchatFollowUps_item__Dhyly OchatFollowUps_itemDesktop__R6aBv\">Kiedy Kaczy\u0144ski z\u0142o\u017cy\u0142 wniosek o wy\u0142\u0105czenie s\u0119dziego?<\/li>\n<li class=\"OchatFollowUps_item__Dhyly OchatFollowUps_itemDesktop__R6aBv\">Jak Brejza odnosi si\u0119 do zachowania Kaczy\u0144skiego w s\u0105dzie?<\/li>\n<\/ul>\n<p class=\"Paragraph_desktopParagraph__U31Gm\">Kaczy\u0144ski pojawi\u0142 si\u0119 w s\u0105dzie i stwierdzi\u0142 m.in, \u017ce &#8222;nie widzi \u017cadnego powodu do pojednania&#8221;. Po wyj\u015bciu z rozprawy <a href=\"https:\/\/wiadomosci.onet.pl\/kraj\/jaroslaw-kaczynski-zabral-glos-po-rozprawie-oczom-nie-moglem-uwierzyc\/we1j8vv\" id=\"dff978e0-71dc-4e33-9b5f-2a9243c88618\" rel=\"nofollow noopener\" target=\"_blank\">ostro skrytykowa\u0142 r\u00f3wnie\u017c sytuacj\u0119 w polskim wymiarze sprawiedliwo\u015bci<\/a>. &#8222;Oczom nie mog\u0142em uwierzy\u0107: w s\u0119dziowskiej todze zasiada\u0142 Tomasz Tr\u0119bicki, syn dzia\u0142aczki PO&#8221; \u2014 napisa\u0142. &#8222;Macie jeszcze jakiekolwiek w\u0105tpliwo\u015bci, dlaczego tak bardzo chcieli przej\u0105\u0107 wymiar sprawiedliwo\u015bci?&#8221; \u2014 doda\u0142.<\/p>\n<p class=\"Paragraph_desktopParagraph__U31Gm\">\u2014 Nie zaskoczy\u0142o mnie to, \u017ce prezes Kaczy\u0144ski nie chce przeprosi\u0107. Ca\u0142o\u015b\u0107 tamtej operacji opiera\u0142a si\u0119 na k\u0142amstwach, \u0142garstwach. Oni si\u0119 nie mog\u0105 do tego przyzna\u0107. Po ludzku, to jest po prostu smutne. Ale to te\u017c pokazuje, jak bardzo cyniczne i pe\u0142ne hipokryzji jest to ugrupowanie. Bardzo znamienne jest, \u017ce prezes Kaczy\u0144ski odm\u00f3wi\u0142 na pytania mojej \u017cony. Pr\u00f3bowa\u0142 zas\u0142ania\u0107 si\u0119 immunitetem \u2014 komentuje w rozmowie europose\u0142 KO Krzysztof Brejza.<\/p>\n<p class=\"Paragraph_desktopParagraph__U31Gm\">Polityk KO m\u00f3wi, \u017ce rozprawa przeciwko Kaczy\u0144skiemu &#8222;jest wa\u017cna, by pokaza\u0107, \u017ce w Polsce nie ma \u015bwi\u0119tych kr\u00f3w&#8221;. \u2014 Konsekwentnie chcemy t\u0119 spraw\u0119 wyja\u015bni\u0107. To nie chodzi o nas, ja sobie poradz\u0119. Chodzi o to, by wytworzy\u0107 standardy i na\u015bwietli\u0107 jak niegodnie funkcjonowa\u0142o pa\u0144stwo w tamtym okresie. Chcemy wy\u015bwietli\u0107 to wszystko tak\u017ce z udzia\u0142em prezesa \u2014 komentuje.<\/p>\n<p class=\"Paragraph_desktopParagraph__U31Gm\">Europose\u0142 Brejza odnosi si\u0119 te\u017c kr\u00f3tko do wpisu prezesa Kaczy\u0144skiego, kt\u00f3ry o rozprawie napisa\u0142: &#8222;(&#8230;) stawi\u0142em si\u0119 dzisiaj w s\u0105dzie \u2014 cho\u0107 stawiennictwo nie by\u0142o obowi\u0105zkowe \u2014 i oczom nie mog\u0142em uwierzy\u0107: w s\u0119dziowskiej todze zasiada\u0142 Tomasz Tr\u0119bicki, syn dzia\u0142aczki PO \u2014 Zofii Tr\u0119bickiej, by\u0142ej dyrektor biura poselskiego Marcina Kierwi\u0144skiego (&#8230;)&#8221;. \u2014 Pan prezes ma przecie\u017c mo\u017cliwo\u015b\u0107 z\u0142o\u017cenia wniosku o wy\u0142\u0105czenie s\u0119dziego. Dziwi\u0119 si\u0119, \u017ce jego mecenas takiego wniosku nie z\u0142o\u017cy\u0142 \u2014 m\u00f3wi europose\u0142 Brejza.<\/p>\n<p class=\"Paragraph_desktopParagraph__U31Gm\">Wcze\u015bniej rzecznik PiS Rafa\u0142 Bochenek <a href=\"https:\/\/wiadomosci.onet.pl\/kraj\/sklad-sadu-oburzyl-jaroslawa-kaczynskiego-rzecznik-pis-zapowiada-reakcje\/5wztkpm\" id=\"760b1c2e-bb13-4fe5-afbc-87db899ce531\" rel=\"nofollow noopener\" target=\"_blank\">zapowiedzia\u0142 z\u0142o\u017cenie wniosku o wy\u0142\u0105czenie s\u0119dziego<\/a>. &#8222;W zwi\u0105zku z przes\u0142ankami uzasadniaj\u0105cymi wy\u0142\u0105czenie s\u0119dziego Tomasza Tr\u0119bickiego ze sprawy, stosowny wniosek zostanie z\u0142o\u017cony w najbli\u017cszym terminie&#8221; \u2014 o\u015bwiadczy\u0142.<\/p>\n","protected":false},"excerpt":{"rendered":"Du\u017co czytania, a ma\u0142o czasu? Sprawd\u017a\u00a0skr\u00f3t\u00a0artyku\u0142u Sprawa z oskar\u017cenia prywatnego europos\u0142a KO Krzysztofa Brejzy dotyczy s\u0142\u00f3w prezesa PiS&hellip;\n","protected":false},"author":2,"featured_media":85040,"comment_status":"","ping_status":"","sticky":false,"template":"","format":"standard","meta":{"footnotes":""},"categories":[12],"tags":[32,33,36,37,27,422,7860,34,35,19852,28,31,53,25,52,68,51,55,42,38,40,39,41,984,47,29,30,65,50,26],"class_list":{"0":"post-85039","1":"post","2":"type-post","3":"status-publish","4":"format-standard","5":"has-post-thumbnail","7":"category-polska","8":"tag-breaking-news","9":"tag-breakingnews","10":"tag-featured-news","11":"tag-featurednews","12":"tag-headlines","13":"tag-jaroslaw_kaczynski","14":"tag-krzysztof_brejza_polityk","15":"tag-latest-news","16":"tag-latestnews","17":"tag-mp_player_tst1","18":"tag-naglowki","19":"tag-najwazniejsze-artykuly","20":"tag-new_header","21":"tag-news","22":"tag-onet3","23":"tag-onet3d","24":"tag-onet3d_2i","25":"tag-phx","26":"tag-pl","27":"tag-poland","28":"tag-polish","29":"tag-polska","30":"tag-polski","31":"tag-prawo_sady_sedziowie_sedzia_sad_sadownictwo_prawnik_prawnicy_prawniczka","32":"tag-screening_general","33":"tag-top-stories","34":"tag-topstories","35":"tag-update_me","36":"tag-v2021","37":"tag-wiadomosci"},"share_on_mastodon":{"url":"","error":"Validation failed: Text character limit of 500 exceeded"},"_links":{"self":[{"href":"https:\/\/www.europesays.com\/pl\/wp-json\/wp\/v2\/posts\/85039","targetHints":{"allow":["GET"]}}],"collection":[{"href":"https:\/\/www.europesays.com\/pl\/wp-json\/wp\/v2\/posts"}],"about":[{"href":"https:\/\/www.europesays.com\/pl\/wp-json\/wp\/v2\/types\/post"}],"author":[{"embeddable":true,"href":"https:\/\/www.europesays.com\/pl\/wp-json\/wp\/v2\/users\/2"}],"replies":[{"embeddable":true,"href":"https:\/\/www.europesays.com\/pl\/wp-json\/wp\/v2\/comments?post=85039"}],"version-history":[{"count":0,"href":"https:\/\/www.europesays.com\/pl\/wp-json\/wp\/v2\/posts\/85039\/revisions"}],"wp:featuredmedia":[{"embeddable":true,"href":"https:\/\/www.europesays.com\/pl\/wp-json\/wp\/v2\/media\/85040"}],"wp:attachment":[{"href":"https:\/\/www.europesays.com\/pl\/wp-json\/wp\/v2\/media?parent=85039"}],"wp:term":[{"taxonomy":"category","embeddable":true,"href":"https:\/\/www.europesays.com\/pl\/wp-json\/wp\/v2\/categories?post=85039"},{"taxonomy":"post_tag","embeddable":true,"href":"https:\/\/www.europesays.com\/pl\/wp-json\/wp\/v2\/tags?post=85039"}],"curies":[{"name":"wp","href":"https:\/\/api.w.org\/{rel}","templated":true}]}}