{"id":85043,"date":"2025-11-04T20:08:07","date_gmt":"2025-11-04T20:08:07","guid":{"rendered":"https:\/\/www.europesays.com\/pl\/85043\/"},"modified":"2025-11-04T20:08:07","modified_gmt":"2025-11-04T20:08:07","slug":"klopotliwe-pytanie-do-roberta-lewandowskiego-tak-zareagowal-przeglad-sportowy-onet","status":"publish","type":"post","link":"https:\/\/www.europesays.com\/pl\/85043\/","title":{"rendered":"K\u0142opotliwe pytanie do Roberta Lewandowskiego. Tak zareagowa\u0142 &#8211; Przegl\u0105d Sportowy Onet"},"content":{"rendered":"<ol>\n<li><a href=\"https:\/\/news.google.com\/rss\/articles\/CBMixAFBVV95cUxNMnh1YW5paXRqalZkSGxfeDFWY1pVUjVraXZSTjJBMnpEbXFrVFdDakZvVkFzbFdGWDJad1lnbFlsd04tS0pZODkxRlcxRUxFSWVvMXlkVzlOZkJNa3Jfd2tmZ21KbnZKUkxjZk1lR0pEM0h0Q1RJcGFVYVNJYjQwVV9Yc2R6VnZVa0EyODBqUnFrWVZQaWFCREN5eF94OHNucy1RUGZMYzIwWmNtZUpRaWt5eU5BYmw3T3FNWTU1UkNqb2ot?oc=5\" target=\"_blank\" rel=\"nofollow noopener\">K\u0142opotliwe pytanie do Roberta Lewandowskiego. Tak zareagowa\u0142<\/a>&nbsp;&nbsp;Przegl\u0105d Sportowy Onet<\/li>\n<li><a href=\"https:\/\/news.google.com\/rss\/articles\/CBMivgFBVV95cUxOMHIyX2U3czNtWXgxRE8tSmg3d2hIWkI1N291d2dhdGVvcFhzNl94R21DUnBPbDNVWUhLZGc2TDMxUmEtMVQ3Q3ZOTVRmeFFvYl9xU2ZlWFZHUzRjenhSSzhXRXJtWHd1dG9iS1VpanQtSFdsUV9kTGhSMGs0WlBVY1NzR014M1VnY3ZHeDFPOHRWTWJQbV9sdWgxb29kVE9Yb0h2TTI3bUtkQlhyUkJzN1FYTzlHMkhGTjRHN3Bn?oc=5\" target=\"_blank\" rel=\"nofollow noopener\">35 mln euro za Roberta Lewandowskiego! Chc\u0105 transferu ju\u017c zim\u0105<\/a>&nbsp;&nbsp;Przegl\u0105d Sportowy Onet<\/li>\n<li><a href=\"https:\/\/news.google.com\/rss\/articles\/CBMirgFBVV95cUxNbk1xMUNaLURPQnZTaGVDOWZzdWlLV1RmZHhjM0lJdHZ6RUxDSWpCWjdKU0wwakJKcC1HajVkOEJ0ZnpSdWZEa3NTN1A4aURZaFFlZHhkSXg2d2F2ZW5iMGZKcGYxYUhMaU42WHRNMW5IR1ZDcXhSTGZzZG5pNjRsbEJ1OUhpTmd3RXNudWRodE9BdkxJRHRNZHNMM3U4Smd0N3lBY2pEODNSeG1rOHc?oc=5\" target=\"_blank\" rel=\"nofollow noopener\">Lewandowski wyszed\u0142 na konferencj\u0119 przed meczem LM i og\u0142osi\u0142 ws. przysz\u0142o\u015bci Pi\u0142ka no\u017cna<\/a>&nbsp;&nbsp;Sport.pl<\/li>\n<li><a href=\"https:\/\/news.google.com\/rss\/articles\/CBMiwAFBVV95cUxPVmxlZGdNdjk5NDY3QUpXV3FQNWltTmxiZzBFOWQzYWR2YVNrNUhuWUt3aDNUTWxxR2twcTN5NUFJbU5iZUdEM0ZuQzUwaDJuSV94NzU0em5QNDdJbkdqYUZ2ZVo5MGk0M09EZFRDZlB3aWVvcXZGOExkcUJSU2U1eTBSUVZPZU9DR19tdTdTTERhTWxHNWhxVFRRamZFalkxYnVKNUtJU18tN2F1eHU0c3JldFp4aWE1S2Z2WmVURW4?oc=5\" target=\"_blank\" rel=\"nofollow noopener\">Lewandowski i sp\u00f3\u0142ka czekaj\u0105 na decyzje, a tu przykry zwrot akcji. To mo\u017ce by\u0107 koniec<\/a>&nbsp;&nbsp;Sport w INTERIA.PL<\/li>\n<li><a href=\"https:\/\/news.google.com\/rss\/articles\/CBMiswFBVV95cUxQNzRwUFRuS3pWZUJoY0g3Z2tTQ3hPM0NqVFE2ck5UZDk5UFRBN2p2aG1mRGE5NHhHdXFEMU9VU2Y5YnotTVYwQ2hYS3A3S25TT0NYU1p6UHhaUU1EcjE5V1NRbWd0Y1ZQM2wzVVdvU0FKZ3Z6bUNIQ2xfcmRnSVVid0hqaUZXdUcyMDlCakZ5eDZvNVFjYkVuZnpwanBtT2R5YXJzdUx5TlBrU3ZBRHFDWHExQQ?oc=5\" target=\"_blank\" rel=\"nofollow noopener\">Lewandowski zapytany o przysz\u0142o\u015b\u0107 w Barcelonie. Wa\u017cne s\u0142owa Polaka<\/a>&nbsp;&nbsp;Meczyki.pl<\/li>\n<\/ol>\n","protected":false},"excerpt":{"rendered":"K\u0142opotliwe pytanie do Roberta Lewandowskiego. Tak zareagowa\u0142&nbsp;&nbsp;Przegl\u0105d Sportowy Onet 35 mln euro za Roberta Lewandowskiego! Chc\u0105 transferu ju\u017c&hellip;\n","protected":false},"author":2,"featured_media":85044,"comment_status":"","ping_status":"","sticky":false,"template":"","format":"standard","meta":{"footnotes":""},"categories":[24],"tags":[303,67,299,746,42,38,40,39,41,136,128,300,47,127,135,126,130],"class_list":{"0":"post-85043","1":"post","2":"type-post","3":"status-publish","4":"format-standard","5":"has-post-thumbnail","7":"category-sport","8":"tag-fc_barcelona","9":"tag-intextvideo_splayer","10":"tag-liga_mistrzow","11":"tag-lysy","12":"tag-pl","13":"tag-poland","14":"tag-polish","15":"tag-polska","16":"tag-polski","17":"tag-ps_detal_new","18":"tag-psv2","19":"tag-robert_lewandowski","20":"tag-screening_general","21":"tag-sport","22":"tag-sport_sport","23":"tag-sports","24":"tag-wiadomosci_sportowe"},"share_on_mastodon":{"url":"https:\/\/pubeurope.com\/@pl\/115493241212153466","error":""},"_links":{"self":[{"href":"https:\/\/www.europesays.com\/pl\/wp-json\/wp\/v2\/posts\/85043","targetHints":{"allow":["GET"]}}],"collection":[{"href":"https:\/\/www.europesays.com\/pl\/wp-json\/wp\/v2\/posts"}],"about":[{"href":"https:\/\/www.europesays.com\/pl\/wp-json\/wp\/v2\/types\/post"}],"author":[{"embeddable":true,"href":"https:\/\/www.europesays.com\/pl\/wp-json\/wp\/v2\/users\/2"}],"replies":[{"embeddable":true,"href":"https:\/\/www.europesays.com\/pl\/wp-json\/wp\/v2\/comments?post=85043"}],"version-history":[{"count":0,"href":"https:\/\/www.europesays.com\/pl\/wp-json\/wp\/v2\/posts\/85043\/revisions"}],"wp:featuredmedia":[{"embeddable":true,"href":"https:\/\/www.europesays.com\/pl\/wp-json\/wp\/v2\/media\/85044"}],"wp:attachment":[{"href":"https:\/\/www.europesays.com\/pl\/wp-json\/wp\/v2\/media?parent=85043"}],"wp:term":[{"taxonomy":"category","embeddable":true,"href":"https:\/\/www.europesays.com\/pl\/wp-json\/wp\/v2\/categories?post=85043"},{"taxonomy":"post_tag","embeddable":true,"href":"https:\/\/www.europesays.com\/pl\/wp-json\/wp\/v2\/tags?post=85043"}],"curies":[{"name":"wp","href":"https:\/\/api.w.org\/{rel}","templated":true}]}}